{"id":29280,"date":"2023-11-06T17:01:58","date_gmt":"2023-11-06T17:01:58","guid":{"rendered":"https:\/\/extraslovensko.sk\/spravy\/?p=29280"},"modified":"2023-11-06T17:01:58","modified_gmt":"2023-11-06T17:01:58","slug":"velky-slnencny-zablesk-vedci-stanovili-na-rok-2025-opravili-svoje-tvrdenia","status":"publish","type":"post","link":"https:\/\/extraslovensko.sk\/spravy\/velky-slnencny-zablesk-vedci-stanovili-na-rok-2025-opravili-svoje-tvrdenia\/","title":{"rendered":"Ve\u013ek\u00fd slnen\u010dn\u00fd z\u00e1blesk vedci stanovili na rok 2025, opravili svoje tvrdenia"},"content":{"rendered":"<p>Ve\u013ek\u00fd slnen\u010dn\u00fd z\u00e1blesk vedci stanovili na rok 2025, opravili tak svoje tvrdenia. Vedci kone\u010dne uznali, \u017ee sa predpovede slne\u010dn\u00e9ho cyklu m\u00fdlili a \u017ee sa r\u00fdchlo bl\u00ed\u017eime k v\u00fdbu\u0161n\u00e9mu vrcholu slnka. Vedci, ktor\u00ed predpovedaj\u00fa slne\u010dn\u00e9 po\u010dasie, kone\u010dne uznali, \u017ee ich predpove\u010f pre s\u00fa\u010dasn\u00fd slne\u010dn\u00fd cyklus bola \u010faleko. Teraz tvrdia, \u017ee sa r\u00fdchlo bl\u00ed\u017eime k v\u00fdbu\u0161n\u00e9mu vrcholu slne\u010dnej aktivity. Za\u010diatkom tohto roka Live Science ozn\u00e1mila, \u017ee slne\u010dn\u00e9 maximum pravdepodobne zasiahne tvrd\u0161ie a sk\u00f4r, ako sa predpokladalo.<\/p>\n<h1>Ve\u013ek\u00fd slnen\u010dn\u00fd z\u00e1blesk vedci stanovili na rok 2025, opravili svoje tvrdenia<\/h1>\n<p>Slnko je neust\u00e1le v pohybe. Zhruba ka\u017ed\u00fdch 11 rokov sa na\u0161a dom\u00e1ca hviezda pohybuje od obdobia pokoja, zn\u00e1meho ako slne\u010dn\u00e9 minimum, po vrchol slne\u010dnej aktivity zn\u00e1my ako slne\u010dn\u00e9 maximum \u2013 ke\u010f tmav\u00e9 slne\u010dn\u00e9 \u0161kvrny zakr\u00fdvaj\u00fa slnko a \u010dasto chrlia siln\u00e9 slne\u010dn\u00e9 b\u00farky. Hviezda sa potom op\u00e4\u0165 prepne sp\u00e4\u0165.<\/p>\n<p>S\u00fa\u010dasn\u00fd slne\u010dn\u00fd cyklus, Solar Cycle 25, sa ofici\u00e1lne za\u010dal za\u010diatkom roka 2019. V tom \u010dase Centrum predpovede vesm\u00edrneho po\u010dasia (SWPC) N\u00e1rodn\u00e9ho \u00faradu pre atmosf\u00e9ru a oce\u00e1n (NOAA) \u2013 expertn\u00fd panel zlo\u017een\u00fd z vedcov NOAA a NASA \u2013 predpovedal, \u017ee Solar Cyklus 25 by s najv\u00e4\u010d\u0161ou pravdepodobnos\u0165ou dosiahol vrchol niekedy v roku 2025 a bol by ohromuj\u00faci v porovnan\u00ed s priemern\u00fdmi cyklami, podobne ako jeho predchodca, sol\u00e1rny cyklus 24.<\/p>\n<p>In\u00ed sol\u00e1rni vedci si v\u0161ak \u010doskoro uvedomili, \u017ee Slnko nenasleduje predpovede SWPC. A v j\u00fani tohto roku Live Science odhalila, \u017ee slne\u010dn\u00e1 aktivita narastala r\u00fdchlej\u0161ie, ako sa o\u010dak\u00e1valo, a hovorila s nieko\u013ek\u00fdmi odborn\u00edkmi, ktor\u00ed predpovedali, <strong>\u017ee slne\u010dn\u00e9 maximum pravdepodobne pr\u00edde pred koncom roka 2024.<\/strong><\/p>\n<p>25. okt\u00f3bra SWPC kone\u010dne vydala \u201e revidovan\u00fa predpove\u010f \u201c pre sol\u00e1rny cyklus 25 a uznala, \u017ee jej po\u010diato\u010dn\u00e9 odhady \u201eu\u017e neboli dostato\u010dne spo\u013eahliv\u00e9 pre z\u00e1kazn\u00edkov SWPC\u201c, ako s\u00fa s\u00fakromn\u00e9 \u200b\u200bspolo\u010dnosti zaoberaj\u00face sa prieskumom vesm\u00edru a satelitn\u00fdmi spolo\u010dnos\u0165ami. Nov\u00e1 aktualiz\u00e1cia uv\u00e1dza, \u017ee \u201eslne\u010dn\u00e1 aktivita sa zv\u00fd\u0161i r\u00fdchlej\u0161ie a dosiahne vrchol na vy\u0161\u0161ej \u00farovni\u201c, ako sa p\u00f4vodne predpokladalo, a \u017ee slne\u010dn\u00e9 maximum pravdepodobne za\u010dne medzi janu\u00e1rom a okt\u00f3brom bud\u00faceho roka.<\/p>\n<p><img decoding=\"async\" class=\"cento\" id=\"imog2\" src=\"\/image\/g25.jpg\" alt=\"Ve\u013ek\u00fd slnen\u010dn\u00fd z\u00e1blesk vedci stanovili na rok 2025, opravili svoje tvrdenia\" \/><\/p>\n<p>Nieko\u013eko znamen\u00ed v tomto roku odhalilo, \u017ee sol\u00e1rne maximum pr\u00edde sk\u00f4r a bude akt\u00edvnej\u0161ie, ako sa o\u010dak\u00e1valo, vr\u00e1tane 20-ro\u010dn\u00e9ho vrcholu slne\u010dn\u00fdch \u0161kv\u0155n, mas\u00edvnych slne\u010dn\u00fdch erupci\u00ed triedy X , rozsiahlych zobrazen\u00ed pol\u00e1rnej \u017eiary v ni\u017e\u0161\u00edch zemepisn\u00fdch \u0161\u00edrkach a st\u00fapaj\u00facich tepl\u00f4t vo vy\u0161\u0161\u00edch vrstv\u00e1ch atmosf\u00e9ry . ako aj objavenie sa pruhov svetla, zn\u00e1mych ako airglow a zmiznutie no\u010dn\u00fdch alebo no\u010dn\u00fdch svietiacich oblakov.<\/p>\n<p>Nie je jasn\u00e9, pre\u010do boli predpovede SWPC nespr\u00e1vne alebo pre\u010do vedcom trvalo tak dlho, k\u00fdm aktualizovali svoje predpovede, napriek varovn\u00fdm sign\u00e1lom, ktor\u00e9 prich\u00e1dzaj\u00fa u\u017e roky. Napr\u00edklad v roku 2020 skupina vedcov veden\u00e1 Scottom McIntoshom, sol\u00e1rnym fyzikom a z\u00e1stupcom riadite\u013ea N\u00e1rodn\u00e9ho centra pre v\u00fdskum atmosf\u00e9ry v Colorade, pou\u017eila historick\u00e9 \u00fadaje o slne\u010dn\u00fdch \u0161kvrn\u00e1ch a magnetickom poli na predpovedanie, \u017ee slne\u010dn\u00e9 maximum bude akt\u00edvnej\u0161ie a doraz\u00ed sk\u00f4r ne\u017e sa o\u010dak\u00e1valo.<\/p>\n<p>Akt\u00edvnej\u0161\u00ed vrchol slne\u010dnej aktivity by mohol sp\u00f4sobi\u0165 poruchy na Zemi: Ak na na\u0161u plan\u00e9tu zasiahnu ve\u013ek\u00e9 slne\u010dn\u00e9 b\u00farky, m\u00f4\u017eu sp\u00f4sobi\u0165 v\u00fdpadky r\u00e1dia, po\u0161kodi\u0165 energetick\u00fa infra\u0161trukt\u00faru, o\u017eiari\u0165 cestuj\u00facich v lietadl\u00e1ch a astronautov a vyradi\u0165 satelity GPS a internetu \u2013 z ktor\u00fdch niektor\u00e9 m\u00f4\u017eu skuto\u010dne spadn\u00fa\u0165 z neba.<\/p>\n<p>Akt\u00edvnej\u0161ie sol\u00e1rne maximum preto predstavuje \u201ev\u00e4\u010d\u0161ie riziko pre tieto kritick\u00e9 technol\u00f3gie a slu\u017eby,\u201c uviedli z\u00e1stupcovia NOAA vo svojej aktualizovanej progn\u00f3ze.<\/p>\n<blockquote><p>Aby sa predi\u0161lo \u010fal\u0161\u00edm nejasnostiam po zvy\u0161ok slne\u010dn\u00e9ho cyklu 25, SWPC teraz po prv\u00fdkr\u00e1t vo svojej hist\u00f3rii prejde na flexibilnej\u0161\u00ed predpovedn\u00fd syst\u00e9m, ktor\u00fd sa bude aktualizova\u0165 na za\u010diatku ka\u017ed\u00e9ho mesiaca.<\/p><\/blockquote>\n<p>\u201eO\u010dak\u00e1vame, \u017ee na\u0161a nov\u00e1 experiment\u00e1lna predpove\u010f bude ove\u013ea presnej\u0161ia ako predpove\u010f panelu na rok 2019 a na rozdiel od predch\u00e1dzaj\u00facich predpoved\u00ed slne\u010dn\u00e9ho cyklu sa bude priebe\u017ene aktualizova\u0165 ka\u017ed\u00fd mesiac, ke\u010f bud\u00fa k dispoz\u00edcii nov\u00e9 pozorovania slne\u010dn\u00fdch \u0161kv\u0155n,\u201c Mark Miesch, sol\u00e1rny fyzik Kooperat\u00edvny in\u0161tit\u00fat pre v\u00fdskum environment\u00e1lnych vied na University of Colorado Boulder a ved\u00faci v\u00fdskumn\u00edk v SWPC, uviedol vo vyhl\u00e1sen\u00ed. &#8220;Je to dos\u0165 v\u00fdznamn\u00e1 zmena.&#8221;<\/p>\n<hr>\n<p>K tomu len prid\u00e1me, \u017ee prich\u00e1dxa najv\u00e4\u010d\u0161ia zmena pre na\u0161u ciliviz\u00e1ciu ako p\u00ed\u0161u m\u00fadre knihy o roku 2025,  niekto to pozn\u00e1 pod n\u00e1zvov Great Solar Flash. Akosi pochybujem, \u017ee sa vedci m\u00fdlili, len nesmeli s pravdou von, kv\u00f4li panike.<\/p>\n","protected":false},"excerpt":{"rendered":"<p>Ve\u013ek\u00fd slnen\u010dn\u00fd z\u00e1blesk vedci stanovili na rok 2025, opravili tak svoje tvrdenia. Vedci kone\u010dne uznali, \u017ee sa predpovede slne\u010dn\u00e9ho cyklu m\u00fdlili a \u017ee sa r\u00fdchlo bl\u00ed\u017eime k v\u00fdbu\u0161n\u00e9mu vrcholu slnka. Vedci, ktor\u00ed predpovedaj\u00fa slne\u010dn\u00e9 po\u010dasie, kone\u010dne uznali, \u017ee ich predpove\u010f pre s\u00fa\u010dasn\u00fd slne\u010dn\u00fd cyklus bola \u010faleko. Teraz tvrdia, \u017ee sa r\u00fdchlo bl\u00ed\u017eime k v\u00fdbu\u0161n\u00e9mu vrcholu [&hellip;]<\/p>\n","protected":false},"author":1,"featured_media":0,"comment_status":"closed","ping_status":"open","sticky":false,"template":"","format":"standard","meta":{"footnotes":""},"categories":[5],"tags":[],"class_list":["post-29280","post","type-post","status-publish","format-standard","hentry","category-exo-news"],"_links":{"self":[{"href":"https:\/\/extraslovensko.sk\/spravy\/wp-json\/wp\/v2\/posts\/29280","targetHints":{"allow":["GET"]}}],"collection":[{"href":"https:\/\/extraslovensko.sk\/spravy\/wp-json\/wp\/v2\/posts"}],"about":[{"href":"https:\/\/extraslovensko.sk\/spravy\/wp-json\/wp\/v2\/types\/post"}],"author":[{"embeddable":true,"href":"https:\/\/extraslovensko.sk\/spravy\/wp-json\/wp\/v2\/users\/1"}],"replies":[{"embeddable":true,"href":"https:\/\/extraslovensko.sk\/spravy\/wp-json\/wp\/v2\/comments?post=29280"}],"version-history":[{"count":0,"href":"https:\/\/extraslovensko.sk\/spravy\/wp-json\/wp\/v2\/posts\/29280\/revisions"}],"wp:attachment":[{"href":"https:\/\/extraslovensko.sk\/spravy\/wp-json\/wp\/v2\/media?parent=29280"}],"wp:term":[{"taxonomy":"category","embeddable":true,"href":"https:\/\/extraslovensko.sk\/spravy\/wp-json\/wp\/v2\/categories?post=29280"},{"taxonomy":"post_tag","embeddable":true,"href":"https:\/\/extraslovensko.sk\/spravy\/wp-json\/wp\/v2\/tags?post=29280"}],"curies":[{"name":"wp","href":"https:\/\/api.w.org\/{rel}","templated":true}]}}