{"id":29371,"date":"2023-11-22T15:51:23","date_gmt":"2023-11-22T15:51:23","guid":{"rendered":"https:\/\/extraslovensko.sk\/spravy\/?p=29371"},"modified":"2023-11-22T15:51:23","modified_gmt":"2023-11-22T15:51:23","slug":"v-orbanovom-madarsku-nema-loz-nic-originalne-iba-soros-dookola-a-naveky","status":"publish","type":"post","link":"https:\/\/extraslovensko.sk\/spravy\/v-orbanovom-madarsku-nema-loz-nic-originalne-iba-soros-dookola-a-naveky\/","title":{"rendered":"V Orb\u00e1novom  Ma\u010farsku nem\u00e1 lo\u017e ni\u010d origin\u00e1lne, iba \u0161oro\u0161 dookola a naveky"},"content":{"rendered":"<p>V dne\u0161nom Orb\u00e1novom  Ma\u010farsku nem\u00e1 lo\u017e ni\u010d origin\u00e1lne, iba \u0161oro\u0161 dookola a naveky. Je to viera v nad\u013eudsk\u00e9 sily, ktor\u00fa dnes okrem in\u00e9ho podporuje rusk\u00e1 vl\u00e1da. George Soros, ma\u010farsk\u00fd \u017eidovsk\u00fd miliard\u00e1r, ktor\u00fd \u00fadajne pl\u00e1nuje zni\u010denie Ma\u010farska z\u00e1mern\u00fdm dovozom migrantov. T\u00e1to te\u00f3ria, podobne ako mnoh\u00e9 kon\u0161pira\u010dn\u00e9 te\u00f3rie, ktor\u00e9 sa uchytili, je zalo\u017een\u00e1 na zrnku pravdy: Soros raz navrhol, \u017ee bohat\u00e1 Eur\u00f3pa by mohla urobi\u0165 humanit\u00e1rne gesto a prija\u0165 v\u00e4\u010d\u0161\u00ed po\u010det S\u00fdr\u010danov, aby pomohla chudobnej\u0161\u00edm n\u00e1rodom. <\/p>\n<h1>V Orb\u00e1novom  Ma\u010farsku nem\u00e1 lo\u017e ni\u010d origin\u00e1lne, iba \u0161oro\u0161 dookola a naveky<\/h1>\n<p>Bl\u00edzky v\u00fdchod \u010deli\u0165 ute\u010deneckej kr\u00edze. Ale v Ma\u010farsku a na nespo\u010detn\u00fdch eur\u00f3pskych a americk\u00fdch krajne pravicov\u00fdch, bielych rasistick\u00fdch a \u201eidentit\u00e1rskych\u201c webov\u00fdch str\u00e1nkach ide propaganda ove\u013ea \u010falej: nazna\u010duje, \u017ee Soros je hlavn\u00fdm podnecovate\u013eom z\u00e1mern\u00e9ho \u017eidovsk\u00e9ho sprisahania s cie\u013eom nahradi\u0165 kres\u0165ansk\u00fdch Eur\u00f3panov  najm\u00e4 Ma\u010farov \u2013 moslimami tmavej pleti. <\/p>\n<p>Tieto hnutia nevn\u00edmaj\u00fa migrantov len ako ekonomick\u00fa z\u00e1\u0165a\u017e \u010di dokonca teroristick\u00fa hrozbu, ale sk\u00f4r ako existen\u010dn\u00fa v\u00fdzvu pre n\u00e1rod samotn\u00fd. Ma\u010farsk\u00e1 vl\u00e1da pri nieko\u013ek\u00fdch pr\u00edle\u017eitostiach vytla\u010dila Sorosovu tv\u00e1r na plag\u00e1ty a let\u00e1ky, ako aj na podlahy vag\u00f3nov metra v n\u00e1deji, \u017ee vystra\u0161\u00ed Ma\u010farov, aby podporili svojich vl\u00e1dcov.<\/p>\n<p>Podobne Kaczynkeho Po\u013esko prinajmen\u0161om klame. Je to smolensk\u00e1 kon\u0161pira\u010dn\u00e1 te\u00f3ria, ktorou je posadnut\u00e1 Anita Gargasov\u00e1 a mnoh\u00ed \u010fal\u0161\u00ed: viera, \u017ee nesl\u00e1vne zn\u00e1me sprisahanie zvrhlo prezidentovo lietadlo v apr\u00edli 2010. Tento pr\u00edbeh m\u00e1 v Po\u013esku zvl\u00e1\u0161tnu silu, preto\u017ee nehoda mala znepokojuj\u00face historick\u00e9 ozveny. <\/p>\n<p>Zosnul\u00fd prezident Lech Kaczynski mal prejav na udalosti pripom\u00ednaj\u00facej Katynsk\u00fd masaker, s\u00e9riu masov\u00fdch vr\u00e1\u017ed vykonan\u00fdch v roku 1940, ke\u010f Stalin nariadil zabi\u0165 viac ako dvadsa\u0165jeden tis\u00edc po\u013esk\u00fdch d\u00f4stojn\u00edkov, \u010do predstavovalo \u00famyseln\u00fd \u00fatok na vtedaj\u0161iu krajinu. bola elita krajiny. V lietadle cestovali aj desiatky vysok\u00fdch vojensk\u00fdch a politick\u00fdch predstavite\u013eov.  <\/p>\n<p>Napriek tomu nebolo cesty sp\u00e4\u0165, ani najmen\u0161ie uznanie, \u017ee neust\u00e1le bubnovanie do bubnov nen\u00e1visti by mohlo podnieti\u0165 \u010fal\u0161iu vra\u017edu. Re\u0165az sa ani nesna\u017e\u00ed vzbudzova\u0165 dojem f\u00e9rovosti; Nezamestn\u00e1va neutr\u00e1lnych koment\u00e1torov, z\u010faleka nie, dokonca oslavuje vlastn\u00fa schopnos\u0165 manipulova\u0165 realitu. <\/p>\n<p>V roku 2018 sie\u0165 odvysielala video z tla\u010dovej konferencie, na ktorej sa vtedaj\u0161ieho l\u00eddra opozi\u010dnej strany Grzegorza Schetynu p\u00fdtali, ak\u00e9 \u00faspechy jeho strana dosiahla po\u010das \u00f4smich rokov vo vl\u00e1de, od roku 2007 do roku 2015. Vo videu je Schetyna pauza a zamra\u010denie; potom sa obraz spomal\u00ed a tam skon\u010d\u00ed. Akoby som nemal \u010do poveda\u0165.<\/p>\n<p>Schetyna v skuto\u010dnosti nieko\u013eko min\u00fat hovoril o ve\u013ek\u00fdch projektoch v\u00fdstavby ciest, ktor\u00e9 sa uskuto\u010dnili, invest\u00edci\u00e1ch uskuto\u010dnen\u00fdch vo vidieckych oblastiach a pokrokoch v zahrani\u010dnej politike. Ale toto zmanipulovan\u00e9 video \u2013 len jeden pr\u00edklad z mnoh\u00fdch in\u00fdch \u2013 bolo pova\u017eovan\u00e9 za tak\u00e9 \u00faspe\u0161n\u00e9, \u017ee nieko\u013eko dn\u00ed zostalo pripnut\u00e9 v hlavi\u010dke \u00fa\u010dtu na Twitteri Telewizja Polska. <\/p>\n<p>Za vl\u00e1dy Z\u00e1kona a spravodlivosti sa verejnopr\u00e1vna telev\u00edzia neobmedzuje len na v\u00fdrobu propagandy pre re\u017eim, ale d\u00e1va aj ve\u013emi jasne najavo, \u017ee to rob\u00ed. Nielen\u017ee prekr\u00faca a skres\u013euje inform\u00e1cie, ale tie\u017e sa p\u00fd\u0161i klamstvom.<\/p>\n<p>Jacek Kurski to\u013ek\u00e9 roky zbaven\u00fd re\u0161pektu, sa mu to napokon vypomstilo. Dokonca aj po tom, \u010do ofici\u00e1lne opustil poz\u00edciu telev\u00edzneho riadite\u013ea \u2013 dokonca aj pre niektor\u00fdch \u010dlenov svojej vlastnej strany za\u010d\u00ednal prekra\u010dova\u0165 hranice \u2013 st\u00e1le zast\u00e1va presne to miesto, o ktorom si mysl\u00ed, \u017ee by mal zauja\u0165: stred pozornosti, miesto radik\u00e1la, ktor\u00fd h\u00e1d\u017ee do davu Molotovove koktaily. <\/p>\n<p>Ich frustr\u00e1cia, zroden\u00e1 z ich neschopnosti napredova\u0165 v politickom syst\u00e9me, ktor\u00fd uprednost\u0148oval racionalitu a s\u00fa\u0165a\u017eivos\u0165, je minulos\u0165ou. Neliber\u00e1lny \u0161t\u00e1t jednej strany sa k tomu dokonale hod\u00ed: \u010d\u00edm nepr\u00edjemnej\u0161\u00ed bude syst\u00e9m, t\u00fdm v\u00e4\u010d\u0161\u00ed strach bude vzbudzova\u0165 a t\u00fdm v\u00e4\u010d\u0161iu moc bude ma\u0165. Komunizmus u\u017e neexistuje ako nepriate\u013e, ktor\u00e9ho treba porazi\u0165. Daj\u00fa sa v\u0161ak n\u00e1js\u0165 nov\u00ed nepriatelia. Jeho v\u00ed\u0165azstvo nad nimi ho urob\u00ed e\u0161te v\u00e4\u010d\u0161\u00edm.<\/p>\n<p>Od Orwella po Koestlera boli eur\u00f3pski spisovatelia 20. storo\u010dia posadnut\u00ed my\u0161lienkou ve\u013ekej l\u017ei, ktor\u00fa reprezentovali rozsiahle ideologick\u00e9 kon\u0161trukcie komunizmu a fa\u0161izmu. Znaky po\u017eaduj\u00face lojalitu k strane alebo vodcovi, hned\u00e9 ko\u0161ele a \u010dierne ko\u0161ele pochoduj\u00face vo form\u00e1cii, pochodov\u00e9 pochody, teroristick\u00e1 pol\u00edcia.<\/p>\n<p>V\u0161etky tieto vyn\u00faten\u00e9 demon\u0161tr\u00e1cie podpory ve\u013ek\u00fdch klamstiev boli tak\u00e9 absurdn\u00e9 a ne\u013eudsk\u00e9, \u017ee dlhotrvaj\u00face n\u00e1silie na ich uvalenie a hrozba uveden\u00e9ho n\u00e1silia na ich udr\u017eanie. Po\u017eadovali rovnako vyn\u00faten\u00e9 vzdelanie, absol\u00fatnu kontrolu nad celou kult\u00farou a spolitizovanie \u017eurnalistiky, \u0161portu, literat\u00fary a umenia.<\/p>\n<p>Polarizuj\u00face politick\u00e9 hnutia v Eur\u00f3pe 21. storo\u010dia si, naopak, od svojich nasledovn\u00edkov \u017eiadaj\u00fa ove\u013ea menej. Neobhajuj\u00fa ideol\u00f3giu ako tak\u00fa, a preto nepotrebuj\u00fa explicitn\u00fa n\u00e1siln\u00fa alebo teroristick\u00fa pol\u00edciu. Chc\u00fa, aby ich duchovn\u00ed br\u00e1nili, ale nen\u00fatia ich hl\u00e1sa\u0165, \u017ee \u010dierna je biela, vojna je mier a \u0161t\u00e1tnym farm\u00e1m sa podarilo zv\u00fd\u0161i\u0165 pl\u00e1novan\u00fa produkciu o tis\u00edc percent. <\/p>\n<p>V\u00e4\u010d\u0161ina z nich nevysiela propagandu, ktor\u00e1 je v rozpore s ka\u017edodennou realitou. A predsa v\u0161etky z\u00e1visia, ak nie od ve\u013ekej l\u017ei, tak aspo\u0148 od toho, \u010do raz historik Timothy Snyder povedal, \u017ee by sa malo naz\u00fdva\u0165 \u201eStredn\u00e1 lo\u017e\u201c. <\/p>\n<p>In\u00fdmi slovami: v\u0161etci povzbudzuj\u00fa svojich nasledovn\u00edkov, aby sa aspo\u0148 na \u010das\u0165 \u010dasu zapojili do alternat\u00edvnej reality. Niekedy sa t\u00e1to realita vyvinula spont\u00e1nne, hoci \u010dastej\u0161ie bola starostlivo formulovan\u00e1 pomocou modern\u00fdch marketingov\u00fdch techn\u00edk, segment\u00e1cie publika a kampan\u00ed na soci\u00e1lnych sie\u0165ach.<\/p>\n<p>Netreba dod\u00e1va\u0165, \u017ee Ameri\u010dania s\u00fa u\u017e obozn\u00e1men\u00ed so sp\u00f4sobmi, ak\u00fdmi m\u00f4\u017ee lo\u017e zv\u00fd\u0161i\u0165 polariz\u00e1ciu a rozd\u00facha\u0165 xenof\u00f3biu: d\u00e1vno predt\u00fdm, ako sa Donald Trump uch\u00e1dzal o prezidentsk\u00fd \u00farad, vst\u00fapil do politiky a propagoval to, \u010do sa za\u010dalo naz\u00fdva\u0165 p\u00f4rodn\u00edctvo, teda falo\u0161n\u00fd predpoklad, \u017ee prezident Barack Obama sa nenarodil v Spojen\u00fdch \u0161t\u00e1toch, \u010do bola kon\u0161pira\u010dn\u00e1 te\u00f3ria, ktorej sila bola v tom \u010dase v\u00e1\u017ene podce\u0148ovan\u00e1. <\/p>\n<p>Ale prinajmen\u0161om v dvoch eur\u00f3pskych krajin\u00e1ch, Po\u013esku a Ma\u010farsku, dnes m\u00e1me pr\u00edklady toho, \u010do sa stane, ke\u010f Stredn\u00fa lo\u017e \u2013 kon\u0161pira\u010dn\u00fa te\u00f3riu \u2013 propaguje najprv politick\u00e1 strana ako \u00fastredn\u00e1 platforma svojej volebnej kampane a potom vl\u00e1dnuca strana. so v\u0161etkou silou modern\u00e9ho centralizovan\u00e9ho \u0161t\u00e1tneho apar\u00e1tu.<\/p>\n","protected":false},"excerpt":{"rendered":"<p>V dne\u0161nom Orb\u00e1novom Ma\u010farsku nem\u00e1 lo\u017e ni\u010d origin\u00e1lne, iba \u0161oro\u0161 dookola a naveky. Je to viera v nad\u013eudsk\u00e9 sily, ktor\u00fa dnes okrem in\u00e9ho podporuje rusk\u00e1 vl\u00e1da. George Soros, ma\u010farsk\u00fd \u017eidovsk\u00fd miliard\u00e1r, ktor\u00fd \u00fadajne pl\u00e1nuje zni\u010denie Ma\u010farska z\u00e1mern\u00fdm dovozom migrantov. T\u00e1to te\u00f3ria, podobne ako mnoh\u00e9 kon\u0161pira\u010dn\u00e9 te\u00f3rie, ktor\u00e9 sa uchytili, je zalo\u017een\u00e1 na zrnku pravdy: Soros [&hellip;]<\/p>\n","protected":false},"author":1,"featured_media":0,"comment_status":"closed","ping_status":"open","sticky":false,"template":"","format":"standard","meta":{"footnotes":""},"categories":[7],"tags":[],"class_list":["post-29371","post","type-post","status-publish","format-standard","hentry","category-knihy"],"_links":{"self":[{"href":"https:\/\/extraslovensko.sk\/spravy\/wp-json\/wp\/v2\/posts\/29371","targetHints":{"allow":["GET"]}}],"collection":[{"href":"https:\/\/extraslovensko.sk\/spravy\/wp-json\/wp\/v2\/posts"}],"about":[{"href":"https:\/\/extraslovensko.sk\/spravy\/wp-json\/wp\/v2\/types\/post"}],"author":[{"embeddable":true,"href":"https:\/\/extraslovensko.sk\/spravy\/wp-json\/wp\/v2\/users\/1"}],"replies":[{"embeddable":true,"href":"https:\/\/extraslovensko.sk\/spravy\/wp-json\/wp\/v2\/comments?post=29371"}],"version-history":[{"count":1,"href":"https:\/\/extraslovensko.sk\/spravy\/wp-json\/wp\/v2\/posts\/29371\/revisions"}],"predecessor-version":[{"id":29372,"href":"https:\/\/extraslovensko.sk\/spravy\/wp-json\/wp\/v2\/posts\/29371\/revisions\/29372"}],"wp:attachment":[{"href":"https:\/\/extraslovensko.sk\/spravy\/wp-json\/wp\/v2\/media?parent=29371"}],"wp:term":[{"taxonomy":"category","embeddable":true,"href":"https:\/\/extraslovensko.sk\/spravy\/wp-json\/wp\/v2\/categories?post=29371"},{"taxonomy":"post_tag","embeddable":true,"href":"https:\/\/extraslovensko.sk\/spravy\/wp-json\/wp\/v2\/tags?post=29371"}],"curies":[{"name":"wp","href":"https:\/\/api.w.org\/{rel}","templated":true}]}}