{"id":29373,"date":"2023-11-22T16:11:24","date_gmt":"2023-11-22T16:11:24","guid":{"rendered":"https:\/\/extraslovensko.sk\/spravy\/?p=29373"},"modified":"2023-11-22T16:36:35","modified_gmt":"2023-11-22T16:36:35","slug":"polska-kaczynskeho-smolenska-konspiracna-teoria-ako-sa-vyvijala-a-preco","status":"publish","type":"post","link":"https:\/\/extraslovensko.sk\/spravy\/polska-kaczynskeho-smolenska-konspiracna-teoria-ako-sa-vyvijala-a-preco\/","title":{"rendered":"Po\u013esk\u00e1 Kaczynsk\u00e9ho smolensk\u00e1 kon\u0161pira\u010dn\u00e1 te\u00f3ria, ako sa vyv\u00edjala a pre\u010do"},"content":{"rendered":"<p>Po\u013esk\u00e1 Kaczynsk\u00e9ho smolensk\u00e1 kon\u0161pira\u010dn\u00e1 te\u00f3ria politickej strany Pr\u00e1vo a spravodlivos\u0165. Nehoda vyvolala ve\u013ek\u00fa vlnu em\u00f3ci\u00ed. Krajina bola ponoren\u00e1 do akejsi hyst\u00e9rie, nie\u010doho podobn\u00e9ho \u0161ialenstvu, ktor\u00e9 zachv\u00e1tilo Spojen\u00e9 \u0161t\u00e1ty po 11. septembri. Telev\u00edzne moder\u00e1torky mali na znak sm\u00fatku \u010dierne kravaty. Men\u0161i ur\u00fdvok a knihy: M\u00f4j man\u017eel \/Aplleaum\/, ktor\u00fd odmietol pozvanie sprev\u00e1dza\u0165 prezidenta na tejto ceste, chodil ka\u017ed\u00fa noc na letisko, aby st\u00e1l v pozore na znak \u00facty, k\u00fdm sa rakvy priniesli domov.<\/p>\n<h1>Po\u013esk\u00e1 Kaczynsk\u00e9ho leteck\u00e1 smolensk\u00e1 kon\u0161pira\u010dn\u00e1 te\u00f3ria, ako sa vyv\u00edjala a pre\u010do<\/h1>\n<p>Spo\u010diatku sa zdalo, \u017ee trag\u00e9dia \u013eud\u00ed sp\u00e1jala; V lietadle predsa cestovali politici v\u0161etk\u00fdch ve\u013ek\u00fdch str\u00e1n. Pohreby sa konali po celej krajine. Dokonca aj Vladimir Putin, vtedaj\u0161\u00ed rusk\u00fd premi\u00e9r, sa zdal dojat\u00fd. V t\u00fa noc, ke\u010f do\u0161lo k nehode, odi\u0161iel do Smolenska na stretnutie s Tuskom, vtedaj\u0161\u00edm po\u013esk\u00fdm premi\u00e9rom. <\/p>\n<p>Nasleduj\u00faci de\u0148 jeden z telev\u00edznych kan\u00e1lov s najv\u00e4\u010d\u0161\u00edm po\u010dtom div\u00e1kov v Rusku odvysielal Katy\u0148, emot\u00edvny po\u013esk\u00fd film s v\u00fdrazn\u00fdm protisovietskym charakterom v r\u00e9\u017eii Andrzeja Wajdu, najv\u00e4\u010d\u0161ieho po\u013esk\u00e9ho film\u00e1ra. Nikdy predt\u00fdm ani potom sa v Rusku ni\u010d podobn\u00e9 alebo v takom ve\u013ekom rozsahu nevysielalo. Na zbl\u00ed\u017eenie Poliakov by ale nakoniec nehoda neposl\u00fa\u017eila ani vy\u0161etrovanie jej pr\u00ed\u010din.<\/p>\n<p>V ten ist\u00fd de\u0148 u\u017e boli na mieste t\u00edmy po\u013esk\u00fdch expertov. Urobili v\u0161etko mo\u017en\u00e9, aby identifikovali tel\u00e1; Presk\u00famali pozostatky a ke\u010f sa na\u0161la \u010dierna skrinka, za\u010dali prepisova\u0165 p\u00e1sku z kokpitu. Pravda, ke\u010f sa za\u010dala odha\u013eova\u0165, neute\u0161ila Pr\u00e1vo a spravodlivos\u0165 ani jej vodcu, dvoj\u010da zosnul\u00e9ho prezidenta. Lietadlo vzlietlo neskoro; Prezident sa zrejme s prist\u00e1t\u00edm pon\u00e1h\u013eal, ke\u010f\u017ee cestu chcel vyu\u017ei\u0165 na od\u0161tartovanie kampane za znovuzvolenie. <\/p>\n<p>Mo\u017eno bol ve\u010der predt\u00fdm dlho hore a pil. Ke\u010f piloti za\u010dali pribli\u017eovac\u00ed man\u00e9ver, dozvedeli sa, \u017ee v Smolensku, ktor\u00fd nemal samotn\u00e9 letisko, ale len prist\u00e1vaciu dr\u00e1hu uprostred lesa, je hust\u00e1 hmla. Uva\u017eovali o odklonen\u00ed lietadla, \u010do by znamenalo nieko\u013ekohodinov\u00fa cestu na miesto obradu.<\/p>\n<p>Po tom, \u010do prezident kr\u00e1tko telefonoval so svoj\u00edm bratom, jeho poradcovia \u00fadajne tla\u010dili na pilotov, aby prist\u00e1li. Niektor\u00ed z poradcov v rozpore s protokolom opakovane vstupovali a vystupovali z kab\u00edny po\u010das letu. \u0160\u00e9f letectva si tie\u017e poru\u0161il protokol a \u0161iel si sadn\u00fa\u0165 k pilotom. \u201eZmiescisz sie smia\u0142o\u201c: \u201eZvl\u00e1dnete to, bu\u010fte stato\u010dn\u00ed,\u201c povedal im. <\/p>\n<p>O nieko\u013eko sek\u00fand nesk\u00f4r lietadlo narazilo do vrcholkov nieko\u013ek\u00fdch brezov\u00fdch stromov, oto\u010dilo sa a zr\u00fatilo sa.<\/p>\n<p>Zd\u00e1 sa, \u017ee Jaros\u0142aw Kaczynski sa najsk\u00f4r domnieval, \u017ee nehodu sp\u00f4sobila porucha. \u201eJe to va\u0161a chyba a bulv\u00e1r.\u201c T\u00fdm vlastne myslel, \u017ee je to chyba vl\u00e1dy, ktor\u00e1, zastra\u0161en\u00e1 senz\u00e1ciechtivou \u017eurnalistikou, odmietla z\u00edska\u0165 nov\u00e9 lietadl\u00e1. Ale ako vy\u0161etrovanie postupovalo, zistil, \u017ee v\u00fdsledky neboli pod\u013ea jeho predst\u00e1v: s lietadlom nebolo ni\u010d v poriadku.<\/p>\n<p>Mo\u017eno ako mnoho \u013eud\u00ed, ktor\u00ed sa spoliehaj\u00fa na kon\u0161pira\u010dn\u00e9 te\u00f3rie, aby dali zmysel n\u00e1hodn\u00fdm trag\u00e9di\u00e1m, Kaczynski jednoducho nemohol akceptova\u0165, \u017ee jeho milovan\u00fd brat zomrel bez d\u00f4vodu; Alebo mo\u017eno nemohol prija\u0165 e\u0161te \u0165a\u017e\u0161\u00ed fakt, \u017ee d\u00f4kazy nazna\u010dovali, \u017ee prezident a jeho t\u00edm, mo\u017eno in\u0161pirovan\u00ed t\u00fdmto telefon\u00e1tom, prin\u00fatili pilotov prist\u00e1\u0165, \u010d\u00edm spustili sled udalost\u00ed, ktor\u00e9 viedli k nehode.<\/p>\n<p>Mo\u017eno sa c\u00edtil vinn\u00fd \u2013 v\u00fdlet bol jeho n\u00e1pad \u2013 alebo \u013eutoval. Alebo si mo\u017eno ako Donald Trump uvedomil, \u017ee kon\u0161pira\u010dn\u00e1 te\u00f3ria by mu mohla pom\u00f4c\u0165 dosta\u0165 sa k moci.<\/p>\n<p>Rovnako ako Trump pou\u017eil hoax o Obamovom rodisku na podnietenie podozren\u00ed establi\u0161mentu e\u0161te predt\u00fdm, ako bol kandid\u00e1tom, Kaczynski vyu\u017eil trag\u00e9diu v Smolensku na mobiliz\u00e1ciu svojich st\u00fapencov, n\u00e1bor nov\u00fdch pr\u00edvr\u017eencov z krajnej pravice a presved\u010dil ich, \u017ee by mali never\u00ed vl\u00e1de ani m\u00e9di\u00e1m. <\/p>\n<p>Ob\u010das nazna\u010dil, \u017ee rusk\u00e1 vl\u00e1da zostrelila lietadlo. Inokedy obvinil zo smrti svojho brata b\u00fdval\u00fa vl\u00e1dnucu stranu, teraz hlavn\u00fa opozi\u010dn\u00fa stranu: \u201eZni\u010dili ste ho, zavra\u017edili ste ho, ste svinstvo!\u201c kri\u010dal raz v parlamente.<\/p>\n<p>Mo\u017eno, aby sa trochu di\u0161tancoval od klamstiev, ktor\u00e9 bolo potrebn\u00e9 poveda\u0165, poveril \u00falohou propagova\u0165 kon\u0161pira\u010dn\u00fa te\u00f3riu jedn\u00e9ho zo svojich najstar\u0161\u00edch a najpodivnej\u0161\u00edch kamar\u00e1tov. Antoni Macierewicz je z rovnakej gener\u00e1cie ako Kaczynski a je celo\u017eivotn\u00fdm antikomunistom, aj ke\u010f s ist\u00fdmi zvl\u00e1\u0161tnymi rusk\u00fdmi konexiami a zvl\u00e1\u0161tnymi zvykmi. <\/p>\n<p>Jeho rezervovan\u00fd postoj a osobn\u00e9 posadnutosti (napr\u00edklad vyhl\u00e1sil, \u017ee Protokoly sionsk\u00fdch mudrcov pova\u017euje za dokument, ktor\u00e9ho pravdivos\u0165 je pravdepodobn\u00e1) dokonca viedli stranu Pr\u00e1vo a spravodlivos\u0165 v roku 2015 k volebn\u00e9mu s\u013eubu: Macierewicz nebude v \u017eiadnom pr\u00edpade ministrom obrany.<\/p>\n<blockquote><p>Len \u010do v\u0161ak strana vyhrala vo\u013eby, Kaczynski svoj s\u013eub poru\u0161il a presne do tejto funkcie vymenoval Macierewicza.<\/p><\/blockquote>\n<p>Nov\u00fd minister okam\u017eite za\u010dal in\u0161titucionalizova\u0165 smolensk\u00fa lo\u017e. Vytvoril nov\u00fa vy\u0161etrovaciu komisiu zlo\u017een\u00fa z h\u0155stky excentrikov vr\u00e1tane etnomuzikol\u00f3ga, pilota na d\u00f4chodku, psychol\u00f3ga, rusk\u00e9ho ekon\u00f3ma a \u010fal\u0161\u00edch bez sk\u00fasenost\u00ed s leteck\u00fdmi katastrofami. Predch\u00e1dzaj\u00faca ofici\u00e1lna spr\u00e1va bola odstr\u00e1nen\u00e1 z webovej str\u00e1nky vl\u00e1dy, kde bola zverejnen\u00e1. <\/p>\n<p>Pol\u00edcia vtrhla do domov leteck\u00fdch expertov, ktor\u00ed vypovedali po\u010das prv\u00e9ho vy\u0161etrovania, vypo\u010dula ich a zhabala im po\u010d\u00edta\u010de. Ke\u010f Macierewicz cestoval do Washingtonu, aby sa stretol so svojimi kolegami z obrany v Pentagone, prv\u00e1 vec, ktor\u00fa urobil, bola ot\u00e1zka, \u010di m\u00e1 americk\u00e1 spravodajsk\u00e1 slu\u017eba nejak\u00e9 tajn\u00e9 inform\u00e1cie o Smolensku. <\/p>\n<p>Reakciou boli roz\u0161\u00edren\u00e9 obavy o psychick\u00fd stav ministra \ud83d\ude42<\/p>\n<p>Nieko\u013eko t\u00fd\u017ed\u0148ov po vo\u013eb\u00e1ch, ke\u010f eur\u00f3pske in\u0161tit\u00facie a \u013eudskopr\u00e1vne skupiny za\u010dali reagova\u0165 na kroky vl\u00e1dy pre Pr\u00e1vo a spravodlivos\u0165, sa zamerali na kritiku podkop\u00e1vania s\u00fadov a verejnopr\u00e1vnych m\u00e9di\u00ed. Nevenovali v\u0161ak ve\u013ek\u00fa pozornos\u0165 in\u0161titucionaliz\u00e1cii smolenskej kon\u0161pira\u010dnej te\u00f3rie, ktor\u00e1  \u00faprimne povedan\u00e9, bola pr\u00edli\u0161 v\u00fdstredn\u00e1 na to, aby ju cudzinci pochopili. <\/p>\n<p>Pravdou v\u0161ak je, \u017ee rozhodnutie umiestni\u0165 fant\u00e1ziu do centra vl\u00e1dnej politiky by in\u0161pirovalo ve\u013ea z toho, \u010do by sa stalo potom.<\/p>\n<p>Hoci Macierewiczova komisia nebola schopn\u00e1 poskytn\u00fa\u0165 d\u00f4veryhodn\u00e9 alternat\u00edvne vysvetlenie nehody, smolensk\u00e1 lo\u017e polo\u017eila mor\u00e1lny z\u00e1klad pre nasleduj\u00face klamstv\u00e1. T\u00ed, ktor\u00ed dok\u00e1zali prija\u0165 t\u00fato prepracovan\u00fa te\u00f3riu, mohli prija\u0165 \u010doko\u013evek. Mohli by prija\u0165 nesplnen\u00fd s\u013eub nezaradi\u0165 Macierewicza do vl\u00e1dy. <\/p>\n<p>Mohli by prija\u0165 \u2013 hoci Pr\u00e1vo a spravodlivos\u0165 je \u00fadajne \u201evlasteneck\u00e1\u201c a protirusk\u00e1 strana \u2013 Macierewiczove rozhodnutia odvola\u0165 mnoh\u00fdch najvy\u0161\u0161\u00edch vojensk\u00fdch velite\u013eov krajiny, zru\u0161i\u0165 kontrakty na zbrane, pov\u00fd\u0161i\u0165 \u013eud\u00ed s rusk\u00fdmi v\u00e4zbami a za\u00fato\u010di\u0165 na in\u0161tal\u00e1ciu NATO v Var\u0161ava uprostred noci. Klamstvo poskytlo krajne pravicovej pechote aj ideologick\u00fd z\u00e1klad na tolerovanie in\u00fdch zlo\u010dinov. <\/p>\n<p>Nech by strana urobila ak\u00e9ko\u013evek chyby, ak\u00e9ko\u013evek z\u00e1kony by poru\u0161ila, aspo\u0148 by sa kone\u010dne povedala \u201epravda\u201c o Smolensku.<\/p>\n<p>Smolensk\u00e1 kon\u0161pira\u010dn\u00e1 te\u00f3ria sl\u00fa\u017eila aj in\u00e9mu \u00fa\u010delu: pre mlad\u0161iu gener\u00e1ciu, ktor\u00e1 si u\u017e komunizmus nepam\u00e4tala, a pre spolo\u010dnos\u0165, v ktorej b\u00fdval\u00ed komunisti do zna\u010dnej miery zmizli z politiky, pon\u00fakla nov\u00fd d\u00f4vod ned\u00f4verova\u0165 politikom, podnikate\u013eom a intelektu\u00e1lom, ktor\u00ed vzi\u0161li z bojov v 90. rokoch a teraz viedol krajinu. E\u0161te viac: pon\u00fakol prostriedok na definovanie novej a lep\u0161ej elity. <\/p>\n<p>Nebola n\u00fadza o s\u00fa\u0165a\u017e ani sk\u00fa\u0161ky, nebolo treba ma\u0165 \u017eivotopis pln\u00fd \u00faspechov. Ka\u017ed\u00fd, kto vyzn\u00e1va vieru v smolensk\u00fa lo\u017e, je z defin\u00edcie skuto\u010dn\u00fd vlastenec a preto je sp\u00f4sobil\u00fd zast\u00e1va\u0165 funkciu vo vl\u00e1de. <\/p>\n<p>Je zrejm\u00e9, \u017ee Po\u013esko nie je jedinou krajinou, kde tento jednoduch\u00fd mechanizmus funguje. Emocion\u00e1lna pr\u00ed\u0165a\u017elivos\u0165 kon\u0161pira\u010dnej te\u00f3rie spo\u010d\u00edva v jej jednoduchosti. Vysvet\u013euje zlo\u017eit\u00e9 javy, vysvet\u013euje n\u00e1hody a n\u00e1hody a pon\u00faka veriacemu uspokojuj\u00faci pocit, \u017ee m\u00e1 zvl\u00e1\u0161tny a privilegovan\u00fd pr\u00edstup k pravde. <\/p>\n<p>Pre t\u00fdch, ktor\u00ed sa stan\u00fa str\u00e1\u017ecami \u0161t\u00e1tu jednej strany, prin\u00e1\u0161a opakovanie t\u00fdchto kon\u0161pira\u010dn\u00fdch te\u00f3ri\u00ed aj \u010fal\u0161iu odmenu: <strong>moc<\/strong>.<\/p>\n<hr>\n<p>Slovensko pre vo\u013ebami 2023 len tak h\u00fd\u00fd\u00fd\u00fdrilo kon\u0161pira\u010dn\u00fdmi te\u00f3riami SMERu a Bl\u00e1hovsk\u00fdm populizmom ako nikdy v dejin\u00e1ch. A aj tak iba 22 percent a to silne sfal\u0161ovan\u00fdch v prospech \u010d\u00edsla 78 poslancov, \u0161\u0165astn\u00fdm \u010d\u00edslom 7 &#8211; Sedem Stato\u010dn\u00fdch z ktor\u00fdch zostali \u017eiv\u00ed iba traja. Na prv\u00fdch fotk\u00e1ch po vo\u013eb\u00e1ch, st\u00e1le iba sedem smer\u00e1kov \u017eidov vpredu. Ako na prvej pla\u010dovke Hranola, len si to mus\u00edte dobre v\u0161imn\u00fa\u0165 \ud83d\ude42<\/p>\n<p><img decoding=\"async\" class=\"cento\" id=\"imog2\" src=\"\/image\/sedem-smerakov.jpg\" alt=\"Po\u013esk\u00e1 Kaczynsk\u00e9ho smolensk\u00e1 kon\u0161pira\u010dn\u00e1 te\u00f3ria, ako sa vyv\u00edjala a pre\u010do\" \/><\/p>\n<h1>Kniha Hlava 22<\/h1>\n","protected":false},"excerpt":{"rendered":"<p>Po\u013esk\u00e1 Kaczynsk\u00e9ho smolensk\u00e1 kon\u0161pira\u010dn\u00e1 te\u00f3ria politickej strany Pr\u00e1vo a spravodlivos\u0165. Nehoda vyvolala ve\u013ek\u00fa vlnu em\u00f3ci\u00ed. Krajina bola ponoren\u00e1 do akejsi hyst\u00e9rie, nie\u010doho podobn\u00e9ho \u0161ialenstvu, ktor\u00e9 zachv\u00e1tilo Spojen\u00e9 \u0161t\u00e1ty po 11. septembri. Telev\u00edzne moder\u00e1torky mali na znak sm\u00fatku \u010dierne kravaty. Men\u0161i ur\u00fdvok a knihy: M\u00f4j man\u017eel \/Aplleaum\/, ktor\u00fd odmietol pozvanie sprev\u00e1dza\u0165 prezidenta na tejto ceste, chodil [&hellip;]<\/p>\n","protected":false},"author":1,"featured_media":0,"comment_status":"closed","ping_status":"open","sticky":false,"template":"","format":"standard","meta":{"footnotes":""},"categories":[7],"tags":[],"class_list":["post-29373","post","type-post","status-publish","format-standard","hentry","category-knihy"],"_links":{"self":[{"href":"https:\/\/extraslovensko.sk\/spravy\/wp-json\/wp\/v2\/posts\/29373","targetHints":{"allow":["GET"]}}],"collection":[{"href":"https:\/\/extraslovensko.sk\/spravy\/wp-json\/wp\/v2\/posts"}],"about":[{"href":"https:\/\/extraslovensko.sk\/spravy\/wp-json\/wp\/v2\/types\/post"}],"author":[{"embeddable":true,"href":"https:\/\/extraslovensko.sk\/spravy\/wp-json\/wp\/v2\/users\/1"}],"replies":[{"embeddable":true,"href":"https:\/\/extraslovensko.sk\/spravy\/wp-json\/wp\/v2\/comments?post=29373"}],"version-history":[{"count":8,"href":"https:\/\/extraslovensko.sk\/spravy\/wp-json\/wp\/v2\/posts\/29373\/revisions"}],"predecessor-version":[{"id":29381,"href":"https:\/\/extraslovensko.sk\/spravy\/wp-json\/wp\/v2\/posts\/29373\/revisions\/29381"}],"wp:attachment":[{"href":"https:\/\/extraslovensko.sk\/spravy\/wp-json\/wp\/v2\/media?parent=29373"}],"wp:term":[{"taxonomy":"category","embeddable":true,"href":"https:\/\/extraslovensko.sk\/spravy\/wp-json\/wp\/v2\/categories?post=29373"},{"taxonomy":"post_tag","embeddable":true,"href":"https:\/\/extraslovensko.sk\/spravy\/wp-json\/wp\/v2\/tags?post=29373"}],"curies":[{"name":"wp","href":"https:\/\/api.w.org\/{rel}","templated":true}]}}