{"id":29416,"date":"2023-11-23T12:49:47","date_gmt":"2023-11-23T12:49:47","guid":{"rendered":"https:\/\/extraslovensko.sk\/spravy\/?p=29416"},"modified":"2023-11-23T12:52:08","modified_gmt":"2023-11-23T12:52:08","slug":"nemecki-sefovia-trapnych-socialnych-demokratov-ako-fico-chvalia-francuzsko-macrona","status":"publish","type":"post","link":"https:\/\/extraslovensko.sk\/spravy\/nemecki-sefovia-trapnych-socialnych-demokratov-ako-fico-chvalia-francuzsko-macrona\/","title":{"rendered":"Nemeck\u00ed \u0161\u00e9fovia tr\u00e1pnych soci\u00e1lnych demokratov ako Fico, chv\u00e1lia Franc\u00fazsko Macrona"},"content":{"rendered":"<p>Nemeck\u00ed \u0161\u00e9fovia tr\u00e1pnych soci\u00e1lnych demokratov ako u n\u00e1s za\u010dali chv\u00e1li\u0165 Franc\u00fazsko Macrona. No dobaj by nie, ked kalsick\u00fd socialny demokrat len ruinuje vlastn\u00fd nemsck\u00fd \u0161t\u00e1t soci\u00e1lnym in\u017einiesrtvom v ktorom vl\u00e1dne soci\u00e1lna inkl\u00fazia Agendy 2030. Ale t\u00e1 vl\u00e1dne aj vo Franc\u00fazsku. Tak kde je chyba?<\/p>\n<h1>Nemeck\u00ed \u0161\u00e9fovia tr\u00e1pnych soci\u00e1lnych demokratov ako Fico<br \/> chv\u00e1lia Franc\u00fazsko Macrona<\/h1>\n<p>Dne\u0161n\u00e9 rozhovory medzi podnikate\u013esk\u00fdmi l\u00eddrami v Berl\u00edne by sp\u00f4sobili, \u017ee by sa franc\u00fazski ministri \u010dervenali. Nemeck\u00ed \u0161\u00e9fovia, frustrovan\u00ed nefunk\u010dnou vl\u00e1dnou koal\u00edciou troch str\u00e1n v krajine, obdivne h\u013eadia na franc\u00fazsku vl\u00e1du, ktor\u00e1 uprednost\u0148uje podnikanie, s\u00fadi sa s korpor\u00e1tnymi l\u00eddrami a agres\u00edvne propaguje Franc\u00fazsko ako miesto pre invest\u00edcie a inov\u00e1cie. <\/p>\n<p>Mnoho podnikate\u013eov podporuje Christiana Lindnera, ministra financi\u00ed a \u0161\u00e9fa fdp na vo\u013enom trhu , ktor\u00fd chce zn\u00ed\u017eenie dane z pr\u00edjmu pr\u00e1vnick\u00fdch os\u00f4b a menej byrokracie, ale FDP je z\u010faleka najslab\u0161ia z troch str\u00e1n vl\u00e1dnej koal\u00edcie. <\/p>\n<blockquote><p>Franc\u00fazsko medzit\u00fdm zbiera ovocie propodnikate\u013esk\u00fdch reforiem prezidenta Emmanuela Macrona.<\/p><\/blockquote>\n<p>Pod\u013ea poradenskej spolo\u010dnosti ey pril\u00e1kalo Franc\u00fazsko v roku 2022 \u0161tvrt\u00fd rok po sebe viac projektov priamych zahrani\u010dn\u00fdch invest\u00edci\u00ed ako ktor\u00e1ko\u013evek in\u00e1 eur\u00f3pska krajina. Par\u00ed\u017e tie\u017e vyhr\u00e1va preteky EU o pril\u00e1kanie finan\u010dn\u00fdch slu\u017eieb z Brit\u00e1nie po Brexite. <\/p>\n<p>\u201eFranc\u00fazsko \u2013 je lep\u0161ie ako Nemecko,\u201c objavil sa ned\u00e1vno titulok v nemeckom t\u00fd\u017edenn\u00edku Der Spiegel. \u201e\u00dalohy sa obr\u00e1tili,\u201c hovor\u00ed Klaus Schweinsberg, Nemec, ktor\u00fd vyu\u010duje na escp  poprednej franc\u00fazskej obchodnej \u0161kole.<\/p>\n<p>D\u00f4vod, pre\u010do nemeck\u00ed obchodn\u00ed l\u00eddri pr\u00e1ve teraz chv\u00e1lia Franc\u00fazsko, \u010faleko presahuje ich dom\u00e1ce probl\u00e9my s prechodom od z\u00e1vislosti na ruskom plyne a \u010d\u00ednskom exporte, ktor\u00fd otriasol nemeckou ekonomikou, no menej z\u00e1visl\u00e9 Franc\u00fazsko zostalo relat\u00edvne bez ujmy. V Nemecku sa zd\u00e1, \u017ee Franc\u00fazi zmenili sp\u00f4sob, ak\u00fdm jednaj\u00fa s investormi a podnikate\u013emi. <\/p>\n<p>Zd\u00e1 sa, \u017ee krajina \u010dasto kritizovan\u00e1 za svoj dirigizmus zrejme na\u0161la sp\u00f4sob, ako vyu\u017ei\u0165 svoje centralizovan\u00e9 in\u0161titucion\u00e1lne \u0161trukt\u00fary nie na kontrolu vec\u00ed, ale na podporu firiem zo s\u00fakromn\u00e9ho sektora, pril\u00e1kanie investorov a v\u00fdchovu podnikate\u013eov.<\/p>\n<p>Vezmime si Pfeiffer Vacuum, nemeck\u00e9ho v\u00fdrobcu v\u00e1kuov\u00fdch \u010derpadiel, ktor\u00fd v m\u00e1ji ozn\u00e1mil, \u017ee investuje 75 mili\u00f3nov eur (82 mili\u00f3nov dol\u00e1rov) do svojej tov\u00e1rne v Annecy na juhov\u00fdchode Franc\u00fazska. Britta Giesen, gener\u00e1lna riadite\u013eka spolo\u010dnosti, hovor\u00ed, \u017ee bola osobne nal\u00e1kan\u00e1 t\u00edmom okolo p\u00e1na Macrona, pris\u013e\u00fabila dot\u00e1ciu vo v\u00fd\u0161ke pribli\u017ene 20 mili\u00f3nov eur a pomohla jej s papierovan\u00edm. <\/p>\n<p>Aby toho nebolo m\u00e1lo, bola pozvan\u00e1, aby urobila vyhl\u00e1senie na \u201eChoose France\u201c, ka\u017edoro\u010dnom pow-wow vrcholov\u00fdch politikov a zahrani\u010dn\u00fdch investorov, ktor\u00fd nem\u00e1 nemeck\u00fd ekvivalent, ktor\u00fd tento rok usporiadal p\u00e1n Macron v Ch\u00e2teau de Versailles. Ako \u0161\u00e9fka stredne ve\u013ekej firmy Mittelstand bola pani Giesen po\u0161teklen\u00e1, aby sedela ved\u013ea Elona Muska \u0161\u00e9fa Tesly, a Lakshmi Mittala, oceliarskeho magn\u00e1ta.<\/p>\n<p>Jeden rozdiel, poznamen\u00e1va pani Giesen, je v tom, \u017ee p\u00e1n Macron, b\u00fdval\u00fd investi\u010dn\u00fd bank\u00e1r, d\u00e1va do vl\u00e1dy \u013eud\u00ed s podnikate\u013esk\u00fdm z\u00e1zem\u00edm. Roland Lescure, minister priemyslu, je napr\u00edklad b\u00fdval\u00fd investor. V skuto\u010dnosti je prezident pravidelne oso\u010dovan\u00fd svojimi politick\u00fdmi oponentmi z \u013eavicovej a tvrdej pravice za to, \u017ee je pr\u00edli\u0161 naklonen\u00fd biznisu. <\/p>\n<p>Tak\u00e9to typy v\u0161ak vedia, \u010do firmy potrebuj\u00fa, a invest\u00edcie, ktor\u00e9 pom\u00e1haj\u00fa pril\u00e1ka\u0165, m\u00f4\u017eu by\u0165 politicky u\u017eito\u010dn\u00e9, ke\u010f nov\u00e9 tov\u00e1rne naj\u00edmaj\u00fa zamestnancov vo franc\u00fazskom hrdzavom p\u00e1se a in\u00fdch regi\u00f3noch, ktor\u00e9 maj\u00fa tendenciu hlasova\u0165 za extr\u00e9my. V Nemecku nem\u00e1 tak\u00fato sk\u00fasenos\u0165 prakticky \u017eiadny poslanec ani najvy\u0161\u0161\u00ed \u0161t\u00e1tny \u00faradn\u00edk, s v\u00fdnimkou J\u00f6rga Kukiesa, b\u00fdval\u00e9ho \u0161\u00e9fa nemeckej Goldman Sachs, jedn\u00e9ho z najbli\u017e\u0161\u00edch poradcov nemeckej kancel\u00e1rky.<\/p>\n<p>Vo v\u0161eobecnosti Franc\u00fazsko v tichosti pretv\u00e1ra povahu dirigistick\u00e9ho priemyseln\u00e9ho pl\u00e1novania. Za Georgesa Pompidoua v 70. rokoch \u0161t\u00e1t vypracoval pl\u00e1n (r\u00fdchle vlaky, jadrov\u00e1 energia) a jeho \u0161t\u00e1tni zamestnanci ho zaviedli. Dnes st\u00e1le existuje pl\u00e1n s n\u00e1zvom Franc\u00fazsko 2030, ktor\u00fd zah\u0155\u0148a investovanie 54 mili\u00e1rd eur do bud\u00facich a ekologick\u00fdch technol\u00f3gi\u00ed vr\u00e1tane v\u00fdroby zelen\u00e9ho vod\u00edka, nov\u00fdch modul\u00e1rnych jadrov\u00fdch reaktorov, v\u00fdroby bat\u00e9ri\u00ed a polovodi\u010dov a n\u00edzkouhl\u00edkov\u00fdch lietadiel. <\/p>\n<p>Ale, hovor\u00ed p\u00e1n Lescure, \u201ev \u017eiadnom pr\u00edpade to nie je n\u00e1vrat k dirigizmu minulosti. Nie je to o tom, \u017ee si to v\u0161etko urob\u00edme sami na ministerstve, ale u\u013eah\u010d\u00edme pr\u00e1cu s\u00fakromn\u00fdm investorom a podnikate\u013eom.\u201c <\/p>\n<p>Verkor, firma v s\u00fa\u010dasnosti buduje z\u00e1vod na v\u00fdrobu bat\u00e9ri\u00ed v Dunkerque v hodnote 2 mili\u00e1rd eur, napr\u00edklad ako s\u00fa\u010das\u0165 pl\u00e1novan\u00e9ho franc\u00fazskeho \u201eBattery Valley\u201c, je start-up. \u0160t\u00e1t sk\u00f4r buduje infra\u0161trukt\u00faru a plat\u00ed za rie\u0161enie external\u00edt. 22. novembra vl\u00e1da podp\u00edsala dohody o dotovan\u00ed zni\u017eovania emisi\u00ed s 50 tov\u00e1r\u0148ami, ktor\u00e9 medzi nimi tvoria desatinu v\u0161etk\u00fdch franc\u00fazskych emisi\u00ed uhl\u00edka. <\/p>\n<p>Ur\u00fdch\u013euje to aj papierovanie. Nov\u00fd z\u00e1kon o \u201ezelenom priemysle\u201c m\u00e1 za cie\u013e skr\u00e1ti\u0165 priemern\u00fd \u010das na z\u00edskanie v\u0161etk\u00fdch stavebn\u00fdch a \u00faradn\u00fdch povolen\u00ed pre nov\u00fa tov\u00e1re\u0148 zo 17 mesiacov na dev\u00e4\u0165.<\/p>\n<p>Franc\u00fazsko je teraz lep\u0161ie ako Nemecko v pou\u017e\u00edvan\u00ed \u0161t\u00e1tnej politiky na podporu trhovej ekonomiky, hovor\u00ed Sven Janssen, nemeck\u00fd rizikov\u00fd kapitalista. \u201eP\u00e1n Macron rozumie najm\u00e4 podpore inov\u00e1ci\u00ed a start-upov,\u201c poznamen\u00e1va. La French Tech je \u0161ikovne zna\u010dkov\u00e1 sie\u0165ov\u00e1 platforma, ktor\u00fa pou\u017e\u00edva franc\u00fazske ministerstvo hospod\u00e1rstva na predaj technologick\u00fdch firiem v zahrani\u010d\u00ed; Nemecko nem\u00e1 skuto\u010dn\u00fd n\u00e1protivok. <\/p>\n<p>Franc\u00fazske start-upy, ako napr\u00edklad Doctolib, online rezerva\u010dn\u00e1 slu\u017eba na lek\u00e1rske stretnutia, alebo PayFit, v\u00fdrobca mzdov\u00e9ho softv\u00e9ru, s\u00fa teraz v Nemecku zn\u00e1mymi. Franc\u00fazska verejn\u00e1 investi\u010dn\u00e1 banka Bpifrance sa tie\u017e uk\u00e1zala ako z\u00e1kladn\u00fd pilier pre franc\u00fazskych podnikate\u013eov. Ke\u010f bola v roku 2013 zriaden\u00e1, skeptici sa ob\u00e1vali, \u017ee sa z nej stane nepraktick\u00e1 byrokracia pod politick\u00fdm pr\u00edkazom na podporu chor\u00fdch firiem. <\/p>\n<p>Dnes spravuje akt\u00edva v hodnote 50 mili\u00e1rd eur a v roku 2022 dosiahla \u010dist\u00fd zisk 1,5 miliardy eur.<\/p>\n<p>Filozofiou, hovor\u00ed Nicolas Dufourcq, \u0161\u00e9f Bpifrance, je \u201einvestova\u0165 \u010do najviac pe\u0148az\u00ed do znovuobjavenia franc\u00fazskej ekonomiky podnikate\u013emi\u201c. To znamen\u00e1 podporova\u0165 kult\u00faru riskovania a drvenia byrokracie. Banka okrem in\u00e9ho v\u00fdrazne investovala do rozvoja gener\u00e1cie franc\u00fazskych fondov rizikov\u00e9ho kapit\u00e1lu; m\u00e1 tie\u017e priame podiely a pom\u00e1ha svojim klientom vyjedn\u00e1va\u0165 byrokraciu. <\/p>\n<p>\u017diadny z 3500 zamestnancov banky nie je \u0161t\u00e1tnym zamestnancom; Samotn\u00fd p\u00e1n Dufourcq je b\u00fdval\u00fd technologick\u00fd konzultant. Nemeck\u00fd n\u00e1protivok Bpifrance, HFW, naopak financuje podnikate\u013eov nepriamo cez ich banky.<\/p>\n<p>Nemecko zost\u00e1va, samozrejme, priemyselnou ve\u013emocou Eur\u00f3py. St\u00e1le je tie\u017e domovom viacer\u00fdch z 20 najv\u00e4\u010d\u0161\u00edch za\u010d\u00ednaj\u00facich podnikov na kontinente ako Franc\u00fazsko. Franc\u00fazsko sa v\u00e1\u017ene zaoberalo novou priemyselnou politikou po tom, \u010do ho v roku 2022 vystra\u0161ilo rozhodnutie Nemecka utr\u00e1ca\u0165 svoj vlastn\u00fd priemyseln\u00fd prechod. Franc\u00fazi sa nevzdali ani star\u00fdch pretekov o dot\u00e1cie. <\/p>\n<p>Ke\u010f si Tesla ned\u00e1vno vybrala Nemecko pred Franc\u00fazskom pre obrovsk\u00fa expanziu, bolo to len po silnom lobingu a visen\u00ed so \u0161t\u00e1tnymi dot\u00e1ciami Franc\u00fazov. V ka\u017edom pr\u00edpade je rem\u00edza Franc\u00fazska podlo\u017een\u00e1 \u0161ir\u0161\u00edmi z\u00e1znamami o napravovan\u00ed ve\u013ek\u00fdch vec\u00ed, od jadrovej energie a \u0161pi\u010dkovej infra\u0161trukt\u00fary a\u017e po \u0161t\u00e1tom poskytovan\u00fa starostlivos\u0165 o deti a gastron\u00f3miu.<\/p>\n<p>Sen Franc\u00fazska o v\u00e4\u010d\u0161ej priemyselnej a ekonomickej auton\u00f3mii Eur\u00f3py v kone\u010dnom d\u00f4sledku z\u00e1vis\u00ed aj od schopnosti Nemecka napravi\u0165 ho. Ale ke\u010f\u017ee nemeck\u00ed \u0161\u00e9fovia vyjadruj\u00fa ne\u010dakan\u00fd obdiv k svojmu franc\u00fazskemu susedovi, krajina dostala lekciu aj z pokory. Minim\u00e1lne v nemeckej tla\u010di sa u\u017e nehovor\u00ed o Krankreichovi (chor\u00e9 Franc\u00fazsko).<\/p>\n","protected":false},"excerpt":{"rendered":"<p>Nemeck\u00ed \u0161\u00e9fovia tr\u00e1pnych soci\u00e1lnych demokratov ako u n\u00e1s za\u010dali chv\u00e1li\u0165 Franc\u00fazsko Macrona. No dobaj by nie, ked kalsick\u00fd socialny demokrat len ruinuje vlastn\u00fd nemsck\u00fd \u0161t\u00e1t soci\u00e1lnym in\u017einiesrtvom v ktorom vl\u00e1dne soci\u00e1lna inkl\u00fazia Agendy 2030. Ale t\u00e1 vl\u00e1dne aj vo Franc\u00fazsku. Tak kde je chyba? Nemeck\u00ed \u0161\u00e9fovia tr\u00e1pnych soci\u00e1lnych demokratov ako Fico chv\u00e1lia Franc\u00fazsko Macrona Dne\u0161n\u00e9 [&hellip;]<\/p>\n","protected":false},"author":1,"featured_media":0,"comment_status":"closed","ping_status":"open","sticky":false,"template":"","format":"standard","meta":{"footnotes":""},"categories":[5],"tags":[],"class_list":["post-29416","post","type-post","status-publish","format-standard","hentry","category-exo-news"],"_links":{"self":[{"href":"https:\/\/extraslovensko.sk\/spravy\/wp-json\/wp\/v2\/posts\/29416","targetHints":{"allow":["GET"]}}],"collection":[{"href":"https:\/\/extraslovensko.sk\/spravy\/wp-json\/wp\/v2\/posts"}],"about":[{"href":"https:\/\/extraslovensko.sk\/spravy\/wp-json\/wp\/v2\/types\/post"}],"author":[{"embeddable":true,"href":"https:\/\/extraslovensko.sk\/spravy\/wp-json\/wp\/v2\/users\/1"}],"replies":[{"embeddable":true,"href":"https:\/\/extraslovensko.sk\/spravy\/wp-json\/wp\/v2\/comments?post=29416"}],"version-history":[{"count":4,"href":"https:\/\/extraslovensko.sk\/spravy\/wp-json\/wp\/v2\/posts\/29416\/revisions"}],"predecessor-version":[{"id":29420,"href":"https:\/\/extraslovensko.sk\/spravy\/wp-json\/wp\/v2\/posts\/29416\/revisions\/29420"}],"wp:attachment":[{"href":"https:\/\/extraslovensko.sk\/spravy\/wp-json\/wp\/v2\/media?parent=29416"}],"wp:term":[{"taxonomy":"category","embeddable":true,"href":"https:\/\/extraslovensko.sk\/spravy\/wp-json\/wp\/v2\/categories?post=29416"},{"taxonomy":"post_tag","embeddable":true,"href":"https:\/\/extraslovensko.sk\/spravy\/wp-json\/wp\/v2\/tags?post=29416"}],"curies":[{"name":"wp","href":"https:\/\/api.w.org\/{rel}","templated":true}]}}