{"id":29421,"date":"2023-11-23T13:59:10","date_gmt":"2023-11-23T13:59:10","guid":{"rendered":"https:\/\/extraslovensko.sk\/spravy\/?p=29421"},"modified":"2023-11-23T15:29:45","modified_gmt":"2023-11-23T15:29:45","slug":"kimovi-korejci-prve-etnikum-v-zssr-ktore-bolo-vystavene-totalnej-deportacii","status":"publish","type":"post","link":"https:\/\/extraslovensko.sk\/spravy\/kimovi-korejci-prve-etnikum-v-zssr-ktore-bolo-vystavene-totalnej-deportacii\/","title":{"rendered":"Kimovi K\u00f3rejci \u2013 prv\u00e9 etnikum v ZSSR, ktor\u00e9 bolo vystaven\u00e9 tot\u00e1lnej deport\u00e1cii"},"content":{"rendered":"<p>K\u00f3rejci boli prv\u00e9 etnikum v ZSSR, ktor\u00e9 bolo vystaven\u00e9 tot\u00e1lnej deport\u00e1cii. Nech tu Kim neklame ako m\u00e1 r\u00e1d rusov. Prv\u00ed K\u00f3rejci sa usadili pozd\u013a\u017e riek Amur a Ussuri u\u017e v 19. storo\u010d\u00ed. Po roku 1917 sa do Pr\u00edmorsk\u00e9ho kraja pres\u0165ahovalo ve\u013ea K\u00f3rej\u010danov, ktor\u00ed utekali najm\u00e4 pred okup\u00e1ciou svojej vlasti Japonskom.<\/p>\n<h1>K\u00f3rejci boli prv\u00e9 etnikum v ZSSR, ktor\u00e9 bolo vystaven\u00e9 tot\u00e1lnej deport\u00e1cii<\/h1>\n<p>Tieto veci s\u00fa o ruskej finte, \u017ee v pohrani\u010d\u00ed m\u00f4\u017eu \u017ei\u0165 agenti cudzieho \u0161t\u00e1tu. To je akoby sme  mali pres\u0165ahova\u0165 ma\u010farov z juhu na Oravu a do Tatier a naopak tatrancov a orav\u00e1kov na juh k ma\u010farskej hranici, aby nekuli pikle o pripojeni k cudziemu \u0161t\u00e1tu \ud83d\ude42<\/p>\n<p>Ot\u00e1zka je u\u017e len jedna, pre\u010do sa tak\u00fd obrovsk\u00fd \u0161t\u00e1t, pln\u00fd arm\u00e1dy bol\u0161evikov Bl\u00e1hu b\u00e1l o svoju existenciu.<\/p>\n<p>Odpove\u010f je jednoduch\u00e1, v\u0161etky \u00fazemia in\u00fdm etnik\u00e1m a n\u00e1rodom doslova ukradli, z\u00edskali \u00fazemia. Pre istotu dopravili vodku aziatom, ktor\u00ed nepili, aby sa sami upili k smrti! A tak mohli za\u010da\u0165 \u0161\u00edri\u0165 Bl\u00e1hov komunizmus Lenina a\u017e po Japonsko. <\/p>\n<p>Ako perli\u010dka &#8211; stra\u0161n\u00fd osud 6 114 os\u00f4b prepraven\u00fdch ako deklasovan\u00e9 \u017eivly dvoma vlakmi z Moskvy a Leningradu a privezen\u00fdch cez Tomsk a potom \u010dlnmi na ostrov Nazino na rieke Ob. Rieka Nazina 18. m\u00e1ja 1933 a 26. m\u00e1ja 1933. Prevoz nepre\u017eilo viac ako 2 000 \u013eud\u00ed a samotn\u00fd ostrov dostal prez\u00fdvku Ostrov smrti alebo Ostrov kanibalov.<\/p>\n<hr>\n<p>Po sovietskej anexii Republiky \u010ealek\u00fd v\u00fdchod 22. novembra 1922 a vyhl\u00e1sen\u00ed v\u0161etk\u00fdch jej obyvate\u013eov za sovietskych ob\u010danov, ich po\u010det doplnila kombin\u00e1cia K\u00f3rejcov, \u010c\u00ed\u0148anov a Japoncov. T\u00edto \u013eudia \u017eili v okresoch Posyet a Suchan (nesk\u00f4r zjednoten\u00fdch do jedin\u00e9ho okresu Vladivostok) a okresu Suyfun, Kray na \u010ealekom v\u00fdchode. N\u00e1rodn\u00fd k\u00f3rejsk\u00fd okres Posyet so svojimi 55 k\u00f3rejsk\u00fdmi dedinsk\u00fdmi radami bol jedn\u00fdm z 15 n\u00e1rodn\u00fdch okresov nach\u00e1dzaj\u00facich sa na \u010ealekom v\u00fdchode.<\/p>\n<p>Tieto okresy dod\u00e1vali najmenej polovicu po\u013enohospod\u00e1rskeho tovaru vyroben\u00e9ho v kraji. Pod\u013ea s\u010d\u00edtania \u013eudu ZSSR z roku 1926 \u017eilo na \u010ealekom v\u00fdchode 169 tis\u00edc K\u00f3rej\u010danov, 77 tis\u00edc \u010c\u00ed\u0148anov a asi 1 tis\u00edc Japoncov. Po\u013enohospod\u00e1rske pozemky, ktor\u00e9 K\u00f3rejci vlastnili, boli relat\u00edvne zanedbate\u013en\u00e9 v porovnan\u00ed s t\u00fdmi, ktor\u00e9 vlastnilo rusk\u00e9 obyvate\u013estvo, \u010do pr\u00edli\u0161 \u010dasto vyvol\u00e1valo konflikt medzi etnick\u00fdmi skupinami. <\/p>\n<p>T\u00e1to skuto\u010dnos\u0165 nepochybne zohrala svoju \u00falohu pri ur\u010dovan\u00ed n\u00e1sledn\u00fdch po\u010diato\u010dn\u00fdch pl\u00e1nov na deport\u00e1ciu K\u00f3rejcov za hranicu 48,5 severnej zemepisnej \u0161\u00edrky.<\/p>\n<p>V roku 1937, ke\u010f u\u017e boli hranice \u201euzamknut\u00e9\u201c a hrani\u010dn\u00e1 infiltr\u00e1cia zastaven\u00e1, pod\u013ea s\u010d\u00edtania nesk\u00f4r zamietnut\u00e9ho ako \u201echybn\u00e9ho\u201c, \u017eilo na \u00fazem\u00ed ZSSR 167 259 K\u00f3rej\u010danov (v\u0161etci na \u010ealekom v\u00fdchode), pribli\u017ene rovnak\u00fd po\u010det ako v roku 1926. \u00darady v\u0161ak zanedb\u00e1vali ekonomick\u00e9 z\u00e1ujmy a brali do \u00favahy len politick\u00e9 h\u013eadisk\u00e1 a zistili, \u017ee K\u00f3rej\u010dania \u017eij\u00faci na sovietskom \u010ealekom v\u00fdchode v druhej polovici 30. rokov predstavovali hrozbu pre regi\u00f3n a museli by\u0165 pres\u00eddlen\u00ed. <\/p>\n<p>O to viac, \u017ee Japonci u\u017e za\u010dali deportova\u0165 K\u00f3rejcov z ich pohrani\u010dnej z\u00f3ny (na Sachalin a do vn\u00fatrozemia na K\u00f3rejskom polostrove) aj ke\u010f mali trochu in\u00fd mot\u00edv, konkr\u00e9tne pova\u017eovali K\u00f3rejcov za \u201e\u017eivn\u00e9 m\u00e9dium\u201c pre sovietsku \u0161pion\u00e1\u017e.<\/p>\n<p>23. apr\u00edla 1937 noviny Pravda odhalili japonsk\u00fa \u0161pion\u00e1\u017e na \u010ealekom v\u00fdchode: K\u00f3rejci a \u010c\u00ed\u0148ania sa pova\u017eovali za k\u013e\u00fa\u010dov\u00fdch agentov Japoncov. V auguste 1937 st\u00e1l na \u010dele kray NKVD nie nezn\u00e1ma osobnos\u0165 G. S. Lju\u0161kov, bud\u00faci prebehl\u00edk. V skuto\u010dnosti priniesol uznesenie Rady \u013eudov\u00fdch komis\u00e1rov a \u00dastredn\u00e9ho v\u00fdboru Komunistickej strany <\/p>\n<p>\u201eO vyhnan\u00ed k\u00f3rejsk\u00e9ho obyvate\u013estva z  pohrani\u010dn\u00e9ho p\u00e1sma \u010ealek\u00e9ho v\u00fdchodu\u201c, z 21. augusta 1937, ktor\u00fd stanovil ukon\u010denie oper\u00e1cie do 1. janu\u00e1ra 1938. <\/p>\n<p>Je pozoruhodn\u00e9, \u017ee jeden z bodov rezol\u00facie znel: \u201ePres\u00eddlen\u00fdm sa nesm\u00fa kl\u00e1s\u0165 \u017eiadne prek\u00e1\u017eky&#8221;.<\/p>\n<p>K\u00f3rej\u010danom, ktor\u00ed chc\u00fa opusti\u0165 krajinu, sa v tak\u00fdchto pr\u00edpadoch m\u00f4\u017ee u\u013eah\u010di\u0165 prekro\u010denie hranice. Z\u00e1rove\u0148 boli do Japonska vyhnan\u00ed v\u0161etci japonsk\u00ed ob\u010dania vr\u00e1tane etnick\u00fdch K\u00f3rej\u010danov. Prv\u00e1 v\u00e1rka, 11 807 os\u00f4b, pravdepodobne priamo podozriv\u00fdch zo \u0161pion\u00e1\u017ee, bola deportovan\u00e1. Celkov\u00fd po\u010det prepraven\u00fdch os\u00f4b z miest Spassk, Posyet, Grodekovo, Birobidzhan a \u010fal\u0161\u00edch miest v septembri predstavoval 74 500 os\u00f4b. <\/p>\n<p>V d\u0148och 27. \u2013 28. septembra 1937 sa po\u010det okresov podroben\u00fdch \u010distke od K\u00f3rejcov roz\u0161\u00edril o Vladivostok, Burjatsko-mongolsk\u00fa ASSR, \u010cita Obl. a Chabarovsk\u00fd kraj. T\u00fdm bola sankcionovan\u00e1 druh\u00e1 etapa deport\u00e1cie K\u00f3rejcov. Napr\u00edklad pre Chabarovsk\u00fd kraj, kde \u017eilo 1 155 K\u00f3rej\u010danov (prakticky v\u0161etci \u017eij\u00faci v Severnom Sachaline).<\/p>\n<p>Org\u00e1ny \u010ealek\u00e9ho v\u00fdchodu sa ujali svojej \u00falohy, hoci bola zosilnen\u00e1, d\u00e1vno pred Silvestrom, konkr\u00e9tne u\u017e 25. okt\u00f3bra 1937. Ale v tomto \u010dasovom r\u00e1mci 36 442 k\u00f3rejsk\u00fdch dom\u00e1cnost\u00ed alebo 171 781 n\u00faten\u00fdch migr\u00e1ci\u00ed pred druhou svetovou vojnou 99 os\u00f4b, boli z Kray prepraven\u00e9 v 124 vlakoch (iba 700 K\u00f3rejcov, menej ako bolo potrebn\u00fdch na naplnenie jedn\u00e9ho vlaku, zostalo v Kray, a nie dlho). <\/p>\n<p>Cestuj\u00faci vlaku boli zostaven\u00ed pod\u013ea z\u00e1sad \u201eekonomicky zalo\u017een\u00fdch skup\u00edn\u201c. Spolu s K\u00f3rej\u010danmi bolo \u201ezozbieran\u00fdch\u201c 7 000 \u010c\u00ed\u0148anov, nieko\u013eko stoviek etnick\u00fdch Nemcov, Poliakov a Pobalt\u00ed a asi 1 000 repatriantov z Harbinu. V roku 1937 boli pres\u00eddlen\u00fdm rodin\u00e1m e\u0161te vypl\u00e1can\u00e9 od\u0161kodn\u00e9, aj ke\u010f minim\u00e1lne. <\/p>\n<p>Priemern\u00e1 suma vyplaten\u00e1 rodine predstavovala 6 000 rub\u013eov, \u010do pokrylo cestovn\u00e9 n\u00e1klady, ponechan\u00fa \u00farodu, budovy, vybavenie a in\u00e9 n\u00e1\u010dinie, p\u00f4\u017ei\u010dku na stavbu domu v mieste ur\u010denia a dokonca aj v\u00fddavky na usadenie sa na novom mieste.<\/p>\n<p>Cesta bola dlh\u00e1 (v priemere asi mesiac) a vy\u010derp\u00e1vaj\u00faca. V\u00e4\u010d\u0161ina pres\u00eddlencov sa vylodila v Kazachstane (20 170 rod\u00edn alebo 95 526 os\u00f4b), najm\u00e4 v mest\u00e1ch a mal\u00fdch mest\u00e1ch. Konkr\u00e9tne 9 350 os\u00f4b vyst\u00fapilo z vlakov v severnom Kazachstane  v osad\u00e1ch ob\u00fdvan\u00fdch po\u013esk\u00fdmi a nemeck\u00fdmi pres\u00eddlencami zo z\u00e1padn\u00fdch hran\u00edc ZSSR. <\/p>\n<p>Zvy\u0161ok zostal v Uzbekistane (16 272 rod\u00edn alebo 76 525 os\u00f4b), \u010das\u0165 v stredo\u00e1zijsk\u00fdch republik\u00e1ch a dokonca mal\u00fd po\u010det v Stalingradskom obl.<\/p>\n<p>\u010cas\u0165 skupiny bola st\u00e1le n\u00faten\u00e1 pohybova\u0165 sa v r\u00e1mci Uzbekistanu, preto\u017ee plavba na Amu-Darya a Aralskom jazere bola uzavret\u00e1 (v d\u00f4sledku toho sa usadili v 44 namiesto 7 okresov). Pres\u00eddlenci \u010delili kontinent\u00e1lnym mrazom, nedbanlivosti a nezodpovednosti miestnych \u00faradov (napr\u00edklad 4 000 K\u00f3rej\u010danov, ktor\u00ed pri\u0161li 31. decembra 1937 do Kustanay, str\u00e1vili vo svojich ko\u010doch asi t\u00fd\u017ede\u0148, k\u00fdm sa neobjavili zn\u00e1mky aktivity miestnych \u00faradov). <\/p>\n<p>Ch\u00fdbalo b\u00fdvanie, voda, jedlo, lieky a v ran\u00fdch \u0161t\u00e1di\u00e1ch \u010dasto aj absencia ak\u00e9hoko\u013evek zamestnania (na viacer\u00fdch miestach sa dokonca objavila hrozba hladu). Kolekt\u00edvni ro\u013en\u00edci (ke\u010f\u017ee dost\u00e1vali nejak\u00e9 potravinov\u00e9 produkty a peniaze ako platbu pred pres\u00eddlen\u00edm) boli v o nie\u010do lep\u0161ej situ\u00e1cii v porovnan\u00ed s mestsk\u00fdmi zamestnancami a robotn\u00edkmi, ktor\u00ed sa ocitli v z\u00fafalej situ\u00e1cii, ich v\u00fdplaty sa mali oneskori\u0165 a\u017e na jar, no v skuto\u010dnosti neboli plne kompenzovan\u00e9 na jese\u0148 1938. <\/p>\n<p>A predsa sa postupne formoval hospod\u00e1rsky \u017eivot: k\u00f3rejsk\u00e9 kolekt\u00edvne farmy sa zaoberali pestovan\u00edm ry\u017ee a zeleniny a rybolovom a v men\u0161ej miere pestovan\u00edm bavlny a chovom dobytka, aj ke\u010f na menej ko\u010dovn\u00fdch cest\u00e1ch.<\/p>\n<blockquote><p>Cel\u00e9 okresy na \u010ealekom v\u00fdchode tak boli opusten\u00e9. Oddiely \u010cervenej arm\u00e1dy a pohrani\u010dnej str\u00e1\u017ee si privlastnili najlep\u0161ie budovy, \u0161koly. <\/p><\/blockquote>\n<p>Za\u013eudni\u0165 opusten\u00e9 \u00fazemia v\u0161ak nebolo jednoduch\u00e9, napriek tomu, \u017ee v r\u00e1mci miestnej NKVD bolo zalo\u017een\u00e9 \u0161peci\u00e1lne oddelenie pre pres\u00edd\u013eovanie. \u010cas\u0165 \u013eud\u00ed pri\u0161la z eur\u00f3pskej \u010dasti krajiny, \u010das\u0165 po demobiliz\u00e1cii v roku 1936 z arm\u00e1dy. Pl\u00e1novalo sa pres\u00eddlenie 17,1 tis\u00edc ro\u013en\u00edckych dom\u00e1cnost\u00ed na \u010ealek\u00fd v\u00fdchod, konkr\u00e9tne 7,5 tis\u00edc na \u010ealek\u00fd v\u00fdchodn\u00fd kraj (v roku 1938 bol samotn\u00fd kraj rozdelen\u00fd na dva: Pr\u00edmorsk\u00fd kraj a Chabarovsk\u00fd kraj). <\/p>\n<p>V skuto\u010dnosti sa tam v roku 1938 pris\u0165ahovalo len 1027 rod\u00edn a v rokoch 1937\u20131939 spolu takmer 3,7 tis\u00edc dom\u00e1cnost\u00ed. Za t\u00fdchto okolnost\u00ed \u00farady nedok\u00e1zali nahradi\u0165 demografick\u00e9 a ekonomick\u00e9 \u0161kody sp\u00f4soben\u00e9 deport\u00e1ciou K\u00f3rejcov. Nerobilo sa to ani po\u010das vojnov\u00fdch rokov, ke\u010f prich\u00e1dzali evakuovan\u00e9 cie\u013eov\u00e9 skupiny: takmer 17 tis\u00edc z 27 tis\u00edc, ktor\u00fdch tam previezli, v skuto\u010dnosti zostalo v Kray. <\/p>\n<p>Pres\u00edd\u013eovanie K\u00f3rejcov a ich s\u00fastredenie v Strednej \u00c1zii pokra\u010dovalo aj vo vojnov\u00fdch a povojnov\u00fdch rokoch. Mal\u00fd po\u010det K\u00f3rej\u010danov bol privezen\u00fd z Murmansk\u00fdch a Stalingradsk\u00fdch (Astrach\u00e1nskych) oblov. 10. janu\u00e1ra 1943 bola vydan\u00e1 rezol\u00facia \u0160t\u00e1tneho obrann\u00e9ho v\u00fdboru, ktor\u00e1 stanovila, \u017ee asi 8 tis\u00edc K\u00f3rej\u010danov bude demobilizovan\u00fdch z arm\u00e1dy a n\u00e1sledne naverbovan\u00ed do pracovn\u00fdch pr\u00e1porov a transportn\u00fdch konvojov (K\u00f3rejcov poslali do ban\u00ed Mosbass). <\/p>\n<p>Po vojne boli t\u00edto a \u010fal\u0161\u00ed \u010dlenovia k\u00f3rejskej pracovnej arm\u00e1dy [trudarmiya] pres\u00eddlen\u00ed na miesta, kde bola s\u00fastreden\u00e1 v\u00e4\u010d\u0161ina K\u00f3rej\u010danov. Nie je v\u0161ak celkom jasn\u00e9, \u010do sa stalo s K\u00f3rejcami, ktor\u00fdch na ostrove Sachalin nechali Japonci po anektovan\u00ed tohto \u00fazemia ZSSR.<\/p>\n<p>Ot\u00e1zka t\u00fdkaj\u00faca sa postavenia deportovan\u00fdch K\u00f3rej\u010danov vyvol\u00e1vala a st\u00e1le vyvol\u00e1va h\u00e1dky. V skuto\u010dnosti sa ich sp\u00f4sob \u017eivota v\u00f4bec nel\u00ed\u0161il od toho typick\u00e9ho pre \u201eosobitn\u00e9 osady\u201c. A hoci to bol pr\u00e1ve term\u00edn \u201e\u0161peci\u00e1lni pres\u00eddlenci\u201c, ktor\u00fd sa \u010dasto pou\u017e\u00edval v kore\u0161pondencii medzi NKVD a Radou \u013eudov\u00fdch komis\u00e1rov, ke\u010f sa hovorilo o vyhnan\u00fdch K\u00f3rejcoch, nepova\u017eovali sa za zvl\u00e1\u0161tnych osadn\u00edkov v pr\u00edsnych form\u00e1lnych podmienkach. <\/p>\n<p>Okrem toho neboli ani administrat\u00edvne pova\u017eovan\u00ed za vyhnancov, ke\u010f\u017ee ich vyhnanie nebolo motivovan\u00e9 represiou, ale vyplynulo z \u201en\u00fatenej \u010distky\u201c \u00fazemia susediaceho s hranicou s Japonskom, ktor\u00e9 okupovalo K\u00f3reu a Mand\u017eusko. V r\u00e1mci pr\u00e1vnych spisov, ktor\u00e9 existovali v 30. rokoch 20. storo\u010dia, bolo ak\u00e9ko\u013evek obmedzenie pohybu vo\u010di K\u00f3rejcom nez\u00e1konn\u00e9. <\/p>\n<p>Ani pr\u00edkaz, ktor\u00fd L. Berija 2. j\u00fala 1945 rozoslal v r\u00e1mci NKVD, pod\u013ea ktor\u00e9ho mali by\u0165 K\u00f3rej\u010dania registrovan\u00ed ako \u201e\u0161peci\u00e1lni pres\u00eddlenci\u201c (na obdobie piatich rokov so \u0161peci\u00e1lnou pe\u010diatkou v pasoch), nebol podporen\u00fd zodpovedaj\u00facou rezol\u00faciou Rady \u013eudov\u00fdch komis\u00e1rov alebo dekr\u00e9t Prez\u00eddia Najvy\u0161\u0161ieho sovietu ZSSR. <\/p>\n<p>N\u00e1sledne ot\u00e1zka tejto absurdnej \u201eformality\u201c zostala v kruhoch NKVD b\u00farlivo diskutovanou ot\u00e1zkou a\u017e do roku 1949. V praktickej rovine bola z\u00e1le\u017eitos\u0165 vyrie\u0161en\u00e1 a\u017e vtedy, ke\u010f minister MVD S. N. Kruglov podp\u00edsal 3. marca 1947 smernicu, ktor\u00e1 ustanovila vydanie tzv. nov\u00e9 pasy pre K\u00f3rejcov, \u010do im d\u00e1va pr\u00e1vo na pobyt v Strednej \u00c1zii, s v\u00fdnimkou pohrani\u010dn\u00fdch \u00fazem\u00ed.<\/p>\n<h1>AGAINST THEIR WILL<\/h1>\n","protected":false},"excerpt":{"rendered":"<p>K\u00f3rejci boli prv\u00e9 etnikum v ZSSR, ktor\u00e9 bolo vystaven\u00e9 tot\u00e1lnej deport\u00e1cii. Nech tu Kim neklame ako m\u00e1 r\u00e1d rusov. Prv\u00ed K\u00f3rejci sa usadili pozd\u013a\u017e riek Amur a Ussuri u\u017e v 19. storo\u010d\u00ed. Po roku 1917 sa do Pr\u00edmorsk\u00e9ho kraja pres\u0165ahovalo ve\u013ea K\u00f3rej\u010danov, ktor\u00ed utekali najm\u00e4 pred okup\u00e1ciou svojej vlasti Japonskom. K\u00f3rejci boli prv\u00e9 etnikum v [&hellip;]<\/p>\n","protected":false},"author":1,"featured_media":0,"comment_status":"closed","ping_status":"open","sticky":false,"template":"","format":"standard","meta":{"footnotes":""},"categories":[13],"tags":[],"class_list":["post-29421","post","type-post","status-publish","format-standard","hentry","category-historia-anatolij-fomenko"],"_links":{"self":[{"href":"https:\/\/extraslovensko.sk\/spravy\/wp-json\/wp\/v2\/posts\/29421","targetHints":{"allow":["GET"]}}],"collection":[{"href":"https:\/\/extraslovensko.sk\/spravy\/wp-json\/wp\/v2\/posts"}],"about":[{"href":"https:\/\/extraslovensko.sk\/spravy\/wp-json\/wp\/v2\/types\/post"}],"author":[{"embeddable":true,"href":"https:\/\/extraslovensko.sk\/spravy\/wp-json\/wp\/v2\/users\/1"}],"replies":[{"embeddable":true,"href":"https:\/\/extraslovensko.sk\/spravy\/wp-json\/wp\/v2\/comments?post=29421"}],"version-history":[{"count":13,"href":"https:\/\/extraslovensko.sk\/spravy\/wp-json\/wp\/v2\/posts\/29421\/revisions"}],"predecessor-version":[{"id":29435,"href":"https:\/\/extraslovensko.sk\/spravy\/wp-json\/wp\/v2\/posts\/29421\/revisions\/29435"}],"wp:attachment":[{"href":"https:\/\/extraslovensko.sk\/spravy\/wp-json\/wp\/v2\/media?parent=29421"}],"wp:term":[{"taxonomy":"category","embeddable":true,"href":"https:\/\/extraslovensko.sk\/spravy\/wp-json\/wp\/v2\/categories?post=29421"},{"taxonomy":"post_tag","embeddable":true,"href":"https:\/\/extraslovensko.sk\/spravy\/wp-json\/wp\/v2\/tags?post=29421"}],"curies":[{"name":"wp","href":"https:\/\/api.w.org\/{rel}","templated":true}]}}