{"id":29497,"date":"2023-12-03T19:14:51","date_gmt":"2023-12-03T19:14:51","guid":{"rendered":"https:\/\/extraslovensko.sk\/spravy\/?p=29497"},"modified":"2023-12-03T19:17:33","modified_gmt":"2023-12-03T19:17:33","slug":"na-zachranu-amazonie-este-nie-je-neskoro-ale-rucicky-hodin-bzucia-ako-zuby-motorovej-pily","status":"publish","type":"post","link":"https:\/\/extraslovensko.sk\/spravy\/na-zachranu-amazonie-este-nie-je-neskoro-ale-rucicky-hodin-bzucia-ako-zuby-motorovej-pily\/","title":{"rendered":"Na z\u00e1chranu Amaz\u00f3nie e\u0161te nie je neskoro, ale ru\u010di\u010dky hod\u00edn bzu\u010dia ako zuby motorovej p\u00edly"},"content":{"rendered":"<p>Na z\u00e1chranu braz\u00edlskej Amaz\u00f3nie e\u0161te nie je neskoro, ale ru\u010di\u010dky hod\u00edn tikaj\u00fa ako zuby motorovej p\u00edly.  Za prv\u00fdch osem mesiacov roku 2023 sa tempo odles\u0148ovania zn\u00ed\u017eilo o takmer 50 % v porovnan\u00ed s minul\u00fdm rokom. Odr\u00e1\u017ea to zmenu vl\u00e1dy. Jair Bolsonaro, braz\u00edlsky prezident v rokoch 2019 a\u017e 2022, bol otvoren\u00fdm kamar\u00e1tom drevoruba\u010dov a ran\u010derov, ktor\u00ed r\u00fabu a vypa\u013euj\u00fa da\u017e\u010fov\u00fd prales. <\/p>\n<p>Nielen\u017ee sa nesna\u017eil ich zastavi\u0165; i\u0161iel zo v\u0161etk\u00fdch s\u00edl, aby zbabral agent\u00fary obvinen\u00e9 z policajnej kontroly environment\u00e1lnych zlo\u010dinov.<\/p>\n<h1>Na z\u00e1chranu Amaz\u00f3nie e\u0161te nie je neskoro<br \/>ru\u010di\u010dky hod\u00edn tikaj\u00fa ako zuby motorovej p\u00edly<\/h1>\n<p>Jeho vyl\u00fa\u010denie voli\u010dmi v minulom roku poskytlo Amaz\u00f3nii ve\u013emi potrebn\u00fd oddych. Jeho n\u00e1stupca Luiz In\u00e1cio Lula da Silva sa skuto\u010dne star\u00e1 o ochranu. Feder\u00e1lni agenti, ktor\u00ed dr\u017eia zbrane, op\u00e4\u0165 vynakladaj\u00fa v\u00e1\u017ene \u00fasilie, aby zastavili neleg\u00e1lne \u0165a\u017eobn\u00e9 oper\u00e1cie a vyhodili do vzduchu ich vybavenie.<\/p>\n<p><img decoding=\"async\" class=\"cento\" id=\"imog2\" src=\"\/image\/brasol.jpg\" alt=\"Na z\u00e1chranu braz\u00edlskej Amaz\u00f3nie e\u0161te nie je neskoro, ale ru\u010di\u010dky hod\u00edn tikaj\u00fa ako zuby motorovej p\u00edly\" \/><\/p>\n<p>Svaly v\u0161ak sam\u00e9 o sebe nesta\u010dia. Aby v Amaz\u00f3nii nastolila nie\u010do, \u010do by sa podobalo vl\u00e1de z\u00e1kona, Lula sa sna\u017e\u00ed objasni\u0165, kto to vlastn\u00ed. Toto je u\u017e d\u00e1vno prekonan\u00e9. V s\u00fa\u010dasnosti tam eviduje n\u00e1roky na p\u00f4du najmenej 22 samostatn\u00fdch braz\u00edlskych agent\u00far. Sotva sa spolu rozpr\u00e1vaj\u00fa, tak\u017ee obrovsk\u00e9 lesy podliehaj\u00fa prekr\u00fdvaj\u00facim sa n\u00e1rokom. <\/p>\n<p>A neuverite\u013en\u00fdch 29 % braz\u00edlskej Amaz\u00f3nie je \u201eneozna\u010den\u00fdch\u201c, \u010do znamen\u00e1, \u017ee ide o verejn\u00fd pozemok, ale nikto sa nerozhodol, \u010di by to mala by\u0165 pr\u00edrodn\u00e1 rezerv\u00e1cia, p\u00f4vodn\u00e1 rezerv\u00e1cia alebo nie\u010do in\u00e9.<\/p>\n<p>Odles\u0148ovanie b\u00fdva najhor\u0161ie v oblastiach, kde s\u00fa vlastn\u00edcke pr\u00e1va zahmlen\u00e9. Ak nie je jasn\u00e9, kto vlastn\u00ed pozemok, je \u0165a\u017e\u0161ie pris\u00fadi\u0165 vinu za jeho zap\u00e1lenie. A trad\u00edcia miestnych \u00faradn\u00edkov, ktor\u00ed toleruj\u00fa zaberanie p\u00f4dy, to podporuje. Ran\u010deri sa sna\u017eia zisti\u0165 fakty v ter\u00e9ne vyr\u00faban\u00edm stromov, sp\u00e1len\u00edm podrastu a umiestnen\u00edm kr\u00e1v na novovytvoren\u00fa pastvinu. Mnoh\u00ed d\u00fafaj\u00fa, \u017ee aj ke\u010f je ich konanie nez\u00e1konn\u00e9, nakoniec bud\u00fa uznan\u00ed za vlastn\u00edkov p\u00f4dy, preto\u017ee sa to v minulosti \u010dasto st\u00e1valo.<\/p>\n<p>Lula sa sna\u017e\u00ed tieto stimuly zmeni\u0165. Presadzuje, aby sa neozna\u010den\u00e9 pozemky ozna\u010dili za chr\u00e1nen\u00e9 a aby sa v\u0161etky registre nehnute\u013enost\u00ed zl\u00fa\u010dili do jedn\u00e9ho s\u00favisl\u00e9ho syst\u00e9mu. Je to obrovsk\u00e1 \u00faloha, ktor\u00e1 zah\u0155\u0148a \u0161ikovn\u00e9 vyu\u017eitie satelitn\u00fdch \u00fadajov a digit\u00e1lnej technol\u00f3gie. Je to aj politicky pln\u00e9, ke\u010f\u017ee mnoh\u00ed \u0161t\u00e1tni a miestni politici s\u00fa \u00fastretov\u00ed k farm\u00e1rskej a \u0165a\u017eobnej loby a bud\u00fa si \u017eiarlivo str\u00e1\u017ei\u0165 svoj vplyv na rozde\u013eovanie p\u00f4dy. <\/p>\n<p>Je to v\u0161ak z\u00e1sadn\u00fd krok k nastoleniu poriadku v jednom z najd\u00f4le\u017eitej\u0161\u00edch bi\u00f3mov Zeme. Amaz\u00f3nia je obrovsk\u00fdm skladom uhl\u00edka, pokladnicou biodiverzity a z\u00e1kladn\u00fdm regul\u00e1torom zr\u00e1\u017eok, ktor\u00e9 \u017eivia Ju\u017en\u00fa Ameriku. Jeho strata by bola glob\u00e1lnou katastrofou \u2013 a vedci sa ob\u00e1vaj\u00fa, \u017ee m\u00f4\u017ee by\u0165 bl\u00edzko \u201e bodu zlomu \u201c, ke\u010f zmizlo to\u013eko lesa, \u017ee sa rozpadne vodn\u00fd cyklus, ktor\u00fd ho udr\u017eiava.<\/p>\n<p>To je d\u00f4vod, pre\u010do by zvy\u0161ok sveta mal pom\u00f4c\u0165 zaplati\u0165 za jeho zachovanie. Na COP 1. decembra 2023 Lula po\u017eiadal o peniaze, aby miestnym \u013eu\u010fom v rozvojov\u00fdch krajin\u00e1ch poskytol ekonomick\u00e9 alternat\u00edvy k v\u00fdrubu da\u017e\u010fov\u00fdch pralesov. Jeho minister \u017eivotn\u00e9ho prostredia na\u010drtol ambici\u00f3zny pl\u00e1n: fond vo v\u00fd\u0161ke 250 mili\u00e1rd dol\u00e1rov, ktor\u00fd by vyplatil pevn\u00fa sumu za hekt\u00e1r lesa krajin\u00e1m, ktor\u00e9 br\u00e1nia tomu, aby sa ich lesy ka\u017edoro\u010dne zmen\u0161ovali o viac ne\u017e len ve\u013emi mal\u00fa sumu. <\/p>\n<p>Braz\u00edlia d\u00fafa, \u017ee financovanie na to bude poch\u00e1dza\u0165 zo \u0161t\u00e1tnych investi\u010dn\u00fdch fondov. Nieko\u013eko africk\u00fdch l\u00eddrov pod\u00e1va podobn\u00e9 v\u00fdzvy, niektor\u00e9 zah\u0155\u0148aj\u00fa odpustenie dlhov v\u00fdmenou za ochranu pr\u00edrody. <\/p>\n<p>Je nepravdepodobn\u00e9, \u017ee by Lula z\u00edskal 250 mili\u00e1rd dol\u00e1rov je to ove\u013ea viac, ako sa doteraz pon\u00fakalo. A nie v\u0161etky vl\u00e1dy, ktor\u00e9 \u017eiadaj\u00fa o hotovos\u0165, ich pravdepodobne m\u00ed\u0148aj\u00fa rozumne. Existuje v\u0161ak slu\u0161n\u00e1 \u0161anca, \u017ee Braz\u00edlia by mohla dobre vyu\u017ei\u0165 extern\u00e9 financovanie, ktor\u00e9 ve\u013emi potrebuje. <\/p>\n<p>\u017diadne mno\u017estvo presadzovania nezabr\u00e1ni \u013eu\u010fom v r\u00faban\u00ed stromov, ak nevidia in\u00fd sp\u00f4sob, ako si zarobi\u0165 na \u017eivobytie, neleg\u00e1lni ban\u00edci, ktor\u00fdch vybavenie vyhod\u00ed do vzduchu environment\u00e1lna pol\u00edcia, m\u00f4\u017eu jednoducho \u00eds\u0165 pracova\u0165 na farmy s hov\u00e4dz\u00edm m\u00e4som vytesan\u00e9 z da\u017e\u010fov\u00e9ho pralesa. <\/p>\n<p>Okrem toho, ak sa Lulovo \u00fasilie o z\u00e1chranu stromov bude dr\u017ea\u0165 len palice a \u017eiadnej mrkvy, je pravdepodobnej\u0161ie, \u017ee v \u010fal\u0161\u00edch vo\u013eb\u00e1ch prehr\u00e1 s rivalom, ktor\u00fd je viac podobn\u00fd Bolsonarovi. Bohat\u00e9 krajiny by sa teda mali zapoji\u0165. A Braz\u00edlia by mala by\u0165 otvorenej\u0161ia zahrani\u010dn\u00e9mu poradenstvu, expert\u00edze a pomoci na mieste, ne\u017e tomu bolo v minulosti. Na z\u00e1chranu Amaz\u00f3nie e\u0161te nie je neskoro.<\/p>\n","protected":false},"excerpt":{"rendered":"<p>Na z\u00e1chranu braz\u00edlskej Amaz\u00f3nie e\u0161te nie je neskoro, ale ru\u010di\u010dky hod\u00edn tikaj\u00fa ako zuby motorovej p\u00edly. Za prv\u00fdch osem mesiacov roku 2023 sa tempo odles\u0148ovania zn\u00ed\u017eilo o takmer 50 % v porovnan\u00ed s minul\u00fdm rokom. Odr\u00e1\u017ea to zmenu vl\u00e1dy. Jair Bolsonaro, braz\u00edlsky prezident v rokoch 2019 a\u017e 2022, bol otvoren\u00fdm kamar\u00e1tom drevoruba\u010dov a ran\u010derov, ktor\u00ed [&hellip;]<\/p>\n","protected":false},"author":1,"featured_media":0,"comment_status":"closed","ping_status":"open","sticky":false,"template":"","format":"standard","meta":{"footnotes":""},"categories":[5],"tags":[],"class_list":["post-29497","post","type-post","status-publish","format-standard","hentry","category-exo-news"],"_links":{"self":[{"href":"https:\/\/extraslovensko.sk\/spravy\/wp-json\/wp\/v2\/posts\/29497","targetHints":{"allow":["GET"]}}],"collection":[{"href":"https:\/\/extraslovensko.sk\/spravy\/wp-json\/wp\/v2\/posts"}],"about":[{"href":"https:\/\/extraslovensko.sk\/spravy\/wp-json\/wp\/v2\/types\/post"}],"author":[{"embeddable":true,"href":"https:\/\/extraslovensko.sk\/spravy\/wp-json\/wp\/v2\/users\/1"}],"replies":[{"embeddable":true,"href":"https:\/\/extraslovensko.sk\/spravy\/wp-json\/wp\/v2\/comments?post=29497"}],"version-history":[{"count":4,"href":"https:\/\/extraslovensko.sk\/spravy\/wp-json\/wp\/v2\/posts\/29497\/revisions"}],"predecessor-version":[{"id":29501,"href":"https:\/\/extraslovensko.sk\/spravy\/wp-json\/wp\/v2\/posts\/29497\/revisions\/29501"}],"wp:attachment":[{"href":"https:\/\/extraslovensko.sk\/spravy\/wp-json\/wp\/v2\/media?parent=29497"}],"wp:term":[{"taxonomy":"category","embeddable":true,"href":"https:\/\/extraslovensko.sk\/spravy\/wp-json\/wp\/v2\/categories?post=29497"},{"taxonomy":"post_tag","embeddable":true,"href":"https:\/\/extraslovensko.sk\/spravy\/wp-json\/wp\/v2\/tags?post=29497"}],"curies":[{"name":"wp","href":"https:\/\/api.w.org\/{rel}","templated":true}]}}