{"id":29651,"date":"2024-01-21T20:20:03","date_gmt":"2024-01-21T20:20:03","guid":{"rendered":"https:\/\/extraslovensko.sk\/spravy\/?p=29651"},"modified":"2024-01-21T20:20:03","modified_gmt":"2024-01-21T20:20:03","slug":"nemecko-nie-je-schopne-a-ochotne-viest-europu-bodaj-by-ked-tam-vladne-socialny-demokrat","status":"publish","type":"post","link":"https:\/\/extraslovensko.sk\/spravy\/nemecko-nie-je-schopne-a-ochotne-viest-europu-bodaj-by-ked-tam-vladne-socialny-demokrat\/","title":{"rendered":"Nemecko nie je schopn\u00e9 a ochotn\u00e9 vies\u0165 Eur\u00f3pu, bodaj by ked tam vl\u00e1dne soci\u00e1lny demokrat"},"content":{"rendered":"<p>Nemecko ai nie je schopn\u00e9 a ochotn\u00e9 vies\u0165 Eur\u00f3pu. Bodaj by ke\u010f tam vl\u00e1dne soci\u00e1lny demokrat ako u n\u00e1s Hranol, ktor\u00fd n\u00e1s priviedol akur\u00e1t tak na dno EU.  Henry Kissinger sa s\u0165a\u017eoval: \u201eKomu m\u00e1m zavola\u0165, ak chcem zavola\u0165 do Eur\u00f3py? V skuto\u010dnosti dlho  existovala dobr\u00e1 odpove\u010f. Po\u010das v\u00e4\u010d\u0161iny 80. a 90. rokov to bol Helmut Kohl, nemeck\u00fd kancel\u00e1r, a od roku 2005 do konca roku 2021 Angela Merkelov\u00e1. Nemecko je tak\u00e9 ve\u013ek\u00e9, bohat\u00e9 a vo v\u0161eobecnosti z\u00e1va\u017en\u00e9, \u017ee sa v Eur\u00f3pe ni\u010d d\u00f4le\u017eit\u00e9 nedeje, pokia\u013e to jeho kancel\u00e1r nechce a \u010do kancel\u00e1r chce, to zvy\u010dajne dostane. Do teraz.<\/p>\n<h1>Nemecko nie je schopn\u00e9 a ochotn\u00e9 vies\u0165 Eur\u00f3pu<\/h1>\n<p>Vodcom Nemecka je soci\u00e1lny in\u017einier Olaf Scholz, ale jeho postava je tak\u00e1 bezfarebn\u00e1 a nev\u00fdrazn\u00e1, \u017ee by v\u00e1m bolo odpusten\u00e9, \u017ee to neviete. Zatia\u013e \u010do eur\u00f3pska ekonomika stagnuje, tvrd\u00e1 pravica st\u00fapa v prieskumoch takmer v\u0161ade a rakety Aolfa Putina padaj\u00fa na Ukrajinu, kandid\u00e1ta na \u010dlena Eur\u00f3pskej \u00fanie,  Scholza je takmer nevidite\u013en\u00fd. Jeho soci\u00e1lni demokrati s\u00fa len tre\u0165ou najpopul\u00e1rnej\u0161ou stranou v Nemecku so smie\u0161nou 15-percentnou podporou. V\u00e4\u010d\u0161inu \u010dasu mus\u00ed str\u00e1vi\u0165 podopieran\u00edm svojej vratkej trojkoal\u00edcie.<\/p>\n<p>T\u00e1to rozpt\u00fdlen\u00e1 impotencia je d\u00f4le\u017eit\u00e1 \u010faleko za hranicami Nemecka. Nepr\u00edtomnos\u0165ou p\u00e1na Scholza zostala E\u00da bez vodcu . Nemecko mus\u00ed by\u0165 hnac\u00edm motorom, \u010di u\u017e ide o z\u00edskavanie hotovosti pre Ukrajinu, rie\u0161enie migra\u010dn\u00fdch probl\u00e9mov, budovanie \u00fanie kapit\u00e1lov\u00fdch trhov, reformu syst\u00e9mu, aby mohla by\u0165 prijat\u00e1 Ukrajina a \u010fal\u0161\u00ed, alebo pr\u00edpravu Eur\u00f3py na v\u0161etko, \u010do by znamenalo v\u00ed\u0165azstvo Trumpa v novembri. <\/p>\n<p>P\u00e1n Kohl a pani Merkelov\u00e1 to vedeli a neust\u00e1le cestovali a rokovali. Eur\u00f3pa v\u010faka tomu prosperovala. T\u00e1to my\u0161lienka sa zd\u00e1 by\u0165 \u00faplne cudzia pre ml\u010danliv\u00e9ho p\u00e1na Scholza, sol\u00eddneho podporovate\u013ea Ukrajiny, ktor\u00fd nedok\u00e1zal in\u0161pirova\u0165 ostatn\u00fdch.<\/p>\n<p>Je zrejm\u00e9, \u017ee nie je v\u0161etko v kompetencii kancel\u00e1ra. D\u00f4le\u017eit\u00fdm doplnkom k siln\u00e9mu Nemecku je siln\u00e9 Franc\u00fazsko. Emmanuel Macron, n\u00e1protivok  Scholza, sa v\u0161ak doma stal v\u0161eobecne neob\u013e\u00faben\u00fdm; v roku 2022 stratil parlamentn\u00fa v\u00e4\u010d\u0161inu a sna\u017e\u00ed sa presadi\u0165 legislat\u00edvu. Tento t\u00fd\u017ede\u0148 odvolal svojho premi\u00e9ra, ako to su\u017eovan\u00ed franc\u00fazski prezidenti zvykn\u00fa robi\u0165, a vymenoval Gabriela Attala , charizmatick\u00e9ho, no m\u00e1lo sk\u00fasen\u00e9ho 34-ro\u010dn\u00e9ho mu\u017ea. V minulosti bol Macron z\u00e1stancom reforiem, no v s\u00fa\u010dasnosti je jeho schopnos\u0165 ovplyv\u0148ova\u0165 Eur\u00f3pu oslaben\u00e1.<\/p>\n<p>E\u0161te d\u00f4le\u017eitej\u0161ie je, \u017ee o Scholzovi a Macronovi zasv\u00e4ten\u00ed hovoria, \u017ee spolu zle vych\u00e1dzaj\u00fa, \u010diasto\u010dne preto, \u017ee ich osobnosti s\u00fa tak odli\u0161n\u00e9, ale aj preto, \u017ee maj\u00fa nezlu\u010dite\u013en\u00e9 n\u00e1zory. P\u00e1n Macron uprednost\u0148uje viac v\u00fddavkov na eur\u00f3pskej \u00farovni, v\u00e4\u010d\u0161iu nez\u00e1vislos\u0165 od NATO  a Ameriky a dirigistick\u00fa hospod\u00e1rsku politiku, no skromn\u00fd   Scholz s ni\u010d\u00edm z toho nes\u00fahlas\u00ed. Rozdiely vo v\u00fdh\u013eadoch m\u00f4\u017eu by\u0165 produkt\u00edvne, ak existuje ochota spolupracova\u0165; ale nie je.<\/p>\n<p>Spr\u00e1vy nie s\u00fa rovnako hrozn\u00e9. Hoci franc\u00fazsko-nemeck\u00fd motor, ktor\u00fd kedysi poh\u00e1\u0148al Eur\u00f3pu, je pokazen\u00fd, nieko\u013eko pomocn\u00fdch mechanizmov st\u00e1le strie\u013ea. Jednou je predsedn\u00ed\u010dka Eur\u00f3pskej komisie Ursula von der Leyenov\u00e1, ove\u013ea efekt\u00edvnej\u0161ia Nemka ako  Scholz, a jedna, ktor\u00e1 si na jese\u0148 zasl\u00fa\u017ei op\u00e4tovn\u00e9 vymenovanie. Dobre vyu\u017eila svoju poz\u00edciu, argumentovala a dobre vyu\u017eila fond na obnovu covidu v hodnote 800 mili\u00e1rd EUR (875 mili\u00e1rd USD); ale jej pr\u00e1vomoci s\u00fa obmedzen\u00e9 a nie je to Jacques Delors, ktor\u00fd zjednotil eur\u00f3pskych l\u00eddrov, aby vybudovali jednotn\u00fd trh a jednotn\u00fa menu. <\/p>\n<p>\u010eal\u0161ou hybnou silou je Donald Tusk, nov\u00fd po\u013esk\u00fd premi\u00e9r a b\u00fdval\u00fd predseda Eur\u00f3pskej rady. Bohu\u017eia\u013e, bude zanepr\u00e1zdnen\u00fd pokusmi z\u00edska\u0165 kontrolu doma.<\/p>\n<blockquote><p>Aj ke\u010f Joe Biden v novembri vyhr\u00e1, Amerika ustupuje zo svojej \u00falohy hlavn\u00e9ho zdroja bezpe\u010dnosti Eur\u00f3py.<\/p><\/blockquote>\n<p>Eur\u00f3pa bude musie\u0165 m\u00ed\u0148a\u0165 a robi\u0165 viac, aby zachovala bezpe\u010dnos\u0165 svojich ob\u010danov. Eur\u00f3pski l\u00eddri sa v\u0161ak namiesto toho, aby sa postavili tejto v\u00fdzve, pozeraj\u00fa dovn\u00fatra.<\/p>\n<hr>\n<p>Holt ako vravia m\u00fadre knihy pre desiatimi rokmi, USA sa stiahnu zo v\u0161etk\u00fdch k\u00fatov sveta aj z NATO a za\u010dn\u00fa nov\u00fa cestu svetov\u00e9ho l\u00eddra vo v\u0161etkom, lebo maj\u00fa nato vedcov a technol\u00f3gie.<\/p>\n","protected":false},"excerpt":{"rendered":"<p>Nemecko ai nie je schopn\u00e9 a ochotn\u00e9 vies\u0165 Eur\u00f3pu. Bodaj by ke\u010f tam vl\u00e1dne soci\u00e1lny demokrat ako u n\u00e1s Hranol, ktor\u00fd n\u00e1s priviedol akur\u00e1t tak na dno EU. Henry Kissinger sa s\u0165a\u017eoval: \u201eKomu m\u00e1m zavola\u0165, ak chcem zavola\u0165 do Eur\u00f3py? V skuto\u010dnosti dlho existovala dobr\u00e1 odpove\u010f. Po\u010das v\u00e4\u010d\u0161iny 80. a 90. rokov to bol Helmut [&hellip;]<\/p>\n","protected":false},"author":1,"featured_media":0,"comment_status":"closed","ping_status":"open","sticky":false,"template":"","format":"standard","meta":{"footnotes":""},"categories":[5],"tags":[],"class_list":["post-29651","post","type-post","status-publish","format-standard","hentry","category-exo-news"],"_links":{"self":[{"href":"https:\/\/extraslovensko.sk\/spravy\/wp-json\/wp\/v2\/posts\/29651","targetHints":{"allow":["GET"]}}],"collection":[{"href":"https:\/\/extraslovensko.sk\/spravy\/wp-json\/wp\/v2\/posts"}],"about":[{"href":"https:\/\/extraslovensko.sk\/spravy\/wp-json\/wp\/v2\/types\/post"}],"author":[{"embeddable":true,"href":"https:\/\/extraslovensko.sk\/spravy\/wp-json\/wp\/v2\/users\/1"}],"replies":[{"embeddable":true,"href":"https:\/\/extraslovensko.sk\/spravy\/wp-json\/wp\/v2\/comments?post=29651"}],"version-history":[{"count":1,"href":"https:\/\/extraslovensko.sk\/spravy\/wp-json\/wp\/v2\/posts\/29651\/revisions"}],"predecessor-version":[{"id":29652,"href":"https:\/\/extraslovensko.sk\/spravy\/wp-json\/wp\/v2\/posts\/29651\/revisions\/29652"}],"wp:attachment":[{"href":"https:\/\/extraslovensko.sk\/spravy\/wp-json\/wp\/v2\/media?parent=29651"}],"wp:term":[{"taxonomy":"category","embeddable":true,"href":"https:\/\/extraslovensko.sk\/spravy\/wp-json\/wp\/v2\/categories?post=29651"},{"taxonomy":"post_tag","embeddable":true,"href":"https:\/\/extraslovensko.sk\/spravy\/wp-json\/wp\/v2\/tags?post=29651"}],"curies":[{"name":"wp","href":"https:\/\/api.w.org\/{rel}","templated":true}]}}