{"id":29659,"date":"2024-01-28T14:15:14","date_gmt":"2024-01-28T14:15:14","guid":{"rendered":"https:\/\/extraslovensko.sk\/spravy\/?p=29659"},"modified":"2024-01-28T14:48:40","modified_gmt":"2024-01-28T14:48:40","slug":"sovietske-spionazne-usilie-o-ziskanie-tajomstiev-atomovej-bomby-z-ameriky-sudoplatov","status":"publish","type":"post","link":"https:\/\/extraslovensko.sk\/spravy\/sovietske-spionazne-usilie-o-ziskanie-tajomstiev-atomovej-bomby-z-ameriky-sudoplatov\/","title":{"rendered":"Sovietske \u0161pion\u00e1\u017ene \u00fasilie o z\u00edskanie tajomstiev at\u00f3movej bomby z Ameriky, Sudoplatov"},"content":{"rendered":"<p>Sovietske \u0161pion\u00e1\u017ene \u00fasilie ZSSR o z\u00edskanie tajomstiev at\u00f3movej bomby z Ameriky, Pavel Sudoplatov. Ako pri\u0161li rusi k at\u00f3movej bombe, ktr\u00fa n\u00e1m teraz radi h\u00e1d\u017eu na hlavy. Autor: Vol\u00e1m sa Pavel Anatolievi\u010d Sudoplatov, ale neo\u010dak\u00e1vam, \u017ee to spozn\u00e1te, preto\u017ee p\u00e4\u0165desiatosem rokov to bolo jedno z najlep\u0161ie str\u00e1\u017een\u00fdch tajomstiev v Sovietskom zv\u00e4ze. Mo\u017eno si mysl\u00edte, \u017ee ma pozn\u00e1te pod in\u00fdmi menami: Centrum, Riadite\u013e alebo \u0161\u00e9f Smersh (skratka pre Death to Spies), men\u00e1, pod ktor\u00fdmi ma na Z\u00e1pade nespr\u00e1vne identifikovali.<\/p>\n<h1>Sovietske \u0161pion\u00e1\u017ene \u00fasilie o z\u00edskanie tajomstiev at\u00f3movej bomby z Ameriky<\/h1>\n<p>Moja administrat\u00edva pre \u0161peci\u00e1lne \u00falohy bola zodpovedn\u00e1 za sabot\u00e1\u017e, \u00fanosy a vra\u017edy na\u0161ich nepriate\u013eov za hranicami krajiny. I\u0161lo o \u0161peci\u00e1lne oddelenie pracuj\u00face v sovietskej bezpe\u010dnostnej slu\u017ebe. Bol som zodpovedn\u00fd za atent\u00e1t na Trock\u00e9ho a po\u010das druhej svetovej vojny som mal na starosti partiz\u00e1nsku vojnu a dezinform\u00e1cie v Nemecku a na \u00fazemiach okupovan\u00fdch Nemcami.<br \/>\n<img decoding=\"async\" class=\"cento\" src=\"\/image\/sudoplatov.jpg\" alt=\"Sovietske \u0161pion\u00e1\u017ene \u00fasilie ZSSR o z\u00edskanie tajomstiev at\u00f3movej bomby z Ameriky, Sudoplatov\" \/><br \/>\nPo vojne som pokra\u010doval v riaden\u00ed ileg\u00e1lnych siet\u00ed v zahrani\u010d\u00ed, ktor\u00fdch \u00fa\u010delom bolo sabotova\u0165 americk\u00e9 a NATO zariadenia v pr\u00edpade vypuknutia nepriate\u013estva. Mal som na starosti aj sovietske \u0161pion\u00e1\u017ene \u00fasilie o z\u00edskanie tajomstiev at\u00f3movej bomby z Ameriky a Ve\u013ekej Brit\u00e1nie. <\/p>\n<p>Zalo\u017eil som sie\u0165 neleg\u00e1lov, ktor\u00ed presved\u010dili Roberta Oppenheimera, Enrica Fermiho, Lea Szilarda, Bruna Pontecorva, Alana Nunna Maya, Klausa Fuchsa a \u010fal\u0161\u00edch vedcov v Amerike a Ve\u013ekej Brit\u00e1nii, aby sa s nami podelili o svoje at\u00f3mov\u00e9 tajomstv\u00e1. Je zvl\u00e1\u0161tne obzrie\u0165 sa p\u00e4\u0165desiat rokov dozadu a znovu vytvori\u0165 mentalitu, ktor\u00e1 n\u00e1s viedla k pomste na na\u0161ich nepriate\u013eoch s chladnou sebaistotou.<\/p>\n<p>Neverili sme, \u017ee v zabit\u00ed Trock\u00e9ho alebo ktor\u00e9hoko\u013evek in\u00e9ho z na\u0161ich b\u00fdval\u00fdch kamar\u00e1tov, ktor\u00ed sa obr\u00e1tili proti n\u00e1m, s\u00fa nejak\u00e9 mor\u00e1lne ot\u00e1zky. Verili sme, \u017ee sme v boji na \u017eivot a na smr\u0165 o z\u00e1chranu n\u00e1\u0161ho ve\u013ek\u00e9ho experimentu, vytvorenia nov\u00e9ho soci\u00e1lneho syst\u00e9mu, ktor\u00fd by chr\u00e1nil a poskytoval d\u00f4stojnos\u0165 v\u0161etk\u00fdm pracuj\u00facim a odstr\u00e1nil chamtivos\u0165 a \u00fatlak kapitalistick\u00e9ho zisku. <\/p>\n<blockquote><p>Verili sme, \u017ee ka\u017ed\u00e1 z\u00e1padn\u00e1 krajina n\u00e1s nen\u00e1vid\u00ed a priala si vidie\u0165 na\u0161u z\u00e1hubu. Preto ka\u017ed\u00fd, kto nebol za n\u00e1s, bol proti n\u00e1m.<\/p><\/blockquote>\n<p>Vo Ve\u013ekej vlasteneckej vojne proti Hitlerovi sa boj medzi dobrom a zlom zjednodu\u0161il. V\u0161etci antinacisti vedeli, \u017ee sme jedinou n\u00e1dejou na zni\u010denie fa\u0161istick\u00e9ho re\u017eimu. Dobr\u00ed mu\u017ei a \u017eeny ka\u017edej n\u00e1rodnosti sa stali prokomunistick\u00fdmi a polo\u017eili svoje \u017eivoty v tejto jasnej veci za \u013eudsk\u00fa slobodu. V na\u0161ich mysliach nebolo poch\u00fdb o tom, \u017ee sme sa museli nau\u010di\u0165 zostroji\u0165 at\u00f3mov\u00fa bombu sk\u00f4r ako Nemci. <\/p>\n<p>\u0160tvalo n\u00e1s, \u017ee Ameri\u010dania postupovali na tomto poli bez n\u00e1s, hoci boli na\u0161imi vojnov\u00fdmi spojencami proti Nemecku.<\/p>\n<blockquote><p> Preto bola ka\u017ed\u00e1 kr\u00e1de\u017e at\u00f3mov\u00fdch tajomstiev hrdinsk\u00fdm \u010dinom. Ka\u017ed\u00fd vedec, ktor\u00fd odovzdal sch\u00e9my a vzorce na v\u00fdrobu bomby, bol pova\u017eovan\u00fd za sovietskeho hrdinu pracuj\u00faceho za svetov\u00fd mier. <\/p><\/blockquote>\n<p>Po por\u00e1\u017eke Hitlera bolo menej jasn\u00e9, kto bol proti n\u00e1m a kto bol iba kritick\u00fd vo\u010di na\u0161im met\u00f3dam. Na tieto rozdiely sme nemali \u010das ani trpezlivos\u0165. Dobr\u00ed mu\u017ei, ktor\u00ed riskovali svoje \u017eivoty a trpeli mu\u010den\u00edm zo strany nacistov, str\u00e1vili roky v cel\u00e1ch v Lubjanke len preto, \u017ee pochybovali, \u017ee to vieme najlep\u0161ie. V\u00fdsledkom bolo, \u017ee sme si v sebe vytvorili slabos\u0165, ktor\u00fa sme nikdy neprekonali. <\/p>\n<p>Nikdy sme sa nenau\u010dili, ako za\u010dleni\u0165 a vysporiada\u0165 sa s rozmanitos\u0165ou. Vy na Z\u00e1pade m\u00e1te tie\u017e svoje slab\u00e9 str\u00e1nky. Rozmanitos\u0165 v Amerike, mno\u017estvo komun\u00edt pris\u0165ahovalcov naroden\u00fdch v zahrani\u010d\u00ed vo va\u0161ej popul\u00e1cii, s\u00fa p\u00fdchou v\u00e1\u0161ho taviaceho kotla. V r\u00e1mci t\u00fdchto komun\u00edt sme v\u0161ak dok\u00e1zali z\u00edska\u0165 tis\u00edce agentov pripraven\u00fdch v\u00e1s zni\u010di\u0165 v pr\u00edpade, \u017ee medzi nami vypukne vojna. <\/p>\n<p>Po\u010das druhej svetovej vojny sa viac ako dev\u00e4\u0165desiat percent osamel\u00fdch vojakov roz\u0161\u00edrilo po celej z\u00e1padnej Eur\u00f3pe, ktor\u00ed n\u00e1m poslali z\u00e1sadn\u00e9 inform\u00e1cie, ktor\u00e9 n\u00e1m umo\u017enili odrazi\u0165 nemeck\u00fa inv\u00e1ziu, boli \u017didia, ktor\u00fdch nen\u00e1vis\u0165 k Hitlerovi podnietila riskova\u0165 svoje \u017eivoty a rodiny. Ke\u010f sa v\u0161ak po druhej svetovej vojne z\u00e1padn\u00e1 vlna sentimentu obr\u00e1tila proti Sovietskemu zv\u00e4zu a <strong>na\u0161e vlastn\u00e9 vn\u00fatorn\u00e9 konflikty vo veden\u00ed n\u00e1s oslabili, obr\u00e1tili sme sa proti \u017didom, ktor\u00ed n\u00e1m loj\u00e1lne sl\u00fa\u017eili.<\/strong><\/p>\n<p>Moja \u017eena Emma, podplukovn\u00edk v KGB, ktor\u00e1 bola \u017didovka, hrdo sl\u00fa\u017eila. Odi\u0161la do d\u00f4chodku v roku 1949, pr\u00e1ve v\u010das, aby sa vyhla novej \u010distke \u017didov od bezpe\u010dnostn\u00fdch s\u00edl, ktor\u00e1 nebola v\u00fdsledkom akejko\u013evek neloj\u00e1lnosti, ale iba ich identifik\u00e1cie ako \u017didov v spravodajskej pr\u00e1ci. Bol som svedkom \u010distiek v 30., 40. a 50. rokoch 20. storo\u010dia a videl som, ako ovplyvnili v\u00fdvoj a hist\u00f3riu mojej krajiny. <\/p>\n<p>Pravda posledn\u00fdch p\u00e4\u0165desiatich rokov je st\u00e1le podriaden\u00e1 politicky sebeck\u00fdm interpret\u00e1ci\u00e1m udalost\u00ed. T\u00ed, ktor\u00ed tvrdia, \u017ee p\u00ed\u0161u na\u0161u hist\u00f3riu, nem\u00f4\u017eu vybieli\u0165 c\u00e1rske imp\u00e9rium a Lenina, aby jednoducho odhalili Stalina ako zlo\u010dinca, to je pr\u00edli\u0161 jednoduch\u00e9 vzh\u013eadom na jeho intelekt a v\u00edziu. V\u00ed\u0165azn\u00ed rusk\u00ed vl\u00e1dcovia v\u017edy sp\u00e1jali vlastnosti zlo\u010dincov a \u0161t\u00e1tnikov. <\/p>\n<p>V tejto s\u00favislosti sa prehliada, \u017ee Stalin a Berija, ktor\u00ed zohrali v na\u0161ich dejin\u00e1ch tragick\u00e9 a zlo\u010dineck\u00e9 \u00falohy, zohrali z\u00e1rove\u0148 aj kon\u0161trukt\u00edvnu rolu, ktor\u00e1 zmenila Sovietsky zv\u00e4z na at\u00f3mov\u00fa superve\u013emoc. Je to \u00faspech, ktor\u00fd ur\u010dil, ako sa bud\u00fa dia\u0165 udalosti vo svete. <\/p>\n<p>Mus\u00edme sa teda sp\u00fdta\u0165, ako t\u00edto jednotlivci vystupovali ako \u0161t\u00e1tnici? Ak\u00e9 boli pravidl\u00e1 hry vo vn\u00fatornom v\u00fdvoji sovietskeho super\u0161t\u00e1tu od tridsiatych rokov do Stalinovej smrti v roku 1953 a potom za jeho dedi\u010dov? Moje z\u00e1very s\u00fa zalo\u017een\u00e9 na mojej osobnej anga\u017eovanosti s t\u00fdmito \u013eu\u010fmi a udalos\u0165ami. <\/p>\n<p>\u017dia\u013e, pre svoju politick\u00fa citlivos\u0165 vych\u00e1dza t\u00e1to kniha ako prv\u00e1 na Z\u00e1pade, aby sa zabezpe\u010dil jej pr\u00edstup k rusk\u00fdm \u010ditate\u013eom. D\u00fafam, \u017ee pre historikov bud\u00fa udalosti, ktor\u00e9 spom\u00ednam, a moje vysvetlenia u\u017eito\u010dn\u00e9. Nebudem nikoho bieli\u0165 a nemienim ospravedl\u0148ova\u0165 to, \u010do som robil ako pr\u00edslu\u0161n\u00edk zahrani\u010dnej spravodajskej slu\u017eby od 20. do za\u010diatku 50. rokov. <\/p>\n<p>Bola to in\u00e1 doba, in\u00e9 historick\u00e9 obdobie. Je potrebn\u00e9 pochopi\u0165 mechanizmus boja o moc a ako sa tento mechanizmus vyvinul do s\u00fa\u010dasn\u00e9ho Ruska.<\/p>\n<hr>\n<p>Nu\u017e o\u017erat\u00fd Moskovita nikdy ni\u010d nevymyslel, lebo m\u00e1 dodnes prepit\u00fd mozog DNA a v\u0161etko musel ukradn\u00fa\u0165. Ale my s\u010d\u00edtan\u00ed vieme, \u017ee im t\u00fa bombu USA komunisti radi dali. V pozad\u00ed bola toti\u017e hrozba pre na\u0161u civiliz\u00e1ciu o ktorej p\u00edsal Nikola Tesla a d\u00f4vod jeho vyn\u00e1lezu &#8211; Death Ray.<\/p>\n<p>Tento komunistick\u00fd vrah Sudoplatov o tom ur\u010dite nevedel. Len tak pre srandu narodil sa na dne\u0161nej Ukrajine: Ke\u010f vypukla ob\u010dianska vojna, ukrajinsk\u00fd nacionalisti vyhl\u00e1sili nez\u00e1visl\u00fa republiku a form\u00e1lne vyhl\u00e1sili vojnu Rusku a ukrajinsk\u00e9mu bo\u013e\u0161evick\u00e9mu vedeniu. Po\u010das dvoch neskor\u0161\u00edch obdob\u00ed, v 30. a op\u00e4\u0165 v 40. rokoch, som sa ocitol ako bojovn\u00edk v tej vojne, <strong>ktor\u00e1 sa form\u00e1lne skon\u010dila a\u017e v janu\u00e1ri 1992<\/strong>, ke\u010f Ukrajinsk\u00e1 exilov\u00e1 vl\u00e1da a zvy\u0161ok sveta uznali prezidenta Leonida Krav\u010duka za hlavu legit\u00edmnej vl\u00e1dy Ukrajiny, suver\u00e9nneho n\u00e1roda.<\/p>\n<p>V d\u00f4sledku \u0165a\u017ek\u00fdch str\u00e1t zo z\u00e1lohy bol na spravodajskom oddelen\u00ed div\u00edzie potrebn\u00fd telef\u00f3nny oper\u00e1tor a \u0161ifrov\u00fd referent. Poslali ma tam a tak sa za\u010dala moja kari\u00e9ra v bezpe\u010dnostnej slu\u017ebe ZSSR.<\/p>\n","protected":false},"excerpt":{"rendered":"<p>Sovietske \u0161pion\u00e1\u017ene \u00fasilie ZSSR o z\u00edskanie tajomstiev at\u00f3movej bomby z Ameriky, Pavel Sudoplatov. Ako pri\u0161li rusi k at\u00f3movej bombe, ktr\u00fa n\u00e1m teraz radi h\u00e1d\u017eu na hlavy. Autor: Vol\u00e1m sa Pavel Anatolievi\u010d Sudoplatov, ale neo\u010dak\u00e1vam, \u017ee to spozn\u00e1te, preto\u017ee p\u00e4\u0165desiatosem rokov to bolo jedno z najlep\u0161ie str\u00e1\u017een\u00fdch tajomstiev v Sovietskom zv\u00e4ze. Mo\u017eno si mysl\u00edte, \u017ee ma [&hellip;]<\/p>\n","protected":false},"author":1,"featured_media":0,"comment_status":"closed","ping_status":"open","sticky":false,"template":"","format":"standard","meta":{"footnotes":""},"categories":[7],"tags":[],"class_list":["post-29659","post","type-post","status-publish","format-standard","hentry","category-knihy"],"_links":{"self":[{"href":"https:\/\/extraslovensko.sk\/spravy\/wp-json\/wp\/v2\/posts\/29659","targetHints":{"allow":["GET"]}}],"collection":[{"href":"https:\/\/extraslovensko.sk\/spravy\/wp-json\/wp\/v2\/posts"}],"about":[{"href":"https:\/\/extraslovensko.sk\/spravy\/wp-json\/wp\/v2\/types\/post"}],"author":[{"embeddable":true,"href":"https:\/\/extraslovensko.sk\/spravy\/wp-json\/wp\/v2\/users\/1"}],"replies":[{"embeddable":true,"href":"https:\/\/extraslovensko.sk\/spravy\/wp-json\/wp\/v2\/comments?post=29659"}],"version-history":[{"count":7,"href":"https:\/\/extraslovensko.sk\/spravy\/wp-json\/wp\/v2\/posts\/29659\/revisions"}],"predecessor-version":[{"id":29666,"href":"https:\/\/extraslovensko.sk\/spravy\/wp-json\/wp\/v2\/posts\/29659\/revisions\/29666"}],"wp:attachment":[{"href":"https:\/\/extraslovensko.sk\/spravy\/wp-json\/wp\/v2\/media?parent=29659"}],"wp:term":[{"taxonomy":"category","embeddable":true,"href":"https:\/\/extraslovensko.sk\/spravy\/wp-json\/wp\/v2\/categories?post=29659"},{"taxonomy":"post_tag","embeddable":true,"href":"https:\/\/extraslovensko.sk\/spravy\/wp-json\/wp\/v2\/tags?post=29659"}],"curies":[{"name":"wp","href":"https:\/\/api.w.org\/{rel}","templated":true}]}}