{"id":29836,"date":"2024-06-05T17:02:29","date_gmt":"2024-06-05T17:02:29","guid":{"rendered":"https:\/\/extraslovensko.sk\/spravy\/?p=29836"},"modified":"2024-06-05T17:21:09","modified_gmt":"2024-06-05T17:21:09","slug":"vo-volbach-do-eu-2024-dominuju-skandaly-krajne-pravicove-strany","status":"publish","type":"post","link":"https:\/\/extraslovensko.sk\/spravy\/vo-volbach-do-eu-2024-dominuju-skandaly-krajne-pravicove-strany\/","title":{"rendered":"Vo vo\u013eb\u00e1ch do E\u00da 2024 dominuj\u00fa \u0161kand\u00e1ly, krajne pravicov\u00e9 strany"},"content":{"rendered":"<p>Vo vo\u013eb\u00e1ch do E\u00da dominuj\u00fa samozrejme \u0161kand\u00e1ly, desiatky kandid\u00e1tov maj\u00fa po\u0161kvrnen\u00fa minulos\u0165. Cesta k vo\u013eb\u00e1m do Eur\u00f3pskeho parlamentu v roku 2024 je vydl\u00e1\u017eden\u00e1 \u0161kand\u00e1lmi. Zd\u00e1 sa, \u017ee najm\u00e4 pravicov\u00e9 a krajne pravicov\u00e9 strany sa pr\u00edli\u0161 neob\u00e1vaj\u00fa zara\u010fovania kandid\u00e1tov na svoje volebn\u00e9 listiny, ktor\u00ed boli obvinen\u00ed alebo dokonca ods\u00faden\u00ed za podvody s verejn\u00fdmi zdrojmi alebo za prij\u00edmanie \u00faplatkov od cudz\u00edch mocnost\u00ed, cezhrani\u010dn\u00e9 vy\u0161etrovanie s novin\u00e1rmi z celej Eur\u00f3py prezr\u00e1dza. <\/p>\n<h1>Vo vo\u013eb\u00e1ch do E\u00da 2024 dominuj\u00fa \u0161kand\u00e1ly, krajne pravicov\u00e9 strany<\/h1>\n<p>Teraz je na voli\u010doch, aby rozhodli, komu bud\u00fa najviac d\u00f4verova\u0165, aby ich zastupoval nasleduj\u00facich p\u00e4\u0165 rokov v Bruseli.<\/p>\n<p>Nie\u010do pre t\u00fdch ktor\u00fd maj\u00fa radi Fico videa z chaty o chud\u00e1koch ubl\u00ed\u017een\u00fdch. Stredoprav\u00e9 a pravicov\u00e9 eur\u00f3pske skupiny EPP, ECR a ID spolu tvoria 62 z 86 kandid\u00e1tov, ktor\u00fdch postihol \u0161kand\u00e1l (alebo 56, ak zoberiete do \u00favahy ned\u00e1vne vyl\u00fa\u010denie nemeckej strany AfD skupinou ID).<\/p>\n<p>Vysok\u00e9 \u010d\u00edsla mo\u017eno pod\u013ea odborn\u00edkov s\u010dasti vysvetli\u0165 spolo\u010denskou stigmou niektor\u00fdch pravicov\u00fdch str\u00e1n: z\u00e1ujemcov o kandidat\u00faru do parlamentu bude menej kvalifikovan\u00fdch, a t\u00fdm p\u00e1dom aj menej \u013eud\u00ed na v\u00fdber pre tieto strany. \u010eal\u0161\u00edm vysvetlen\u00edm je, \u017ee t\u00fdmto stran\u00e1m a ich voli\u010dom a\u017e tak nez\u00e1le\u017e\u00ed na nie\u010dej povesti.<\/p>\n<p>Celkov\u00e1 povaha \u0161kand\u00e1lov sa zna\u010dne l\u00ed\u0161i, od politikov, ktor\u00ed urobili antisemitsk\u00e9 vyhl\u00e1senia, a\u017e po kandid\u00e1tov, ktor\u00ed boli ods\u00faden\u00ed za zneu\u017e\u00edvanie verejn\u00fdch financi\u00ed. <\/p>\n<blockquote><p>Tridsa\u0165\u0161es\u0165 z t\u00fdch, ktor\u00ed v s\u00fa\u010dasnosti zast\u00e1vaj\u00fa kreslo v Eur\u00f3pskom parlamente, bolo op\u00e4tovne vymenovan\u00fdch do slu\u0161nej poz\u00edcie vo vo\u013eb\u00e1ch, aj ke\u010f u\u017e bolo zn\u00e1me, \u017ee ich zastihli \u0161kand\u00e1ly.<\/p><\/blockquote>\n<p>No h\u00e1dajte kto je tomu na vine, nie voli\u010d, ktor\u00fd ich volil, ale jeho vygumovan\u00fd mozog propagandou a dezinform\u00e1ciami o opaku, Skutok sa Nestal. A st\u00fdmi sa che sp\u00e1ja\u0165 Danko od semafora, ktor\u00e9mu video vyrobil E\u0161tok tak\u00e9 zle, aby ste ni\u010d nevideli<\/p>\n<p>Za\u010d\u00edna to vyzera\u0165 ako zlovestn\u00e1 rutina. Belgick\u00e1 pol\u00edcia vstupuje do Eur\u00f3pskeho parlamentu a mieri priamo do kancel\u00e1ri\u00ed jedn\u00e9ho z v\u00e1\u017een\u00fdchpri h\u013eadan\u00ed d\u00f4kazov o neprimeranom zasahovan\u00ed zo zahrani\u010dia. <\/p>\n<p>V rokoch 2022 a 2023  prebehla razia v kancel\u00e1ri\u00e1ch poslancov Eur\u00f3pskeho parlamentu, ktor\u00ed boli \u00fadajne zapojen\u00ed do takzvan\u00e9ho korup\u010dn\u00e9ho \u0161kand\u00e1lu v Katare. Ned\u00e1vno to bola kancel\u00e1ria nemeck\u00e9ho politika Maximili\u00e1na Kraha, najvy\u0161\u0161ieho kandid\u00e1ta krajne pravicovej strany Alternat\u00edva pre Nemecko.(AfD), ktor\u00fd sa obr\u00e1til hore nohami. <\/p>\n<p>Jeho asistent je podozriv\u00fd z \u201e\u010dinnosti agenta tajnej slu\u017eby\u201c, uviedla nemeck\u00e1 prokurat\u00fara  zo \u0161pion\u00e1\u017ee, pri\u010dom pol\u00edcia vypo\u010d\u00favala aj samotn\u00e9ho Kraha. Nemeck\u00fd europoslanec sa u\u017e v predch\u00e1dzaj\u00facich rokoch dostal do podozrenia, \u017ee prijal peniaze v\u00fdmenou za slu\u017ebypre cudzie n\u00e1rody ako \u010c\u00edna a Rusko. Ten  ak\u00fako\u013evek \u00fa\u010das\u0165 popiera. <\/p>\n<p>Na za\u010diatku nov\u00e9ho eur\u00f3pskeho mand\u00e1tu bud\u00fa desiatky politikov, ktor\u00ed rovnako ako Krah nemaj\u00fa \u010dist\u00fd register. Spolu s 25 novin\u00e1rmi a m\u00e9diami z celej Eur\u00f3py,  sk\u00famali etiku  politikov E\u00da a vypracovali zoznam v\u0161etk\u00fdch \u0161kand\u00e1lov, ktor\u00e9 sa dostali na titulky miestnych a medzin\u00e1rodn\u00fdch spr\u00e1v.<\/p>\n<p>Z vy\u0161etrovan\u00fdch kandid\u00e1tov sa 86 dostalo negat\u00edvnej tla\u010de, preto\u017ee boli v ur\u010ditom okamihu svojej kari\u00e9ry zapojen\u00ed do \u0161kand\u00e1lu, odha\u013euje vy\u0161etrovanie.  Stalo sa tak po cezhrani\u010dnom vy\u0161etrovan\u00ed pod veden\u00edm FTM,  The EU Misconduct Investigation, ktor\u00e9 za\u010diatkom tohto roka odhalilo, <\/p>\n<blockquote><p>\u017ee takmer  ka\u017ed\u00fd \u0161tvrt\u00fd poslanec Eur\u00f3pskeho parlamentu bol nejak\u00fdm sp\u00f4sobom zachyten\u00fd v \u0161kand\u00e1le: od zdierania \u017eivotopisov a\u017e po nehor\u00e1zne \u00faplatky. <\/p><\/blockquote>\n<p>Celkovo je podiel vy\u0161etrovan\u00fdch kandid\u00e1tov (18 percent), ktor\u00ed boli zapleten\u00ed do \u0161kand\u00e1lov, o nie\u010do ni\u017e\u0161\u00ed ako podiel odch\u00e1dzaj\u00facich poslancov EP s hist\u00f3riou zlej tla\u010de (23 percent). \u010ciasto\u010dne sa to v\u0161ak d\u00e1 vysvetli\u0165 t\u00fdm, \u017ee mnoh\u00e9 \u0161kand\u00e1ly vznikli a\u017e vtedy, ke\u010f politici nast\u00fapili do pr\u00e1ce v Bruseli; Okrem in\u00fdch d\u00f4vodov sa uk\u00e1zalo, \u017ee vysok\u00e9 platy a rozpo\u010dty kancel\u00e1ri\u00ed, ktor\u00e9 dost\u00e1vaj\u00fa poslanci Eur\u00f3pskeho parlamentu  v kombin\u00e1cii s  nedostatkom jasn\u00fdch a presadzovan\u00fdch pravidiel, s\u00fa impulzom pre \u0161kand\u00e1ly. <\/p>\n<blockquote><p>Napriek negat\u00edvnym titulkom s\u00fa\u010dasn\u00fdch europoslancov sa ich politick\u00e9 strany nie v\u017edy chc\u00fa s nimi roz\u00eds\u0165<\/p><\/blockquote>\n<p> Desiatky z nich, 36 politikov, sa op\u00e4\u0165 dostali na opr\u00e1vnen\u00fa poz\u00edciu na kandid\u00e1tke pre bl\u00ed\u017eiace sa vo\u013eby.  \u00dadaje tie\u017e ukazuj\u00fa, \u017ee s\u00fa to v\u00e4\u010d\u0161inou pravicov\u00e9 a krajne pravicov\u00e9 strany, ktor\u00e9 (op\u00e4\u0165) umiestnili t\u00fdchto kontroverzn\u00fdch politikov na opr\u00e1vnen\u00fa poz\u00edciu na svojich kandid\u00e1tkach \u2013 od politikov, ktor\u00ed urobili antisemitsk\u00e9 vyhl\u00e1senia, a\u017e po kandid\u00e1tov, ktor\u00ed boli ods\u00faden\u00ed. za zneu\u017e\u00edvanie verejn\u00fdch prostriedkov. <\/p>\n<p>Stredoprav\u00e1 Eur\u00f3pska \u013eudov\u00e1 strana (EPP) vedie zoznam s 22 kandid\u00e1tmi, ktor\u00ed sa dostali na titulky z nespr\u00e1vnych d\u00f4vodov (so 104 sk\u00faman\u00fdmi kandid\u00e1tmi je to z\u00e1rove\u0148 najv\u00e4\u010d\u0161ia strana v datab\u00e1ze).<\/p>\n<p>Pravicov\u00e9 skupiny Eur\u00f3pski konzervat\u00edvci a reformisti (ECR) a ID s\u00fa dve skupiny v\u0161etk\u00fdch parlamentn\u00fdch skup\u00edn, ktor\u00e9 maj\u00fa medzi svojimi kandid\u00e1tmi, ktor\u00ed bud\u00fa pravdepodobne zvolen\u00ed, \u010faleko najv\u00e4\u010d\u0161\u00ed po\u010det \u0161kand\u00e1lov v relat\u00edvnom vyjadren\u00ed: Z 37 kandid\u00e1tov ECR kontrolovan\u00fdch na tento v\u00fdskum 19 dostal zl\u00fa tla\u010d; pre 54 sk\u00faman\u00fdch ID kandid\u00e1tov, bolo zisten\u00fdch 15 \u0161kand\u00e1lov.<\/p>\n<p>Slovensk\u00fd krajne pravicov\u00fd kandid\u00e1t Milan Mazurek (Hnutie Republika; sed\u00ed nez\u00e1visle od skup\u00edn E\u00da) bol v roku 2015 s\u00fa\u010das\u0165ou davu, ktor\u00fd h\u00e1dzal kamene do moslimskej rodiny s die\u0165a\u0165om v ko\u010d\u00edku. S\u00e1m Mazurek na nich kri\u010dal nad\u00e1vky. V roku 2021 Mazurek povedal: &#8220;Hoci som po nikom neh\u00e1dzal kame\u0148om, moje spr\u00e1vanie v roku 2015 v Bratislave bolo vulg\u00e1rne, nevhodn\u00e9 a neprijate\u013en\u00e9 vo v\u0161etk\u00fdch smeroch. Vypl\u00fdvalo to z hnevu, ktor\u00fd som vtedy c\u00edtil.&#8221;<\/p>\n<p>\u010eal\u0161\u00edm kandid\u00e1tom za extr\u00e9mistick\u00fa slovensk\u00fa stranu Hnutie Republika je Milan Uhr\u00edk. V roku 2016, ke\u010f sa e\u0161te anga\u017eoval v \u010fal\u0161ej krajne pravicovej strane \u013dSNS, venoval tejto strane 14 880 eur. \u010c\u00edsla 14 a 88 ozna\u010duj\u00fa 14-slovn\u00fd slogan bielej rasy a symbol Heil Hitler (H je 8. p\u00edsmeno). Uhr\u00edk povedal, \u017ee o v\u00fdzname roku 1488 sa dozvedel a\u017e potom, \u010do sa jeho darovanie stalo \u0161kand\u00e1lom \ud83d\ude42<\/p>\n<p>L\u00edder AfD Krah nie je jedin\u00fdm ved\u00facim kandid\u00e1tom (krajne)pravicovej strany, ktor\u00e1 je v s\u00fa\u010dasnosti pr\u00edsne sledovan\u00e1: Maciej W\u0105sik, hlavn\u00fd kandid\u00e1t po\u013eskej strany PiS, \u010delil obvineniam z \u201epodnecovania korupcie\u201c. Bol trestne st\u00edhan\u00fd a potom mu prezident udelil milos\u0165. Odmietol to ako \u201epolitick\u00fa represiu\u201c. <\/p>\n<p>A v Belgicku bol krajne pravicov\u00fd z\u00e1konodarca E\u00da Tom Vandendriessche z Vlaams Belang vlani vo febru\u00e1ri pokarhan\u00fd predsedom parlamentu za \u0161\u00edrenie nacistickej kon\u0161pira\u010dnej te\u00f3rie o migr\u00e1cii po\u010das parlamentnej rozpravy. Pova\u017eoval to za \u00fatok na jeho slobodu prejavu. Aj on je op\u00e4\u0165 ved\u00facim kandid\u00e1tom pre nadch\u00e1dzaj\u00face vo\u013eby do E\u00da.<\/p>\n<p>Andrej Zaslove, docent komparat\u00edvnej politiky na Radboud University v Holandsku, povedal, \u017ee je prekvapen\u00fd mno\u017estvom kandid\u00e1tov, ktor\u00ed sa napriek sporn\u00e9mu spr\u00e1vaniu dostan\u00fa na volebn\u00e9 listiny. <\/p>\n<p>\u201eNa jednej strane mi to hovor\u00ed, \u017ee je ve\u013emi \u0165a\u017ek\u00e9 n\u00e1js\u0165 kandid\u00e1tov,\u201c povedal. &#8220;Ale tie\u017e si mysl\u00edm, \u017ee niektor\u00ed z t\u00fdchto \u013eud\u00ed maj\u00fa v r\u00e1mci takejto stran\u00edckej organiz\u00e1cie jednoducho obrovsk\u00fa moc, a preto m\u00f4\u017eu znova kandidova\u0165.<\/p>\n<p>Holandsk\u00e1 politologi\u010dka Sarah de Lange z Amsterdamskej univerzity sa \u0161pecializuje na populistick\u00e9 hnutia. \u201eNiektor\u00e9 politick\u00e9 strany s\u00fa vo svojej krajine vn\u00edman\u00e9 ako kontroverzn\u00e9,\u201c povedala a vysvetlila, \u017ee to znamen\u00e1 men\u0161\u00ed dav \u013eud\u00ed, ktor\u00ed chc\u00fa za stranu kandidova\u0165. <\/p>\n<p>To by mohlo, povedala, \u010diasto\u010dne vysvetli\u0165, pre\u010do nechali niekoho s pestrou minulos\u0165ou znova be\u017ea\u0165. <\/p>\n<p>\u201eT\u00e1to soci\u00e1lna stigma je barik\u00e1dou, aby ste mohli vykro\u010di\u0165 ako kandid\u00e1t. Pre niektor\u00e9 strany je tie\u017e zn\u00e1me, \u017ee politici si po odchode z poslaneck\u00e9ho mand\u00e1tu len \u0165a\u017eko n\u00e1jdu pr\u00e1cu. Toto je skuto\u010dn\u00fd probl\u00e9m pre \u013eud\u00ed, ktor\u00ed zva\u017euj\u00fa kandidat\u00faru.\u201c <\/p>\n","protected":false},"excerpt":{"rendered":"<p>Vo vo\u013eb\u00e1ch do E\u00da dominuj\u00fa samozrejme \u0161kand\u00e1ly, desiatky kandid\u00e1tov maj\u00fa po\u0161kvrnen\u00fa minulos\u0165. Cesta k vo\u013eb\u00e1m do Eur\u00f3pskeho parlamentu v roku 2024 je vydl\u00e1\u017eden\u00e1 \u0161kand\u00e1lmi. Zd\u00e1 sa, \u017ee najm\u00e4 pravicov\u00e9 a krajne pravicov\u00e9 strany sa pr\u00edli\u0161 neob\u00e1vaj\u00fa zara\u010fovania kandid\u00e1tov na svoje volebn\u00e9 listiny, ktor\u00ed boli obvinen\u00ed alebo dokonca ods\u00faden\u00ed za podvody s verejn\u00fdmi zdrojmi alebo za [&hellip;]<\/p>\n","protected":false},"author":1,"featured_media":0,"comment_status":"closed","ping_status":"open","sticky":false,"template":"","format":"standard","meta":{"footnotes":""},"categories":[5],"tags":[],"class_list":["post-29836","post","type-post","status-publish","format-standard","hentry","category-exo-news"],"_links":{"self":[{"href":"https:\/\/extraslovensko.sk\/spravy\/wp-json\/wp\/v2\/posts\/29836","targetHints":{"allow":["GET"]}}],"collection":[{"href":"https:\/\/extraslovensko.sk\/spravy\/wp-json\/wp\/v2\/posts"}],"about":[{"href":"https:\/\/extraslovensko.sk\/spravy\/wp-json\/wp\/v2\/types\/post"}],"author":[{"embeddable":true,"href":"https:\/\/extraslovensko.sk\/spravy\/wp-json\/wp\/v2\/users\/1"}],"replies":[{"embeddable":true,"href":"https:\/\/extraslovensko.sk\/spravy\/wp-json\/wp\/v2\/comments?post=29836"}],"version-history":[{"count":5,"href":"https:\/\/extraslovensko.sk\/spravy\/wp-json\/wp\/v2\/posts\/29836\/revisions"}],"predecessor-version":[{"id":29841,"href":"https:\/\/extraslovensko.sk\/spravy\/wp-json\/wp\/v2\/posts\/29836\/revisions\/29841"}],"wp:attachment":[{"href":"https:\/\/extraslovensko.sk\/spravy\/wp-json\/wp\/v2\/media?parent=29836"}],"wp:term":[{"taxonomy":"category","embeddable":true,"href":"https:\/\/extraslovensko.sk\/spravy\/wp-json\/wp\/v2\/categories?post=29836"},{"taxonomy":"post_tag","embeddable":true,"href":"https:\/\/extraslovensko.sk\/spravy\/wp-json\/wp\/v2\/tags?post=29836"}],"curies":[{"name":"wp","href":"https:\/\/api.w.org\/{rel}","templated":true}]}}