{"id":29845,"date":"2024-06-05T17:52:47","date_gmt":"2024-06-05T17:52:47","guid":{"rendered":"https:\/\/extraslovensko.sk\/spravy\/?p=29845"},"modified":"2024-06-05T18:14:10","modified_gmt":"2024-06-05T18:14:10","slug":"tajne-spisy-ktore-von-der-leyen-nechce-aby-ste-videli","status":"publish","type":"post","link":"https:\/\/extraslovensko.sk\/spravy\/tajne-spisy-ktore-von-der-leyen-nechce-aby-ste-videli\/","title":{"rendered":"Tajn\u00e9 spisy, ktor\u00e9 von der Leyen nechce, aby ste videli"},"content":{"rendered":"<p>P\u00e4\u0165 tajn\u00fdch spisov, ktor\u00e9 Komisia Ursuly von der Leyen nechce, aby ste videli. Pod veden\u00edm Ursuly von der Leyenovej sa Eur\u00f3pska komisia stala viac utajenou. Tu s\u00fa najd\u00f4le\u017eitej\u0161ie veci, ktor\u00e9 pred vami skr\u00fdva. Predsedn\u00ed\u010dka Eur\u00f3pskej komisie Ursula von der Leyen bude v Maastrichte vo vz\u00e1cnom vyst\u00fapen\u00ed konfrontova\u0165 svojich politick\u00fdch protivn\u00edkov obhajova\u0165 svoj rekord, to v\u0161ak neznamen\u00e1, \u017ee vylo\u017e\u00ed v\u0161etky svoje karty. <\/p>\n<h1>Tajn\u00e9 spisy, ktor\u00e9 von der Leyen nechce, aby ste videli<\/h1>\n<p>Organizuj\u00fa ho Studio Europa Maastricht a Politico, von der Leyen sa stretne so stredo\u013eav\u00fdm Nicolasom Schmidtom a ved\u00facimi kandid\u00e1tmi in\u00fdch politick\u00fdch skup\u00edn v Eur\u00f3pskom parlamente.<\/p>\n<p>Za posledn\u00fdch p\u00e4\u0165 rokov von der Leyen len \u0165a\u017eko zatienila pozornos\u0165 \u2013 podala si ruku s ukrajinsk\u00fdm prezidentom Volodymyrom Zelensk\u00fdm, vyzvala na glob\u00e1lnu spolupr\u00e1cu na Svetovom ekonomickom f\u00f3re v Davose alebo oslavovala s\u00e9riu zelen\u00fdch a digit\u00e1lnych polit\u00edk, ktor\u00e9 Komisia posunula vpred pod jej veden\u00edm.<br \/>\n<img decoding=\"async\" class=\"cento\" src=\"\/image\/layeen.jpg\" alt=\"P\u00e4\u0165 tajn\u00fdch spisov, ktor\u00e9 Komisia Ursuly von der Leyen nechce, aby ste videli\" \/><br \/>\nAle von der Leyen zahalila kroky Komisie na kontroverzn\u00e9 t\u00e9my, od obchodov s vakc\u00ednami a\u017e po pou\u017e\u00edvanie spywaru eur\u00f3pskymi vl\u00e1dami, pod r\u00fa\u0161kom \u00faradn\u00e9ho tajomstva.<\/p>\n<p>\u201eZd\u00e1 sa n\u00e1m, \u017ee ak Komisia nechce z ak\u00e9hoko\u013evek d\u00f4vodu zverejni\u0165 dokument, jednoducho to neurob\u00ed,\u201c  povedala ned\u00e1vno eur\u00f3pska ombudsmanka Emily O&#8217;Reilly s odkazom na pr\u00edstup k \u017eiadostiam o inform\u00e1cie, ktor\u00e9 m\u00f4\u017eu novin\u00e1ri a in\u00ed poda\u0165 pod\u013ea blokov\u00fd z\u00e1kon o slobode inform\u00e1ci\u00ed.<\/p>\n<p>1. Texty Von der Leyenovej vakc\u00edny<\/p>\n<p>Textov\u00e9 spr\u00e1vy u\u017e dlho zohr\u00e1vaj\u00fa neform\u00e1lnu a v\u00fdznamn\u00fa \u00falohu ako diplomatick\u00fd n\u00e1stroj na najvy\u0161\u0161ej \u00farovni eur\u00f3pskej politiky. V roku 2015 holandsk\u00fd premi\u00e9r Mark Rutte zabezpe\u010dil k\u013e\u00fa\u010dov\u00fa gr\u00e9cku pomoc prostredn\u00edctvom no\u010dnej spr\u00e1vy ostatn\u00fdm eur\u00f3pskym l\u00eddrom,  uviedla vtedy tla\u010dov\u00e1 agent\u00fara AP. Tento tajn\u00fd kan\u00e1l v\u0161ak v historickom z\u00e1zname ch\u00fdba .<\/p>\n<p>V m\u00e1ji 2021 vy\u0161lo najavo, \u017ee von der Leyen zabezpe\u010dila 1,8 miliardy d\u00e1vok vtedy zriedkav\u00fdch vakc\u00edn proti Covid v priamych textoch s gener\u00e1lnym riadite\u013eom Pfizer Albertom Bourlom. Ke\u010f v\u0161ak novin\u00e1ri, vr\u00e1tane report\u00e9ra Follow the Money, po\u017eiadali o texty, Komisia tvrdila, \u017ee spr\u00e1vy s\u00fa \u201ekr\u00e1tkodob\u00e9\u201c, a preto s\u00fa \u00faplne vy\u0148at\u00e9 z verejn\u00e9ho pr\u00edstupu.<\/p>\n<p>Napriek tlaku zo strany eur\u00f3pskeho ombudsmana, aby sa \u017eiadosti n\u00e1le\u017eite zaoberala, von der Leyenov\u00e1, ktor\u00e1 si ako nemeck\u00e1 ministerka obrany nechala vymaza\u0165 telef\u00f3n predt\u00fdm, ako mohol by\u0165 odovzdan\u00fd na parlamentn\u00e9 vy\u0161etrovanie jej spr\u00e1vania, zostala ne\u00fastupn\u00e1. Denn\u00edk  New York Times  a jeho \u0161\u00e9fka bruselskej kancel\u00e1rie Matina Stevis-Gridneff odvtedy  predlo\u017eili pr\u00edpad S\u00fadnemu dvoru Eur\u00f3pskej \u00fanie , ktor\u00fd v\u0161ak e\u0161te nebol vypo\u010dut\u00fd.<\/p>\n<p>2. Pegasus hackersk\u00e9 dokumenty<\/p>\n<p>Autorit\u00e1rske re\u017eimy na celom svete pou\u017eili nesl\u00e1vne zn\u00e1my spyware Pegasus na hacknutie telef\u00f3nov svojich protivn\u00edkov. Ke\u010f investigat\u00edvni novin\u00e1ri v roku 2021  identifikovali mno\u017estvo \u013eud\u00ed, ktor\u00fdch cie\u013eom Pegasus, vr\u00e1tane novin\u00e1rov v \u010dlenskom \u0161t\u00e1te E\u00da, Ma\u010farsko, von der Leyenov\u00e1 ozna\u010dila \u0161t\u00e1tom riaden\u00e9 kybernetick\u00e9 \u00fatoky za  \u201e\u00faplne neprijate\u013en\u00e9\u201c . Nesk\u00f4r sa uk\u00e1zalo, \u017ee nieko\u013eko \u010fal\u0161\u00edch kraj\u00edn E\u00da vr\u00e1tane Po\u013eska, \u0160panielska a Gr\u00e9cka tie\u017e pou\u017eilo spyware na politick\u00fa \u0161pion\u00e1\u017e.<\/p>\n<p>Reakcia Komisie na \u0161kand\u00e1l v\u0161ak bola v\u00fdrazne utlmen\u00e1, aj ke\u010f sa uk\u00e1zalo, \u017ee cie\u013eom bol komis\u00e1r pre spravodlivos\u0165 Didier Reynders, ktor\u00fd \u010dasto \u010delil Ma\u010farsku a Po\u013esku v ot\u00e1zkach pr\u00e1vneho \u0161t\u00e1tu. Komisia odmietla zverejni\u0165  forenzn\u00fa dokument\u00e1ciu , ktor\u00e1 by mohla poukazova\u0165 na vinn\u00edkov hackingu, alebo  listy, ktor\u00e9 si vymenila s Ma\u010farskom, Po\u013eskom a \u010fal\u0161\u00edmi krajinami o ich pou\u017e\u00edvan\u00ed spywaru.<\/p>\n<p>3. Z\u00e1pisnica tajnej komisie<\/p>\n<p>Hoci Komisia zverej\u0148uje z\u00e1pisnice zo svojich t\u00fd\u017edenn\u00fdch zasadnut\u00ed, pr\u00edlohy k t\u00fdmto z\u00e1pisniciam uchov\u00e1va  v tajnosti tridsa\u0165 rokov . Je to preto, \u017ee by to \u201ev\u00e1\u017ene podkopalo rozhodovac\u00ed proces in\u0161tit\u00facie\u201c. <\/p>\n<p>Komisia vytv\u00e1ra tieto tie\u0148ov\u00e9 z\u00e1pisnice \u010dastej\u0161ie a zah\u0155\u0148a do nich v\u0161etky vyhl\u00e1senia, ktor\u00e9 si jednotliv\u00ed komis\u00e1ri chc\u00fa ponecha\u0165 pre potomkov. Komis\u00e1ri sa, samozrejme, nie v\u017edy zhodn\u00fa na tom, ak\u00fd je najlep\u0161\u00ed postup, ale gener\u00e1lny sekretari\u00e1t in\u0161tit\u00facie m\u00e1 za \u00falohu \u201ed\u00f4sledne\u201c zabezpe\u010di\u0165, aby exekut\u00edva E\u00da hovorila jedn\u00fdm hlasom \u2013 a zverej\u0148ovanie nezh\u00f4d by sa dostalo na verejnos\u0165. sp\u00f4sobom toho. <\/p>\n<p>Aj ke\u010f komis\u00e1r verejne kritizoval rozhodnutie, ktor\u00e9 prijali ako skupina, ich vyjadrenia v tie\u0148ovej z\u00e1pisnici nebud\u00fa na po\u017eiadanie zverejnen\u00e9, \u201eaby sa chr\u00e1nil kolegi\u00e1lny charakter rozhodovacieho procesu Eur\u00f3pskej komisie\u201c.<\/p>\n<p>4. Schinasove doklady o v\u00fdlete do z\u00e1livu<\/p>\n<p>Podpredseda Eur\u00f3pskej komisie Margaritis Schinas m\u00e1 v regi\u00f3ne Perzsk\u00e9ho z\u00e1livu zna\u010dn\u00e9 v\u00fdhody \u2013 ale Komisia nechce, aby ste videli, \u010do presne mu bolo vyplaten\u00e9. Schinas je gr\u00e9ckym ob\u010danom a rovnako ako von der Leyen je \u010dlenom stredopravej Eur\u00f3pskej \u013eudovej strany. Jeho tri cesty do Perzsk\u00e9ho z\u00e1livu medzi okt\u00f3brom 2021 a novembrom 2022 zdvihli obo\u010die, ke\u010f neust\u00e1le chv\u00e1lil Spojen\u00e9 arabsk\u00e9 emir\u00e1ty napriek ich hrozn\u00fdm v\u00fdsledkom v oblasti \u013eudsk\u00fdch pr\u00e1v.<\/p>\n<p>Na svojej prvej ceste Schinas  prijal kr\u00e1\u013eovsk\u00e9 zaobch\u00e1dzanie z krajiny Perzsk\u00e9ho z\u00e1livu, \u010do bolo pod\u013ea Komisie opr\u00e1vnen\u00e9, preto\u017ee von der Leyenov\u00e1 odovzdala Schinasovi svoje pozvanie. <\/p>\n<p>\u010eal\u0161ie dva v\u00fdlety v\u0161ak zost\u00e1vaj\u00fa zahalen\u00e9 r\u00fa\u0161kom tajomstva. Postupujte pod\u013ea pe\u0148az\u00ed, ktor\u00e9 ste si vy\u017eiadali pre v\u0161etky potvrdenia o Schinasov\u00fdch hoteloch a letoch. Ale po viac ako desiatich mesiacoch nam\u00e1hav\u00e9ho dohadovania sa s report\u00e9rmi oh\u013eadom dokumentov, ktor\u00e9 po\u017eadovali, Komisia vypracovala len v\u0161eobecn\u00e9 dokumenty s celkov\u00fdmi sumami. Tieto dokumenty znemo\u017e\u0148uj\u00fa rozl\u00ed\u0161i\u0165, \u010do zaplatil Schinas a \u010do poskytli hostite\u013esk\u00e9 krajiny. D\u00f4vod? &#8220;Ochrana s\u00fakromia a integrity jednotlivca.&#8221;<\/p>\n<p>5. V\u00fddavky fondu obnovy<\/p>\n<p>Ke\u010f  za\u010dali vy\u0161etrova\u0165 fond na obnovu koronav\u00edrusu v hodnote nieko\u013ek\u00fdch mili\u00e1rd eur, report\u00e9ri narazili na m\u00far tajomstva. Po\u010detn\u00e9  \u017eiadosti o dokumenty \u010dlensk\u00fdm \u0161t\u00e1tom E\u00da aj Komisii boli  odmietnut\u00e9. <\/p>\n<p>Dohody medzi E\u00da a \u010dlensk\u00fdmi \u0161t\u00e1tmi o tom, ako vynaklada\u0165 prostriedky na obnovu, zah\u0155\u0148aj\u00fa sporn\u00e9 ot\u00e1zky, ako s\u00fa d\u00f4chodkov\u00e9 reformy a da\u0148ov\u00e9 opatrenia, s ktor\u00fdmi by museli s\u00fahlasi\u0165 n\u00e1rodn\u00e9 parlamenty, aby z\u00edskali peniaze. <\/p>\n<p>Ombudsmanka O&#8217;Reillyov\u00e1 nap\u00edsala von der Leyenovej list, v ktorom jej pripomenula d\u00f4le\u017eitos\u0165 otvorenosti, no bez  v\u00fdsledku. <\/p>\n<p>O nie\u010do nesk\u00f4r boli \u010fal\u0161ie dokumenty zamietnut\u00e9, preto\u017ee pod\u013ea Komisie by zverejnenie \u201eodradilo\u201c \u00faradn\u00edkov Komisie a \u010dlenov n\u00e1rodnej spr\u00e1vy od \u201eslobodn\u00fdch a otvoren\u00fdch diskusi\u00ed o n\u00e1rodnom pl\u00e1ne bez zasahovania\u201c.<\/p>\n<p>Aj ke\u010f \u010dlensk\u00e9 \u0161t\u00e1ty s\u00fahlasili so zverejnen\u00edm \u010fal\u0161\u00edch inform\u00e1ci\u00ed o kone\u010dn\u00fdch pr\u00edjemcoch fondu, Komisia im povedala, \u017ee je v poriadku vyl\u00fa\u010di\u0165 dod\u00e1vate\u013eov.<\/p>\n<hr>\n<p>Tak\u017ee tak je s t\u00fdm Ficovsk\u00fdm Fondom Opr\u00e1v, kde \u0161alie, aby \u010do najsk\u00f4r minul v\u0161etky pridelen\u00e9 prachy. Za\u010dal n\u00e1kladne, \u010distu\u010dk\u00fdmi drah\u00fdm nov\u00fdmi nemocnicami, kde nebudeme ma\u0165 ani lek\u00e1rov, lebo nejsou lidi a d\u00f4chodcovia lek\u00e1ri to nezvl\u00e1dnu. Rusk\u00ed lek\u00e1ri, lek\u00e1rky odch\u00e1dzaj\u00fa na front aj so sestri\u010dkami, no a Ukrajinsk\u00fdm sa dlh\u0161\u00ed pobyt len vybavuje.<\/p>\n<p>Za vybavenie nemocn\u00edc zase Smer\u00e1ci navy\u0161e zober\u00fa abnorm\u00e1lne prachy bak\u0161i\u0161 do svojich vrec\u00e1k, ako s\u00fadruh Smer\u00e1k Pa\u0161ka, od firiem. Medzit\u00fdm niektor\u00ed d\u00f4chodcovia lek\u00e1ri, ktor\u00ed pracovali v \u0161t\u00e1tnych zaradeniach len jeden de\u0148 v t\u00fd\u017edni, u\u017e maj\u00fa povolen\u00e9 pracova\u0165 tri dni \ud83d\ude42<\/p>\n","protected":false},"excerpt":{"rendered":"<p>P\u00e4\u0165 tajn\u00fdch spisov, ktor\u00e9 Komisia Ursuly von der Leyen nechce, aby ste videli. Pod veden\u00edm Ursuly von der Leyenovej sa Eur\u00f3pska komisia stala viac utajenou. Tu s\u00fa najd\u00f4le\u017eitej\u0161ie veci, ktor\u00e9 pred vami skr\u00fdva. Predsedn\u00ed\u010dka Eur\u00f3pskej komisie Ursula von der Leyen bude v Maastrichte vo vz\u00e1cnom vyst\u00fapen\u00ed konfrontova\u0165 svojich politick\u00fdch protivn\u00edkov obhajova\u0165 svoj rekord, to v\u0161ak [&hellip;]<\/p>\n","protected":false},"author":1,"featured_media":0,"comment_status":"closed","ping_status":"open","sticky":false,"template":"","format":"standard","meta":{"footnotes":""},"categories":[5],"tags":[],"class_list":["post-29845","post","type-post","status-publish","format-standard","hentry","category-exo-news"],"_links":{"self":[{"href":"https:\/\/extraslovensko.sk\/spravy\/wp-json\/wp\/v2\/posts\/29845","targetHints":{"allow":["GET"]}}],"collection":[{"href":"https:\/\/extraslovensko.sk\/spravy\/wp-json\/wp\/v2\/posts"}],"about":[{"href":"https:\/\/extraslovensko.sk\/spravy\/wp-json\/wp\/v2\/types\/post"}],"author":[{"embeddable":true,"href":"https:\/\/extraslovensko.sk\/spravy\/wp-json\/wp\/v2\/users\/1"}],"replies":[{"embeddable":true,"href":"https:\/\/extraslovensko.sk\/spravy\/wp-json\/wp\/v2\/comments?post=29845"}],"version-history":[{"count":7,"href":"https:\/\/extraslovensko.sk\/spravy\/wp-json\/wp\/v2\/posts\/29845\/revisions"}],"predecessor-version":[{"id":29852,"href":"https:\/\/extraslovensko.sk\/spravy\/wp-json\/wp\/v2\/posts\/29845\/revisions\/29852"}],"wp:attachment":[{"href":"https:\/\/extraslovensko.sk\/spravy\/wp-json\/wp\/v2\/media?parent=29845"}],"wp:term":[{"taxonomy":"category","embeddable":true,"href":"https:\/\/extraslovensko.sk\/spravy\/wp-json\/wp\/v2\/categories?post=29845"},{"taxonomy":"post_tag","embeddable":true,"href":"https:\/\/extraslovensko.sk\/spravy\/wp-json\/wp\/v2\/tags?post=29845"}],"curies":[{"name":"wp","href":"https:\/\/api.w.org\/{rel}","templated":true}]}}