{"id":29853,"date":"2024-06-05T18:24:15","date_gmt":"2024-06-05T18:24:15","guid":{"rendered":"https:\/\/extraslovensko.sk\/spravy\/?p=29853"},"modified":"2024-06-05T18:24:38","modified_gmt":"2024-06-05T18:24:38","slug":"stvrtina-darov-v-europe-smeruje-extremistickym-a-populistickym-stranam","status":"publish","type":"post","link":"https:\/\/extraslovensko.sk\/spravy\/stvrtina-darov-v-europe-smeruje-extremistickym-a-populistickym-stranam\/","title":{"rendered":"\u0160tvrtina darov v Eur\u00f3pe smeruje extr\u00e9mistick\u00fdm a populistick\u00fdm stran\u00e1m"},"content":{"rendered":"<p>\u0160tvrtina politick\u00fdch darov v Eur\u00f3pe smeruje extr\u00e9mistick\u00fdm a populistick\u00fdm stran\u00e1m. \u010c\u00edsla z 200 str\u00e1n v 24 krajin\u00e1ch nazna\u010duj\u00fa, \u017ee tvrd\u00e9 skupiny zaznamenali v posledn\u00fdch rokoch prudk\u00fd n\u00e1rast darov, \u010do im pred vo\u013ebami do Eur\u00f3pskeho parlamentu posilnilo svoju vojnov\u00fa hru. \u0160tvrtina v\u0161etk\u00fdch s\u00fakromn\u00fdch pe\u0148az\u00ed venovan\u00fdch politick\u00fdm stran\u00e1m v Eur\u00f3pe ide krajne pravicov\u00fdm, krajne \u013eavicov\u00fdm a populistick\u00fdm hnutiam, \u010d\u00edm sa ich financie zv\u00fd\u0161ia o mili\u00f3ny eur pred k\u013e\u00fa\u010dov\u00fdmi vo\u013ebami do Eur\u00f3pskeho parlamentu na bud\u00faci t\u00fd\u017ede\u0148.<\/p>\n<h1>Politick\u00e9 dary v Eur\u00f3pe smeruj\u00fa k extr\u00e9mistick\u00fdm a populistick\u00fdm stran\u00e1m<\/h1>\n<p>Prieskumy  predpovedaj\u00fa n\u00e1rast podpory pre tvrd\u00e9 konzervat\u00edvne, euroskeptick\u00e9 a prorusk\u00e9 strany, investigat\u00edvny kan\u00e1l spolu s Guardianom a \u010fal\u0161\u00edmi 23 medi\u00e1lnymi partnermi publikuje  Transparency Gap, zatia\u013e najrozsiahlej\u0161iu anal\u00fdzu politick\u00e9ho financovania v krajine E\u00da.<\/p>\n<p>Ukazuje, \u017ee 150 mili\u00f3nov eur, \u010do je ekvivalent  1 zo 4 eur v\u0161etk\u00fdch s\u00fakromn\u00fdch darov uskuto\u010dnen\u00fdch v rokoch 2019 a\u017e 2022, i\u0161lo populistick\u00fdm stran\u00e1m a t\u00fdm s najextr\u00e9mnej\u0161\u00edmi politick\u00fdmi n\u00e1zormi. Krajne pravicov\u00e9 skupiny z\u00edskali viac ako 97 mili\u00f3nov eur, \u010do zodpoved\u00e1 1 zo 7 eur s\u00fakromn\u00fdch pe\u0148az\u00ed.<\/p>\n<p>Projekt vyu\u017e\u00edval rovnak\u00fa stran\u00edcku klasifik\u00e1ciu ako v\u00fdskumn\u00e1 skupina  The PopuList , ktor\u00e1 definuje krajne pravicov\u00fdch \u013eud\u00ed s nacionalistickou a autoritat\u00edvnou ideol\u00f3giou. Zatia\u013e \u010do v\u00e4\u010d\u0161ina kraj\u00edn zav\u00e4zuje strany prizna\u0165 svoje celkov\u00e9 pr\u00edjmy zo s\u00fakromn\u00fdch aj verejn\u00fdch zdrojov, pravidl\u00e1 sa zna\u010dne l\u00ed\u0161ia a financovanie v niektor\u00fdch \u010dlensk\u00fdch \u0161t\u00e1toch je \u010diernou skrinkou. <\/p>\n<p>Tri \u0161tvrtiny kraj\u00edn nezverej\u0148uj\u00fa \u017eiadne inform\u00e1cie alebo len \u010diasto\u010dn\u00e9 \u00fadaje o tom, kto jednotlivci alebo podniky stoja za darmi.<\/p>\n<p><img decoding=\"async\" class=\"cento\" src=\"\/image\/stvtina.jpg\" alt=\"\u0160tvrtina politick\u00fdch darov v Eur\u00f3pe smeruje extr\u00e9mistick\u00fdm a populistick\u00fdm stran\u00e1m\" \/><\/p>\n<p>Ke\u010f sa zapo\u010d\u00edtaj\u00fa \u010fal\u0161ie formy financovania konkr\u00e9tne \u010dlenstvo a dary vlastn\u00fdch politikov alebo funkcion\u00e1rov strany, tvrd\u00e9 a populistick\u00e9 strany zachytili p\u00e4tinu pe\u0148az\u00ed z\u00edskan\u00fdch v rokoch 2019 a\u017e 2022, \u010do predstavuje takmer pol miliardy eur, ukazuj\u00fa \u00fadaje. Pre krajne pravicov\u00e9 strany sa t\u00e1to suma bl\u00ed\u017eila k 200 mili\u00f3nom eur \u2013 1 z ka\u017ed\u00fdch 11 eur.<\/p>\n<p>Vo Franc\u00fazsku tri strany na extr\u00e9moch politick\u00e9ho spektra \u2013 Reconqu\u00eate a N\u00e1rodn\u00e9 zhroma\u017edenie Marine Le Penovej vpravo a La France Insoumise v\u013eavo \u2013 zaznamenali dramatick\u00fd n\u00e1rast finan\u010dnej podpory. Tieto tri strany si v roku 2019 zobrali len 13 percent neverejn\u00fdch pe\u0148az\u00ed z\u00edskan\u00fdch vo Franc\u00fazsku, ale ich podiel dosiahol 38 percent v roku 2022, ke\u010f Emmanuel Macron \u010delil Marine Le Penovej v s\u00faboji o post prezidenta.<\/p>\n<p>Neverejn\u00e9 financovanie zah\u0155\u0148a peniaze od darcov, poplatky od \u010dlenov a pr\u00edspevky od vlastn\u00fdch kandid\u00e1tov a funkcion\u00e1rov strany. Nezah\u0155\u0148a \u0161t\u00e1tne financovanie, p\u00f4\u017ei\u010dky od darcov a in\u00e9 pr\u00edjmy, ako s\u00fa zisky z fundraisingov\u00fdch podujat\u00ed, dr\u017eby tovaru a nehnute\u013enost\u00ed.<\/p>\n<p>V Loty\u0161sku, kde sa o\u010dak\u00e1va prudk\u00fd n\u00e1rast protieur\u00f3pskych a populistick\u00fdch europoslancov bud\u00faci mesiac, sa neverejn\u00e9 financovanie t\u00fdchto str\u00e1n za \u0161tyri roky zv\u00fd\u0161ilo z 9 percent na 36 percent, najm\u00e4 v\u010faka populistickej stredopravej strane, Loty\u0161sko Prv\u00e1 strana.<\/p>\n<p>Anal\u00fdza ukazuje, \u017ee ke\u010f sa spoja, krajne pravicov\u00e9, krajne \u013eavicov\u00e9 a populistick\u00e9 strany pri\u0165ahuj\u00fa viac ako polovicu neverejn\u00e9ho financovania  v Slovinsku, Taliansku, Po\u013esku, Ma\u010farsku, Portugalsku a Gr\u00e9cku.<\/p>\n<p>Ma\u010farsk\u00e1 vl\u00e1dnuca strana Fidesz, ktor\u00e1 sa dr\u017e\u00ed pri moci 14 rokov a dohliadala na zni\u017eovanie objemu \u0161t\u00e1tnych financi\u00ed, si v roku 2022 zobrala 55 percent v\u0161etk\u00fdch neverejn\u00fdch pe\u0148az\u00ed.<\/p>\n<p>Prieskum nazna\u010duje, \u017ee nacionalistick\u00e9 a krajne pravicov\u00e9 strany s\u00fa na dobrej ceste skon\u010di\u0165 na prvom mieste v Ma\u010farsku a \u00f4smich \u010fal\u0161\u00edch \u0161t\u00e1toch E\u00da vr\u00e1tane Rak\u00faska, Franc\u00fazska, Talianska, Holandska a Po\u013eska.<\/p>\n<p>Na  zhroma\u017eden\u00ed krajnej pravice v Madride predniesol ma\u010farsk\u00fd premi\u00e9r Viktor Orb\u00e1n video odkaz, v ktorom vyzval \u201evlastencov, aby okupovali Brusel\u201c, pri\u010dom uviedol, \u017ee tamoj\u0161\u00ed z\u00e1konodarcovia s\u00fa zodpovedn\u00ed za \u201erozp\u00fatanie mas\u00edvnej neleg\u00e1lnej migr\u00e1cie\u201c a \u201eotravu na\u0161ich det\u00ed rodovou propagandou\u201c. <\/p>\n<p> Bl\u00edzky spojenec Fideszum krajne pravicov\u00e1 strana Pr\u00e1vo a spravodlivos\u0165, ktorej predsed\u00e1 Mateusz Morawiecki, a vl\u00e1dnuca strana do apr\u00edla tohto roku, prevzal v roku 2022 44-percentn\u00fd podiel na celkovom neverejnom financovan\u00ed.<\/p>\n<p>V Taliansku \u0161tyri populistick\u00e9 strany, vr\u00e1tane Bratov Talianska Giorgie Meloni a Ligy Mattea Salviniho, obe napravo od politick\u00e9ho spektra<br \/>\n spolu s Forza Italia a Hnut\u00edm piatich hviezd zabezpe\u010dili v roku 2022 55 percent neverejn\u00e9ho financovania, ukazuj\u00fa  \u00fadaje.<\/p>\n<p>V niektor\u00fdch krajin\u00e1ch maj\u00fa krajne \u013eavicov\u00e9 strany ve\u013ek\u00fa \u010das\u0165. Komunistick\u00e1 strana Gr\u00e9cka berie viac ako polovicu neverejn\u00e9ho financovania krajiny, zatia\u013e \u010do jej portugalsk\u00fd n\u00e1protivok Partido Comunista Portugu\u00eas tvor\u00ed viac ako 50 percent z celkov\u00e9ho po\u010dtu.<\/p>\n<p>Vo v\u00e4\u010d\u0161ine kraj\u00edn s\u00fa peniaze od \u0161t\u00e1tu najd\u00f4le\u017eitej\u0161\u00edm tokom pr\u00edjmov, pri\u010dom neverejn\u00e9 prostriedky predstavuj\u00fa menej ako \u0161tvrtinu dostupn\u00fdch financi\u00ed v \u0160panielsku, Ma\u010farsku a Portugalsku a len asi 15 percent v \u00cdrsku a Belgicku.<\/p>\n<p>V in\u00fdch krajin\u00e1ch, kde dominuj\u00fa s\u00fakromn\u00e9 \u200b\u200bpeniaze, s\u00fa \u0161t\u00e1tne pr\u00edspevky st\u00e1le v\u00fdznamn\u00e9. Napr\u00edklad v Nemecku a Holandsku predstavovalo verejn\u00e9 financovanie pribli\u017ene 45 percent pe\u0148az\u00ed, ktor\u00e9 politick\u00e9 strany dostali v roku 2022.<\/p>\n<p>Po prelomovom rozhodnut\u00ed nemeck\u00e9ho Spolkov\u00e9ho \u00fastavn\u00e9ho s\u00fadu v roku 1992 je pride\u013eovanie verejn\u00fdch prostriedkov politick\u00fdm stran\u00e1m zalo\u017een\u00e9 na ich \u201ezakorenenosti v spolo\u010dnosti\u201c. \u201eTo znamen\u00e1, \u017ee politick\u00e9 strany bud\u00fa musie\u0165 v\u017edy h\u013eada\u0165 podporu verejnosti\u201c  tvrdia nemeck\u00e9 \u00farady.<\/p>\n<p>Dve krajiny boli  \u00faplne vyl\u00fa\u010den\u00e9: Rak\u00fasko kv\u00f4li region\u00e1lnej povahe zverej\u0148ovania inform\u00e1ci\u00ed o stran\u00e1ch znamenalo, \u017ee nebolo mo\u017en\u00e9 spo\u013eahlivo zaznamena\u0165 univerz\u00e1lny \u00fadaj; a Litva, preto\u017ee jej politick\u00e9 strany nie s\u00fa povinn\u00e9 vykazova\u0165 ro\u010dn\u00e9 \u00fa\u010dtovn\u00e9 z\u00e1vierky. <\/p>\n","protected":false},"excerpt":{"rendered":"<p>\u0160tvrtina politick\u00fdch darov v Eur\u00f3pe smeruje extr\u00e9mistick\u00fdm a populistick\u00fdm stran\u00e1m. \u010c\u00edsla z 200 str\u00e1n v 24 krajin\u00e1ch nazna\u010duj\u00fa, \u017ee tvrd\u00e9 skupiny zaznamenali v posledn\u00fdch rokoch prudk\u00fd n\u00e1rast darov, \u010do im pred vo\u013ebami do Eur\u00f3pskeho parlamentu posilnilo svoju vojnov\u00fa hru. \u0160tvrtina v\u0161etk\u00fdch s\u00fakromn\u00fdch pe\u0148az\u00ed venovan\u00fdch politick\u00fdm stran\u00e1m v Eur\u00f3pe ide krajne pravicov\u00fdm, krajne \u013eavicov\u00fdm a populistick\u00fdm [&hellip;]<\/p>\n","protected":false},"author":1,"featured_media":0,"comment_status":"closed","ping_status":"open","sticky":false,"template":"","format":"standard","meta":{"footnotes":""},"categories":[5],"tags":[],"class_list":["post-29853","post","type-post","status-publish","format-standard","hentry","category-exo-news"],"_links":{"self":[{"href":"https:\/\/extraslovensko.sk\/spravy\/wp-json\/wp\/v2\/posts\/29853","targetHints":{"allow":["GET"]}}],"collection":[{"href":"https:\/\/extraslovensko.sk\/spravy\/wp-json\/wp\/v2\/posts"}],"about":[{"href":"https:\/\/extraslovensko.sk\/spravy\/wp-json\/wp\/v2\/types\/post"}],"author":[{"embeddable":true,"href":"https:\/\/extraslovensko.sk\/spravy\/wp-json\/wp\/v2\/users\/1"}],"replies":[{"embeddable":true,"href":"https:\/\/extraslovensko.sk\/spravy\/wp-json\/wp\/v2\/comments?post=29853"}],"version-history":[{"count":2,"href":"https:\/\/extraslovensko.sk\/spravy\/wp-json\/wp\/v2\/posts\/29853\/revisions"}],"predecessor-version":[{"id":29855,"href":"https:\/\/extraslovensko.sk\/spravy\/wp-json\/wp\/v2\/posts\/29853\/revisions\/29855"}],"wp:attachment":[{"href":"https:\/\/extraslovensko.sk\/spravy\/wp-json\/wp\/v2\/media?parent=29853"}],"wp:term":[{"taxonomy":"category","embeddable":true,"href":"https:\/\/extraslovensko.sk\/spravy\/wp-json\/wp\/v2\/categories?post=29853"},{"taxonomy":"post_tag","embeddable":true,"href":"https:\/\/extraslovensko.sk\/spravy\/wp-json\/wp\/v2\/tags?post=29853"}],"curies":[{"name":"wp","href":"https:\/\/api.w.org\/{rel}","templated":true}]}}