{"id":29873,"date":"2024-06-06T16:35:51","date_gmt":"2024-06-06T16:35:51","guid":{"rendered":"https:\/\/extraslovensko.sk\/spravy\/?p=29873"},"modified":"2024-06-29T16:16:01","modified_gmt":"2024-06-29T16:16:01","slug":"fico-je-dokonalym-prostriedkom-na-rozduchavanie-hnevu-voci-tym-ktori-ho-zosadili","status":"publish","type":"post","link":"https:\/\/extraslovensko.sk\/spravy\/fico-je-dokonalym-prostriedkom-na-rozduchavanie-hnevu-voci-tym-ktori-ho-zosadili\/","title":{"rendered":"Fico je dokonal\u00fdm prostriedkom na rozd\u00fachavanie hnevu vo\u010di t\u00fdm, ktor\u00ed ho zosadili"},"content":{"rendered":"<p>N\u00e1\u0161 s\u00fadruh Fico je dokonal\u00fdm prostriedkom na rozd\u00fachavanie hnevu vo\u010di t\u00fdm, ktor\u00ed ho zosadili, aj ked v v roku 2014 nas\u013eubocal hory doly, \u017ee v politike u\u017e nebude. Ovce naleteli?? K\u00fdm vl\u00e1du \u201eproti Smeru\u201c pohltili h\u00e1dky, Fico vyu\u017eil roky str\u00e1ven\u00e9 v mraze na to, aby si op\u00e4\u0165 z\u00edskal popularitu. Ke\u010f v roku 2020 vypukla pand\u00e9mia COVID-19, uk\u00e1zalo sa, \u017ee b\u00fdval\u00fd premi\u00e9r je dokonal\u00fdm prostriedkom na rozd\u00fachavanie hnevu vo\u010di t\u00fdm, ktor\u00ed ho zosadili. <\/p>\n<h1>Fico ako prostriedok na rozd\u00fachavanie hnevu vo\u010di t\u00fdm, ktor\u00ed ho zosadili<\/h1>\n<p>Smer-SD napriek obmedzeniam blokovania  zorganizoval pouli\u010dn\u00e9 protesty proti vl\u00e1de. Vo verejn\u00fdch koment\u00e1roch Fico ods\u00fadil povinn\u00e9 o\u010dkovanie ako \u201ehnusn\u00fa fa\u0161istick\u00fa my\u0161lienku\u201c a tvrdil, \u017ee oby\u010dajn\u00e1 chr\u00edpka je nebezpe\u010dnej\u0161ia ako COVID-19. <\/p>\n<p>Znovu a znovu sa objavoval na dezinforma\u010dn\u00fdch kan\u00e1loch, ktor\u00e9 \u0161\u00edrili kon\u0161pir\u00e1cie COVID a rusk\u00fa propagandu. Dokonca poskytol \u201erozhovor\u201c aj notoricky zn\u00e1memu slovensk\u00e9mu bielemu rasistovi a antisemitovi Dannymu Koll\u00e1rovi, ktor\u00fd m\u00e1 na\u0148ho tri medzin\u00e1rodn\u00e9 zatyka\u010de za doxxing a krajne pravicov\u00fd extr\u00e9mizmus.<\/p>\n<p>S\u00e1m Fico st\u00e1le viac pou\u017e\u00edval radik\u00e1lnej\u0161\u00ed slovn\u00edk, cielil na liber\u00e1lov, progresivistov, ute\u010dencov, \u201egender ideol\u00f3giu\u201c a LGBT komunitu. Netrvalo dlho a  \u010desk\u00e9 m\u00e9di\u00e1 ozna\u010dili niekdaj\u0161ieho \u013eavicov\u00e9ho politika za \u201epopulistick\u00e9ho extr\u00e9mistu\u201c.  <\/p>\n<p>Ficovi pomohol aj jeden z jeho najbli\u017e\u0161\u00edch spojencov, l\u00edder ma\u010farskej pravice Viktor Orb\u00e1n. Vy\u0161etrovanie m\u00e9dia VSquare zistilo,  \u017ee Orb\u00e1novi k\u013e\u00fa\u010dov\u00ed agenti predvolebnej kampane tajne radili Ficovi o jeho politickej strat\u00e9gii pred vo\u013ebami v roku 2023, v ktor\u00fdch Smer-SD viedol kampa\u0148 proti neleg\u00e1lnemu pris\u0165ahovalectvu. <\/p>\n<p>Reklamy vytvoren\u00e9 ma\u010farskou vl\u00e1dou namieren\u00e9 proti migr\u00e1cii, ktor\u00e9 sa zameriavali na Slovensko a nieko\u013eko \u010fal\u0161\u00edch kraj\u00edn, si na YouTube pozrelo pribli\u017ene 1,8 mili\u00f3na kr\u00e1t. Pod\u013ea  ma\u010farsk\u00e9ho investigat\u00edvneho port\u00e1lu Direkt36 mohli t\u00fdmito reklamami oslovi\u0165 29 a\u017e 33 percent slovenskej popul\u00e1cie.<\/p>\n<p>Fungovalo to. No ale nie a\u017e tak, lebo 22% vo volb\u00e1ch iba.<\/p>\n<p>V roku 2023 op\u00e4\u0165 vyhral slovensk\u00e9 vo\u013eby Smer-SD, ktor\u00fd vytvoril nov\u00fa koal\u00edciu na \u010dele s Ficom, v ktorej s\u00fa op\u00e4\u0165 nacionalistick\u00e1 SNS a Hlas-SD \u2013 strana, ktor\u00e1 sa po volebnej por\u00e1\u017eke v roku 2020 p\u00f4vodne oddelila od Smeru. Dnes zost\u00e1va pri moci. <\/p>\n<h1>Ficova pomsta<\/h1>\n<p>V roku 2021 zachv\u00e1til Ficov\u00fdch spojencov \u010derstv\u00fd \u0161kand\u00e1l s odpo\u010d\u00favan\u00edm. Medzi nahr\u00e1vkami mocn\u00fdch mu\u017eov, ktor\u00ed pl\u00e1novali, ako odvr\u00e1ti\u0165 vy\u0161etrovanie trestn\u00fdch \u010dinov a s\u013eubova\u0165 odvetu vo\u010di nepriate\u013eom, vynikal jeden z Ficov\u00fdch v\u00fdrokov: <\/p>\n<blockquote><p>V\u017edy \u201e\u0161etr\u00ed desa\u0165 percent energie na pomstu\u201c, povedal skupine politikov a pr\u00e1vnikov po\u010das d\u00f4vern\u00e9ho stretnutia. <\/p><\/blockquote>\n<p>Jeho pl\u00e1ny sa uk\u00e1zali \u010doskoro po n\u00e1stupe jeho novej vl\u00e1dy 25. okt\u00f3bra 2023. O dva dni nesk\u00f4r nov\u00fd minister vn\u00fatra suspendoval policajn\u00fdch vy\u0161etrovate\u013eov z elitnej jednotky N\u00e1rodnej krimin\u00e1lnej agent\u00fary, ktor\u00e1 vy\u0161etrovala mnoh\u00e9 z politicky podfarben\u00fdch k\u00e1uz okolo Fica a jeho bl\u00edzkych. <\/p>\n<p>Ficova vl\u00e1da zru\u0161ila aj \u00darad \u0161peci\u00e1lnej prokurat\u00fary, kde s\u00eddlili mnoh\u00ed prokur\u00e1tori, ktor\u00ed tieto pr\u00edpady dozorovali. Dvaja prokur\u00e1tori, ktor\u00ed dozorovali vy\u0161etrovanie vr\u00e1\u017ed Kuciaka a Ku\u0161n\u00edrovej, boli v marci 2024 preraden\u00ed na in\u00e9 oddelenia a nasleduj\u00faci mesiac sa vzdali funkcie.<\/p>\n<hr>\n<div class=\"container\">\n<div class=\"row\">\n<div class=\"col-lg-4 md-pb\">\n<p>               <a href=\"\/must\/have.php?side=sperk\"> <img decoding=\"async\" class=\"corner\" src=\"\/image\/sperk.jpg\" alt=\"\u0160perky\"><\/a>\n            <\/div>\n<div class=\"col-lg-8\">\n<p>                Napriek obrovsk\u00fdm protestom vo viacer\u00fdch slovensk\u00fdch mest\u00e1ch parlament schv\u00e1lil aj nov\u00fd trestn\u00fd z\u00e1kon, ktor\u00fd v\u00fdrazne zn\u00ed\u017eil tresty za ekonomick\u00e9 trestn\u00e9 \u010diny a korupciu a skr\u00e1til preml\u010daciu dobu pri vznesen\u00ed obvinenia. <\/p>\n<p>(Reforma, ktor\u00e1 by v\u00fdrazne prospela vy\u0161etrovan\u00fdm pre korupciu z predch\u00e1dzaj\u00faceho Ficovho funk\u010dn\u00e9ho obdobia, je v s\u00fa\u010dasnosti pozastaven\u00e1 \u00dastavn\u00fdm s\u00fadom.)<\/p>\n<p>Potom tu boli m\u00e9di\u00e1. <\/p>\n<p>V\u017edy \u201e\u0161etr\u00ed desa\u0165 percent [svojej] energie na pomstu.<\/p>\n<p>Fico zastavil ak\u00fako\u013evek komunik\u00e1ciu s viacer\u00fdmi ve\u013ek\u00fdmi m\u00e9diami v krajine, ozna\u010dil ich za \u201enepriate\u013esk\u00e9 m\u00e9di\u00e1\u201c a vyhr\u00e1\u017eal sa, \u017ee ich report\u00e9rom zak\u00e1\u017ee vstup na \u00darad vl\u00e1dy. <\/p>\n<p>Najvplyvnej\u0161\u00ed bulv\u00e1rny denn\u00edk len p\u00e1r dn\u00ed po vo\u013eb\u00e1ch k\u00fapila finan\u010dn\u00e1 skupina, ktor\u00e1 mala bl\u00edzko k Smeru-SD.  Nov\u00fd \u010cas 11. 10. 2023 k\u00fapila Penta.<\/p><\/div>\n<\/p><\/div>\n<\/p><\/div>\n<hr>\n<p>A majitelia najv\u00e4\u010d\u0161ej slovenskej s\u00fakromnej telev\u00edzie Mark\u00edza  vraj teraz tla\u010dia na novin\u00e1rov, aby neinformovali o novej vl\u00e1de pr\u00edli\u0161 kriticky pre ich podnikate\u013esk\u00e9 z\u00e1ujmy vo verejnom sektore.  <\/p>\n<blockquote><p>Vl\u00e1da medzit\u00fdm pripravuje nov\u00fd z\u00e1kon, ktor\u00fd by zru\u0161il verejnopr\u00e1vne m\u00e9dium a obnovil ho tak, aby politici mali ove\u013ea v\u00e4\u010d\u0161iu kontrolu nad jeho v\u00fdstupmi.<\/p><\/blockquote>\n<p>Brusel dlh\u00e9 roky zatv\u00e1ral o\u010di nad Ficovou \u010doraz ohnivej\u0161ou r\u00e9torikou. Napriek svojmu populistick\u00e9mu a protiimigra\u010dn\u00e9mu postoju bol na medzin\u00e1rodnej sc\u00e9ne st\u00e1le pova\u017eovan\u00fd za pro-E\u00da a pro-NATO partnera. Pod jeho veden\u00edm Slovensko vst\u00fapilo do schengensk\u00e9ho priestoru (2007) a do euroz\u00f3ny (2009). <strong>Ke\u010f Rusko v roku 2014 anektovalo Krym a preru\u0161ilo dod\u00e1vky plynu Ukrajine, bola to Ficova vl\u00e1da, ktor\u00e1 zaviedla reverzn\u00fd tok zemn\u00e9ho plynu, aby pomohla svojmu v\u00fdchodn\u00e9mu susedovi.<\/strong><\/p>\n<p>Na rozdiel od svojho spojenca Orb\u00e1na Fico nikdy neblokoval \u017eiadne z uznesen\u00ed bloku \u2013 vr\u00e1tane t\u00fdch, ktor\u00e9 odsudzuj\u00fa Rusko \u2013 a hlasoval v s\u00falade so zvy\u0161kom l\u00eddrov. <\/p>\n<p>Napriek tomu v\u017edy zast\u00e1val viac prorusk\u00fd postoj ako mnoh\u00ed l\u00eddri E\u00da, \u010do vyvolalo \u010doraz v\u00e4\u010d\u0161iu kritiku zo strany bloku. U\u017e v roku 2014 tvrdil, \u017ee vojna na Ukrajine bola v skuto\u010dnosti vojnou medzi Ruskom a USA a kritizoval sankcie proti Rusku ako ne\u00fa\u010dinn\u00e9. <\/p>\n<p>Vo febru\u00e1ri 2024, na druh\u00e9 v\u00fdro\u010die rozsiahlej ruskej inv\u00e1zie na Ukrajinu, Fico vyhl\u00e1sil, \u017ee vojnu za\u010dalo \u201ez\u00farenie ukrajinsk\u00fdch neonacistov\u201c. Ke\u010f sa slovensk\u00fd minister zahrani\u010dn\u00fdch vec\u00ed o t\u00fd\u017ede\u0148 nesk\u00f4r, de\u0148 po tom, ako bol po smrti v ruskej v\u00e4zbe pochovan\u00fd protivl\u00e1dny aktivista Alexej Nava\u013enyj, stretol so svoj\u00edm rusk\u00fdm n\u00e1protivkom, vyvolalo to hnevliv\u00fa kritiku zo strany ostatn\u00fdch l\u00eddrov E\u00da. <\/p>\n<p>Pre \u010cesk\u00fa republiku, najbli\u017e\u0161ieho spojenca Slovenska, bolo stretnutie pr\u00edli\u0161 \u010faleko. Krajiny vznikli v roku 1993 po mierovom z\u00e1niku \u010ceskoslovenska a te\u0161ia sa zvl\u00e1\u0161tnemu vz\u0165ahu, ktor\u00fd symbolizuj\u00fa ka\u017edoro\u010dn\u00e9 neform\u00e1lne stretnutia ich vl\u00e1d. No tento rok \u010desk\u00e1 strana zru\u0161ila.<\/p>\n<p>Ficova reakcia bola z\u00fariv\u00e1: \u201ePoznamen\u00e1vame, \u017ee \u010desk\u00e1 vl\u00e1da sa rozhodla ohrozi\u0165 [vz\u0165ah medzi krajinami] len preto, \u017ee m\u00e1 z\u00e1ujem podporova\u0165 vojnu na Ukrajine, zatia\u013e \u010do slovensk\u00e1 vl\u00e1da otvorene hovor\u00ed o mieri.<\/p>\n<p>Teraz sa zd\u00e1, \u017ee Fico m\u00f4\u017ee \u010deli\u0165 \u010fal\u0161iemu \u00faderu. Pod\u013ea  spr\u00e1v Eur\u00f3pska komisia zva\u017euje zadr\u017eanie finan\u010dn\u00fdch prostriedkov pre Ficov z\u00e1sah proti z\u00e1sad\u00e1m pr\u00e1vneho \u0161t\u00e1tu a pre obavy, \u017ee eurofondy nie s\u00fa dostato\u010dne chr\u00e1nen\u00e9 pred korupciou. <\/p>\n<p>Ak by Komisia zadr\u017eala finan\u010dn\u00e9 prostriedky ktor\u00e9, paradoxne, zah\u0155\u0148aj\u00fa miliardy eur pridelen\u00e9 prostredn\u00edctvom pl\u00e1nu E\u00da na obnovu po pand\u00e9mii, z ktor\u00fdch \u010das\u0165 je ur\u010den\u00e1 na financovanie protikorup\u010dn\u00fdch opatren\u00ed \u2013 postavila by Ficovu vl\u00e1du po bok pravicov\u00fdch l\u00eddrov Ma\u010farsko a predch\u00e1dzaj\u00faca vl\u00e1da Po\u013eska. <\/p>\n<p>Hoci ofici\u00e1lne ni\u010d nebolo ozn\u00e1men\u00e9, Fico sa u\u017e pok\u00fasil t\u00fato hrozbu obr\u00e1ti\u0165 vo svoj prospech. Nieko\u013eko dn\u00ed po zvolen\u00ed vl\u00e1dneho kandid\u00e1ta za prezidenta SR v apr\u00edli 2024  zverejnil premi\u00e9r na svojej facebookovej str\u00e1nke video, v ktorom (bez d\u00f4kazov) tvrd\u00ed, \u017ee v\u00ed\u0165azstvo povedie k \u201etrestaniu\u201c Bruselu. <\/p>\n<p>\u201eV\u00f4bec by ma neprekvapilo, keby Eur\u00f3pska komisia teraz sko\u010dila do na\u0161ich financi\u00ed z \u010disto politick\u00fdch d\u00f4vodov a kv\u00f4li v\u00fdsledku prezidentsk\u00fdch volieb,\u201c povedal. <\/p>\n<hr>\n<p> Hranol v\u017edy klamal a bude klama\u0165, lebo t\u00fdch 22% pre SMER znamen\u00e1 iba to, \u017ee 78% voli\u010dov s politikou SMERu nes\u00fahlasi. To je holt matematika a aj tie posledn\u00e9 vo\u013eby boli sfal\u0161ovan\u00e9 na kabala \u0161\u0165astn\u00e9 \u010d\u00edslo 7 a knihu Hlava 22. Samozrejme je tu aj vy\u0161etrovanie Kuciaka, ktor\u00fd odhlalil jeho machin\u00e1cie s financiami a jeho oligarchami. De\u0148 pred zverejnenim ho zabili.<\/p>\n<p>Okam\u017eite po vo\u013eb\u00e1ch vid\u00edte na fotkach st\u00e1\u0165 vraj Siedmych Stato\u010dn\u00fdch Smer\u00e1kov, v parlamentne m\u00e1me sedem str\u00e1n. A bordel ako Hlava 22.<\/p>\n<p>Ka\u017ed\u00fd kto si neveri, je silne pover\u010div\u00fd \ud83d\ude42<\/p>\n","protected":false},"excerpt":{"rendered":"<p>N\u00e1\u0161 s\u00fadruh Fico je dokonal\u00fdm prostriedkom na rozd\u00fachavanie hnevu vo\u010di t\u00fdm, ktor\u00ed ho zosadili, aj ked v v roku 2014 nas\u013eubocal hory doly, \u017ee v politike u\u017e nebude. Ovce naleteli?? K\u00fdm vl\u00e1du \u201eproti Smeru\u201c pohltili h\u00e1dky, Fico vyu\u017eil roky str\u00e1ven\u00e9 v mraze na to, aby si op\u00e4\u0165 z\u00edskal popularitu. Ke\u010f v roku 2020 vypukla pand\u00e9mia [&hellip;]<\/p>\n","protected":false},"author":1,"featured_media":0,"comment_status":"closed","ping_status":"open","sticky":false,"template":"","format":"standard","meta":{"footnotes":""},"categories":[5],"tags":[],"class_list":["post-29873","post","type-post","status-publish","format-standard","hentry","category-exo-news"],"_links":{"self":[{"href":"https:\/\/extraslovensko.sk\/spravy\/wp-json\/wp\/v2\/posts\/29873","targetHints":{"allow":["GET"]}}],"collection":[{"href":"https:\/\/extraslovensko.sk\/spravy\/wp-json\/wp\/v2\/posts"}],"about":[{"href":"https:\/\/extraslovensko.sk\/spravy\/wp-json\/wp\/v2\/types\/post"}],"author":[{"embeddable":true,"href":"https:\/\/extraslovensko.sk\/spravy\/wp-json\/wp\/v2\/users\/1"}],"replies":[{"embeddable":true,"href":"https:\/\/extraslovensko.sk\/spravy\/wp-json\/wp\/v2\/comments?post=29873"}],"version-history":[{"count":16,"href":"https:\/\/extraslovensko.sk\/spravy\/wp-json\/wp\/v2\/posts\/29873\/revisions"}],"predecessor-version":[{"id":29924,"href":"https:\/\/extraslovensko.sk\/spravy\/wp-json\/wp\/v2\/posts\/29873\/revisions\/29924"}],"wp:attachment":[{"href":"https:\/\/extraslovensko.sk\/spravy\/wp-json\/wp\/v2\/media?parent=29873"}],"wp:term":[{"taxonomy":"category","embeddable":true,"href":"https:\/\/extraslovensko.sk\/spravy\/wp-json\/wp\/v2\/categories?post=29873"},{"taxonomy":"post_tag","embeddable":true,"href":"https:\/\/extraslovensko.sk\/spravy\/wp-json\/wp\/v2\/tags?post=29873"}],"curies":[{"name":"wp","href":"https:\/\/api.w.org\/{rel}","templated":true}]}}