{"id":29937,"date":"2024-07-04T14:41:16","date_gmt":"2024-07-04T14:41:16","guid":{"rendered":"https:\/\/extraslovensko.sk\/spravy\/?p=29937"},"modified":"2024-07-04T14:43:33","modified_gmt":"2024-07-04T14:43:33","slug":"podoba-buduceho-vztahu-francuzska-s-eu-bude-zavisiet-od-druheho-kola-volieb","status":"publish","type":"post","link":"https:\/\/extraslovensko.sk\/spravy\/podoba-buduceho-vztahu-francuzska-s-eu-bude-zavisiet-od-druheho-kola-volieb\/","title":{"rendered":"Podoba bud\u00faceho vz\u0165ahu Franc\u00fazska s E\u00da bude z\u00e1visie\u0165 od druh\u00e9ho kola volieb"},"content":{"rendered":"<p>Podoba bud\u00faceho vz\u0165ahu Franc\u00fazska s E\u00da bude z\u00e1visie\u0165 od druh\u00e9ho kola volieb. V parlamentn\u00fdch vo\u013eb\u00e1ch 7. j\u00fala. Najv\u00e4\u010d\u0161\u00edm strachom v Bruseli a takmer v ka\u017edom hlavnom meste E\u00da je Budape\u0161\u0165, \u017ee N\u00e1rodn\u00e1 rely (RN) Marine Le Penovej z\u00edska v\u00e4\u010d\u0161inu po tom, \u010do sa umiestnila na prvom mieste v prvom kole. <\/p>\n<h1>Bud\u00faci vz\u0165ah Franc\u00fazska s E\u00da <\/h1>\n<p>Jej hlavnou politikou do roku 2017 bolo \u00fapln\u00e9 opustenie E\u00da. E\u0161te doned\u00e1vna chcela vyst\u00fapi\u0165 z integrovanej \u0161trukt\u00fary vojensk\u00e9ho velenia NATO, z ktorej de Gaulle odfrkol kr\u00e1tko po vyp\u013euvan\u00ed pr\u00e1zdnej stoli\u010dky. Ak je RN najv\u00e4\u010d\u0161ou stranou, ale nedosahuje v\u00e4\u010d\u0161inu, ako sa zd\u00e1 pravdepodobn\u00e9, st\u00e1le m\u00f4\u017ee by\u0165 schopn\u00e1 da\u0165 dokopy \u201en\u00e1rodn\u00fa konzervat\u00edvnu\u201c koal\u00edciu, z ktorej vy\u017earuje euroskepticizmus.<\/p>\n<p>Pravdepodobnej\u0161\u00ed je v\u0161ak zavesen\u00fd parlament; a aj to bude problematick\u00e9. To, \u010do by potom nasledovalo, nie je mo\u017eno ani tak Macroff, ako sk\u00f4r Macron-the-blink. Bez rezign\u00e1cie zostane \u00faraduj\u00faci Elyzejsk\u00fd pal\u00e1c prezidentom do roku 2027. To ho opr\u00e1v\u0148uje na\u010falej sa z\u00fa\u010dast\u0148ova\u0165 na stretnutiach l\u00eddrov e\u00fa , na ktor\u00fdch sa diskutuje o najd\u00f4le\u017eitej\u0161\u00edch ot\u00e1zkach. Ale bude sk\u00f4r vo funkcii ako pri moci. <\/p>\n<p>O mnoh\u00fdch rozhodnutiach prijat\u00fdch v Bruseli, vr\u00e1tane mno\u017estva regula\u010dn\u00fdch opatren\u00ed, ktor\u00e9 vytv\u00e1ra, hlasuj\u00fa ministri vl\u00e1d, nie n\u00e1rodn\u00ed l\u00eddri. Bez \u017eivotaschopnej koal\u00edcie v Par\u00ed\u017ei bud\u00fa v\u00f4bec ministri , ktor\u00fdch by bolo mo\u017en\u00e9 posiela\u0165 do zborov e\u00fa? Na rozdiel od \u010dasto roztrie\u0161ten\u00fdch zriaden\u00ed, ak\u00fdmi s\u00fa Taliansko a Belgicko, Franc\u00fazsko nem\u00e1 trad\u00edciu \u201edo\u010dasn\u00fdch\u201c vl\u00e1d, ktor\u00e9 by udr\u017eiavali veci v chode, zatia\u013e \u010do zlo\u017eit\u00e9 koal\u00edcie s\u00fa dl\u00e1\u017eden\u00e9. <\/p>\n<p>Ma\u0165 technokratov, aby viedli show, ako to robia niektor\u00e9 politicky uviaznut\u00e9 eur\u00f3pske krajiny, ke\u010f s\u00fa zablokovan\u00e9, by to pre RN pravdepodobne vyzeralo ako o\u017eiven\u00fd makronizmus.<\/p>\n<p>S 27 \u010dlenmi v E\u00da, jeden m\u00e1 v\u017edy politick\u00e9 kol\u00edsanie. Viacer\u00e9 krajiny u\u017e riadia politici podobn\u00e9ho odtie\u0148a ako pani Le Penov\u00e1, napr\u00edklad Taliansko a Ma\u010farsko; 2. j\u00fala zlo\u017eil pr\u00edsahu holandsk\u00fd premi\u00e9r podporovan\u00fd tvrdou pravicovou stranou. Franc\u00fazski prezidenti v\u0161ak maj\u00fa z nejak\u00e9ho d\u00f4vodu spolo\u010dn\u00fa z\u00e1\u013eubu v pov\u00fd\u0161enosti. Franc\u00fazsko, ako zakladaj\u00faci \u010dlen klubu, polovica franc\u00fazsko-nemeck\u00e9ho motora v jeho srdci a jedin\u00e1 jadrov\u00e1 mocnos\u0165 bloku, m\u00e1 obrovsk\u00fd vplyv. <\/p>\n<p><img decoding=\"async\" class=\"cento\" src=\"\/image\/fraco.jpg\" alt=\"Podoba bud\u00faceho vz\u0165ahu Franc\u00fazska s E\u00da bude z\u00e1visie\u0165 od druh\u00e9ho kola volieb\" \/><\/p>\n<p>P\u00e1n Macron zaradil Eur\u00f3pu do centra svojej agendy. Dva z jeho najv\u00fdznamnej\u0161\u00edch prejavov sa zaoberali bud\u00facnos\u0165ou E\u00da. V Par\u00ed\u017ei sa zrodili ve\u013ek\u00e9 my\u0161lienky, ako napr\u00edklad to, \u017ee \u00fania si spolo\u010dne po\u017ei\u010dia stovky mili\u00e1rd vo fonde na obnovu po v\u00edruse Covid. Pojem \u201estrategick\u00e1 auton\u00f3mia\u201c \u2013 predstavte si ho ako pl\u00e1n, ako sa Eur\u00f3pa dok\u00e1\u017ee vyrovna\u0165 s rebootovan\u00fdm trumpizmom, bol p\u00e1nom Macronom predt\u00fdm, ako sa stal v\u0161eobecne prijat\u00fdm.<\/p>\n<p>V kruhoch E\u00da mo\u017eno po\u010du\u0165 tri obavy. Prv\u00e1 je o Ukrajine. Macron mal pomal\u00fd za\u010diatok, pokia\u013e ide o jej podporu, najprv hovoril o \u201eneponi\u017eovan\u00ed\u201c Ruska, potom vyjadril skepticizmus oh\u013eadom roz\u0161\u00edrenia e\u00fa a\u017e po Kyjev. Prejavil sa v\u0161ak ako r\u00e1zny z\u00e1stanca ukrajinskej veci, \u010do tla\u010d\u00ed \u00faniu jastrab\u0161\u00edm smerom. Ako prezident by si Macron ponechal ur\u010dit\u00fa kontrolu nad zahrani\u010dnou politikou. Zavies\u0165 t\u00fato politiku do praxe by v\u0161ak bolo \u0165a\u017ek\u00e9, v neposlednom rade vzh\u013eadom na obdiv RN k rusk\u00e9mu prezidentovi Vladimirovi Putinovi. Franc\u00fazski ministri by mohli zablokova\u0165 vstup Ukrajiny do klubu \u2013 ako to obhajuje RN alebo vyko\u013eaji\u0165 pokusy nalia\u0165 do klubu viac pe\u0148az\u00ed EU.<\/p>\n<p>Druh\u00e1 obava sa t\u00fdka franc\u00fazskych verejn\u00fdch financi\u00ed. Jeho dlh je vysok\u00fd, vysoko nad 100 % HDP. Eur\u00f3pska komisia u\u017e nariadila obmedzi\u0165 franc\u00fazsky rozpo\u010dtov\u00fd deficit na \u00farovni 5,5 % v roku 2023, \u010do je takmer dvojn\u00e1sobok trojpercentn\u00e9ho limitu e\u00fa. Nov\u00fd minister financi\u00ed, ktor\u00fd potrebuje dba\u0165 na preferencie RN, by sa mohol p\u00fd\u0161i\u0165 t\u00fdm, \u017ee sa vzoprie ediktom eurokratov. <\/p>\n<p>Op\u00e4tovn\u00e9 spustenie gr\u00e9ckej dlhovej kr\u00edzy vo franc\u00fazskom meradle e\u0161te nie je v pl\u00e1ne. Ale demag\u00f3govia na vysok\u00fdch miestach by mohli zmeni\u0165 to, \u010do sa dalo zvl\u00e1dnu\u0165, na nie\u010do \u0161kared\u0161ie.<\/p>\n<p>Najv\u00e4\u010d\u0161ou obavou je, \u017ee zmen\u0161enie Franc\u00fazska bude znamena\u0165 koniec ned\u00e1vneho veku amb\u00edci\u00ed E\u00da. V poslednom desa\u0165ro\u010d\u00ed blok reagoval na ka\u017ed\u00fa kr\u00edzu a bolo ich ve\u013ea, od gr\u00e9ckej po Brexit, \u017eivotn\u00e9 prostredie, COVID-19 a Ukrajinu \u2013 spolo\u010dn\u00fdm \u00fasil\u00edm. <\/p>\n<p>T\u00e1to dynamika prinajmen\u0161om nepre\u017eije franc\u00fazskeho prezidenta, ktor\u00fd sa pot\u00e1ca doma. S bl\u00ed\u017eiacim sa rokom 2027 sa v\u0161etky o\u010di bud\u00fa upiera\u0165 na pani Le Penov\u00fa a na to, \u010di sa jej star\u00e9 pl\u00e1ny na Frexit opr\u00e1\u0161ia, ak vyhr\u00e1. Ale e\u0161te predt\u00fdm, s p\u00e1nom Macronom na lane, eur\u00f3psky projekt strat\u00ed impozantn\u00e9ho spojenca.  <\/p>\n","protected":false},"excerpt":{"rendered":"<p>Podoba bud\u00faceho vz\u0165ahu Franc\u00fazska s E\u00da bude z\u00e1visie\u0165 od druh\u00e9ho kola volieb. V parlamentn\u00fdch vo\u013eb\u00e1ch 7. j\u00fala. Najv\u00e4\u010d\u0161\u00edm strachom v Bruseli a takmer v ka\u017edom hlavnom meste E\u00da je Budape\u0161\u0165, \u017ee N\u00e1rodn\u00e1 rely (RN) Marine Le Penovej z\u00edska v\u00e4\u010d\u0161inu po tom, \u010do sa umiestnila na prvom mieste v prvom kole. Bud\u00faci vz\u0165ah Franc\u00fazska s E\u00da [&hellip;]<\/p>\n","protected":false},"author":1,"featured_media":0,"comment_status":"closed","ping_status":"open","sticky":false,"template":"","format":"standard","meta":{"footnotes":""},"categories":[5],"tags":[],"class_list":["post-29937","post","type-post","status-publish","format-standard","hentry","category-exo-news"],"_links":{"self":[{"href":"https:\/\/extraslovensko.sk\/spravy\/wp-json\/wp\/v2\/posts\/29937","targetHints":{"allow":["GET"]}}],"collection":[{"href":"https:\/\/extraslovensko.sk\/spravy\/wp-json\/wp\/v2\/posts"}],"about":[{"href":"https:\/\/extraslovensko.sk\/spravy\/wp-json\/wp\/v2\/types\/post"}],"author":[{"embeddable":true,"href":"https:\/\/extraslovensko.sk\/spravy\/wp-json\/wp\/v2\/users\/1"}],"replies":[{"embeddable":true,"href":"https:\/\/extraslovensko.sk\/spravy\/wp-json\/wp\/v2\/comments?post=29937"}],"version-history":[{"count":5,"href":"https:\/\/extraslovensko.sk\/spravy\/wp-json\/wp\/v2\/posts\/29937\/revisions"}],"predecessor-version":[{"id":29942,"href":"https:\/\/extraslovensko.sk\/spravy\/wp-json\/wp\/v2\/posts\/29937\/revisions\/29942"}],"wp:attachment":[{"href":"https:\/\/extraslovensko.sk\/spravy\/wp-json\/wp\/v2\/media?parent=29937"}],"wp:term":[{"taxonomy":"category","embeddable":true,"href":"https:\/\/extraslovensko.sk\/spravy\/wp-json\/wp\/v2\/categories?post=29937"},{"taxonomy":"post_tag","embeddable":true,"href":"https:\/\/extraslovensko.sk\/spravy\/wp-json\/wp\/v2\/tags?post=29937"}],"curies":[{"name":"wp","href":"https:\/\/api.w.org\/{rel}","templated":true}]}}