{"id":30020,"date":"2024-09-11T10:23:12","date_gmt":"2024-09-11T10:23:12","guid":{"rendered":"https:\/\/extraslovensko.sk\/spravy\/?p=30020"},"modified":"2024-09-11T10:23:12","modified_gmt":"2024-09-11T10:23:12","slug":"dalsie-budovanie-obrany-ciny-povinny-vojensky-vycvik-pre-studentov","status":"publish","type":"post","link":"https:\/\/extraslovensko.sk\/spravy\/dalsie-budovanie-obrany-ciny-povinny-vojensky-vycvik-pre-studentov\/","title":{"rendered":"\u010eal\u0161ie budovanie obrany \u010c\u00edny, povinn\u00fd vojensk\u00fd v\u00fdcvik pre \u0161tudentov"},"content":{"rendered":"<h1>\u010eal\u0161ie budovanie obrany \u010c\u00edny s \u010d\u00ednsky povinn\u00fd vojensk\u00fd v\u00fdcvik pre \u0161tudentov<\/h1>\n<p>\u010c\u00edna chce podpori\u0165 povedomie o n\u00e1rodnej obrane u det\u00ed u\u017e na z\u00e1kladnej \u0161kole pod\u013ea navrhovanej legislat\u00edvy, ktor\u00e1 by si vy\u017eadovala vojensk\u00fd v\u00fdcvik na stredn\u00fdch a vysok\u00fdch \u0161kol\u00e1ch. Cie\u013eom je nau\u010di\u0165 v\u0161etk\u00fdch \u010dlenov spolo\u010dnosti \u201ete\u00f3riu, vedomosti a zru\u010dnosti spojen\u00e9 s obranou \u0161t\u00e1tu\u201c pod\u013ea n\u00e1vrhu rev\u00edzi\u00ed z\u00e1kona o n\u00e1rodnom obrannom vzdel\u00e1van\u00ed.<\/p>\n<p>Krok k zmene z\u00e1kona prv\u00fdkr\u00e1t od roku 2018 prich\u00e1dza v \u010dase rast\u00faceho nap\u00e4tia s USA oh\u013eadom Taiwanu a Juho\u010d\u00ednskeho mora. Niektor\u00e9 univerzity u\u017e umo\u017enili \u0161tudentom tr\u00e9nova\u0165 s ostrou mun\u00edciou a tankami. N\u00e1vrh mal prv\u00e9 \u010d\u00edtanie v St\u00e1lym v\u00fdbore N\u00e1rodn\u00e9ho \u013eudov\u00e9ho kongresu koncom minul\u00e9ho mesiaca a bol otvoren\u00fd na verejn\u00e9 pripomienkovanie.<\/p>\n<p><img decoding=\"async\" class= \"cento\" src=\"\/image\/transporter.jpg\" alt=\"\u010c\u00edna chce podpori\u0165 povedomie o n\u00e1rodnej obrane u det\u00ed u\u017e na z\u00e1kladnej \u0161kole pod\u013ea navrhovanej legislat\u00edvy, ktor\u00e1 by si vy\u017eadovala vojensk\u00fd v\u00fdcvik na stredn\u00fdch a vysok\u00fdch \u0161kol\u00e1ch\" \/><br \/>\nObrnen\u00e9 transport\u00e9ry sa valia po akademickej p\u00f4de po\u010das cvi\u010den\u00ed na univerzite v \u010d\u00ednskej auton\u00f3mnej oblasti Kuang-si Zhuang.<\/p>\n<p>N\u00e1vrh vyz\u00fdva na v\u0161tepovanie ur\u010dit\u00e9ho stup\u0148a povedomia o n\u00e1rodnej obrane medzi de\u0165mi z\u00e1kladn\u00fdch \u0161k\u00f4l. Stredo\u0161kol\u00e1ci sa maj\u00fa nau\u010di\u0165 z\u00e1kladn\u00e9 vedomosti a zru\u010dnosti, \u0161tudenti stredn\u00fdch a vysok\u00fdch \u0161k\u00f4l by absolvovali povinn\u00fd vojensk\u00fd v\u00fdcvik. Toto vzdel\u00e1vanie a v\u00fdcvik by usmer\u0148ovala vl\u00e1da a \u013dudov\u00e1 oslobodzovacia arm\u00e1da.<\/p>\n<p>Miestne samospr\u00e1vy by museli zahrn\u00fa\u0165 n\u00e1klady na obrann\u00e9 vzdel\u00e1vanie do svojich rozpo\u010dtov. \u0160t\u00e1tne org\u00e1ny, univerzity a in\u00e9 organiz\u00e1cie by boli bran\u00e9 na zodpovednos\u0165 za poru\u0161enie z\u00e1kona.<\/p>\n<p>&#8220;Cie\u013eom je upozorni\u0165 verejnos\u0165, \u017ee m\u00f4\u017ee vypukn\u00fa\u0165 vojna, a u\u013eah\u010di\u0165 jej mobiliz\u00e1ciu v pr\u00edpade n\u00fadze,&#8221; povedal Masafumi Iida, ktor\u00fd sa v japonskom N\u00e1rodnom in\u0161tit\u00fate pre obrann\u00e9 \u0161t\u00fadie \u0161pecializuje na \u010d\u00ednsku zahrani\u010dn\u00fa a bezpe\u010dnostn\u00fa politiku.<\/p>\n<p>Rokovania o zmen\u00e1ch a doplnkoch bud\u00fa pokra\u010dova\u0165 v St\u00e1lom v\u00fdbore, ktor\u00fd sa v z\u00e1sade sch\u00e1dza ka\u017ed\u00e9 dva mesiace. Legislat\u00edva by mohla by\u0165 prijat\u00e1 za\u010diatkom tohto roka. Univerzita Fuzhou v \u010d\u00ednskej provincii Fujian cez \u00fa\u017einu z Taiwanu usporiadala v j\u00fali s\u00fa\u0165a\u017e vojensk\u00fdch zru\u010dnost\u00ed. Asi 500 vysoko\u0161kol\u00e1kov z celej provincie s\u00fa\u0165a\u017eilo v stre\u013ebe na ter\u010d, hode ru\u010dn\u00fdm gran\u00e1tom a prvej pomoci.<\/p>\n<p>\u010c\u00ednska centr\u00e1lna telev\u00edzia (CCTV) informovala o cvi\u010den\u00ed tankov a obrnen\u00fdch transport\u00e9rov na univerzite v auton\u00f3mnej oblasti Kuang-si Zhuang. Niektor\u00e9 \u0161koly maj\u00fa nov\u00fdch \u0161tudentov sk\u00fasenosti s preliezan\u00edm bahnom alebo odpa\u013eovan\u00edm rakiet.<\/p>\n<p>Univerzita Fuzhou v \u010d\u00ednskej provincii Fujian cez \u00fa\u017einu z Taiwanu usporiadala v j\u00fali s\u00fa\u0165a\u017e vojensk\u00fdch zru\u010dnost\u00ed. Asi 500 vysoko\u0161kol\u00e1kov z celej provincie s\u00fa\u0165a\u017eilo v stre\u013ebe na ter\u010d, hode ru\u010dn\u00fdm gran\u00e1tom a prvej pomoci. \u010c\u00ednska centr\u00e1lna telev\u00edzia (CCTV) informovala o cvi\u010den\u00ed tankov a obrnen\u00fdch transport\u00e9rov na univerzite v auton\u00f3mnej oblasti Kuang-si Zhuang. <\/p>\n<blockquote><p>Niektor\u00e9 \u0161koly maj\u00fa nov\u00fdch \u0161tudentov sk\u00fasenosti s preliezan\u00edm bahnom alebo odpa\u013eovan\u00edm rakiet.<\/p><\/blockquote>\n<p>\u010c\u00ednska vl\u00e1da sa tie\u017e sna\u017eila pril\u00e1ka\u0165 talenty z lek\u00e1rskych fak\u00falt po celej krajine. Prezident Si \u0164in-pching po\u010das marcovej n\u00e1v\u0161tevy Vojenskej lek\u00e1rskej univerzity v Chongqingu vyzval \u0161tudentov a zamestnancov, aby sl\u00fa\u017eili na bojisku a pracovali na vybudovan\u00ed \u201evojenskej lek\u00e1rskej \u0161koly svetovej triedy\u201c.<\/p>\n<p>\u010eal\u0161\u00edm cie\u013eom roz\u0161irovania n\u00e1rodn\u00e9ho obrann\u00e9ho vzdel\u00e1vania je n\u00e1bor technick\u00fdch talentov. Ke\u010f\u017ee \u010c\u00edna sa pon\u00e1h\u013ea s moderniz\u00e1ciou svojej arm\u00e1dy , s\u00fa ve\u013emi \u017eiadan\u00e9 odborn\u00e9 znalosti v oblastiach ako umel\u00e1 inteligencia, robotika a vesm\u00edr . Si \u0164in-pching ozna\u010dil tak\u00e9to \u201erozv\u00edjaj\u00face sa oblasti\u201c v marci a vyzval na posilnenie vojensk\u00fdch kapac\u00edt v nich.<\/p>\n<p>&#8220;Pre \u010d\u00ednskych univerzitn\u00fdch l\u00eddrov je jedn\u00fdm zo z\u00e1kladov na z\u00edskanie s\u00fahlasu komunistickej strany to, ko\u013eko dobr\u00fdch \u0161tudentov m\u00f4\u017eu ich \u0161koly posla\u0165 do arm\u00e1dy,&#8221; povedala Iida.<\/p>\n<p>Revidovan\u00e9 \u010d\u00ednske pravidl\u00e1 brannej povinnosti , ktor\u00e9 v \u010c\u00edne nadobudli \u00fa\u010dinnos\u0165 v m\u00e1ji 2023, \u0161pecifikuj\u00fa univerzitn\u00fdch \u0161tudentov ako vhodn\u00fdch na povolanie. Vysok\u00e9 \u0161koly maj\u00fa za \u00falohu z\u00edskava\u0165 \u0161tudentov na vojensk\u00fa slu\u017ebu. Pod\u013ea revidovan\u00fdch pravidiel m\u00f4\u017eu by\u0165 \u0161tudenti draftovan\u00ed bu\u010f v ich rodnom meste, alebo v ich \u0161kole.<\/p>\n","protected":false},"excerpt":{"rendered":"<p>\u010eal\u0161ie budovanie obrany \u010c\u00edny s \u010d\u00ednsky povinn\u00fd vojensk\u00fd v\u00fdcvik pre \u0161tudentov \u010c\u00edna chce podpori\u0165 povedomie o n\u00e1rodnej obrane u det\u00ed u\u017e na z\u00e1kladnej \u0161kole pod\u013ea navrhovanej legislat\u00edvy, ktor\u00e1 by si vy\u017eadovala vojensk\u00fd v\u00fdcvik na stredn\u00fdch a vysok\u00fdch \u0161kol\u00e1ch. Cie\u013eom je nau\u010di\u0165 v\u0161etk\u00fdch \u010dlenov spolo\u010dnosti \u201ete\u00f3riu, vedomosti a zru\u010dnosti spojen\u00e9 s obranou \u0161t\u00e1tu\u201c pod\u013ea n\u00e1vrhu rev\u00edzi\u00ed [&hellip;]<\/p>\n","protected":false},"author":1,"featured_media":0,"comment_status":"closed","ping_status":"open","sticky":false,"template":"","format":"standard","meta":{"footnotes":""},"categories":[5],"tags":[],"class_list":["post-30020","post","type-post","status-publish","format-standard","hentry","category-exo-news"],"_links":{"self":[{"href":"https:\/\/extraslovensko.sk\/spravy\/wp-json\/wp\/v2\/posts\/30020","targetHints":{"allow":["GET"]}}],"collection":[{"href":"https:\/\/extraslovensko.sk\/spravy\/wp-json\/wp\/v2\/posts"}],"about":[{"href":"https:\/\/extraslovensko.sk\/spravy\/wp-json\/wp\/v2\/types\/post"}],"author":[{"embeddable":true,"href":"https:\/\/extraslovensko.sk\/spravy\/wp-json\/wp\/v2\/users\/1"}],"replies":[{"embeddable":true,"href":"https:\/\/extraslovensko.sk\/spravy\/wp-json\/wp\/v2\/comments?post=30020"}],"version-history":[{"count":1,"href":"https:\/\/extraslovensko.sk\/spravy\/wp-json\/wp\/v2\/posts\/30020\/revisions"}],"predecessor-version":[{"id":30021,"href":"https:\/\/extraslovensko.sk\/spravy\/wp-json\/wp\/v2\/posts\/30020\/revisions\/30021"}],"wp:attachment":[{"href":"https:\/\/extraslovensko.sk\/spravy\/wp-json\/wp\/v2\/media?parent=30020"}],"wp:term":[{"taxonomy":"category","embeddable":true,"href":"https:\/\/extraslovensko.sk\/spravy\/wp-json\/wp\/v2\/categories?post=30020"},{"taxonomy":"post_tag","embeddable":true,"href":"https:\/\/extraslovensko.sk\/spravy\/wp-json\/wp\/v2\/tags?post=30020"}],"curies":[{"name":"wp","href":"https:\/\/api.w.org\/{rel}","templated":true}]}}