{"id":30065,"date":"2024-10-11T21:06:13","date_gmt":"2024-10-11T21:06:13","guid":{"rendered":"https:\/\/extraslovensko.sk\/spravy\/?p=30065"},"modified":"2024-10-11T21:06:13","modified_gmt":"2024-10-11T21:06:13","slug":"pakistansky-duchovny-talibanu-vyhlasil-cinu-za-nepriatela-cislo-jeden","status":"publish","type":"post","link":"https:\/\/extraslovensko.sk\/spravy\/pakistansky-duchovny-talibanu-vyhlasil-cinu-za-nepriatela-cislo-jeden\/","title":{"rendered":"Pakistansk\u00fd duchovn\u00fd Talibanu vyhl\u00e1sil \u010c\u00ednu za nepriate\u013ea \u010d\u00edslo jeden"},"content":{"rendered":"<h1>Prominentn\u00fd pakistansk\u00fd duchovn\u00fd Talibanu vyhl\u00e1sil \u010c\u00ednu za \u010fal\u0161ieho nepriate\u013ea \u010d\u00edslo jeden<\/h1>\n<p>Al-K\u00e1ida bola prvou ve\u013ekou neujgurskou islamistickou organiz\u00e1ciou, ktor\u00e1 vyvinula s\u00fabor explicitn\u00fdch a jemn\u00fdch argumentov proti \u010c\u00edne. Aj ke\u010f sa organiz\u00e1cia od teroristick\u00fdch \u00fatokov z 11. septembra 2001 prim\u00e1rne zameriavala na USA, jej nepriate\u013estvo vo\u010di Pekingu sa okolo roku 2006 v\u00fdrazne zintenz\u00edvnilo. Us\u00e1ma bin L\u00e1din povedal, \u017ee Organiz\u00e1cia Spojen\u00fdch n\u00e1rodov existuje, \u201eaby zabr\u00e1nila vl\u00e1de \u0161ar\u00edou a zaru\u010dila podrobenie sa vl\u00e1de piatich najv\u00e4\u010d\u0161\u00edch zlo\u010dincov na svete\u201c &#8212; odkaz na p\u00e4\u0165 st\u00e1lych \u010dlenov rady <strong>vr\u00e1tane \u010c\u00edny.<\/strong><\/p>\n<p>V roku 2009 nepokoje v hlavnom meste Sin-\u0165iangu Urum\u010di viac upozornili na \u00fadajn\u00e9 represie vo\u010di Ujgurom. Al-K\u00e1ida zase zv\u00fd\u0161ila svoju verejn\u00fa podporu tomu, \u010do je dnes Turkestansk\u00e1 islamsk\u00e1 strana, islamistick\u00e1 ujgursk\u00e1 skupina. Nasleduj\u00face desa\u0165ro\u010die videlo bezprecedentn\u00fd pr\u00fad proti\u010d\u00ednskej propagandy a ove\u013ea \u0161ir\u0161\u00ed okruh odno\u017e\u00ed al-K\u00e1idy a spojencov, ktor\u00ed sa ujali veci.<\/p>\n<p>Medzi nimi pakistansk\u00fd Taliban (TTP) a odno\u017e al-K\u00e1idy Al-Shabab vo v\u00fdchodnej Afrike, obe p\u00f4sobiace v k\u013e\u00fa\u010dov\u00fdch destin\u00e1ci\u00e1ch pre \u010d\u00ednske invest\u00edcie do infra\u0161trukt\u00fary premenili slov\u00e1 na \u010diny so smrte\u013en\u00fdm \u00fa\u010dinkom.<\/p>\n<p>Abu Zar al-Burmi, b\u00fdval\u00fd duchovn\u00fd vodca Islamsk\u00e9ho hnutia Uzbekistanu a v\u00fdznamn\u00fd duchovn\u00fd TTP, prirovnal medzin\u00e1rodn\u00fa obchodn\u00fa \u010dinnos\u0165 \u010c\u00edny k aktivite Britskej V\u00fdchodoindickej spolo\u010dnosti pri drancovan\u00ed zdrojov. Vyhl\u00e1sil tie\u017e \u010c\u00ednu za \u201enov\u00fa superve\u013emoc\u201c a \u201e\u010fal\u0161ieho nepriate\u013ea \u010d\u00edslo jeden\u201c.<\/p>\n<h1>Al-Shabab pris\u013e\u00fabil solidaritu za \u0165a\u017ek\u00fa \u200b\u200bsitu\u00e1ciu Ujgurov<\/h1>\n<p>V apr\u00edli 2021 sa TTP prihl\u00e1sila k zodpovednosti za bombov\u00fd \u00fatok v hoteli Serena v Quette v pakistanskej provincii Bal\u00fa\u010dist\u00e1n. P\u00e4\u0165 \u013eud\u00ed bolo zabit\u00fdch. Nong Rong, \u010d\u00ednsky ve\u013evyslanec v Pakistane, b\u00fdval v hoteli a bol len p\u00e1r min\u00fat od pr\u00edchodu, ke\u010f do\u0161lo k v\u00fdbuchu. Zatia\u013e \u010do TTP nepriznal pokus zabi\u0165 Nonga, len m\u00e1lokto pochyboval, \u017ee on bol zam\u00fd\u0161\u013ean\u00fdm cie\u013eom.<\/p>\n<p>Nesk\u00f4r v tom istom roku vtedaj\u0161\u00ed pakistansk\u00fd minister zahrani\u010dn\u00fdch vec\u00ed obvinil TTP z odp\u00e1lenia bomby v aute, ktor\u00e1 poslala autobus do rokliny v oblasti Kohistan v provincii Chajbar Pa\u0161t\u00fanchva. Zahynulo dev\u00e4\u0165 \u010d\u00ednskych robotn\u00edkov.<\/p>\n<p>Podobne aj Al-Shabab sporadicky \u00fato\u010dil na \u010d\u00ednskych pracovn\u00edkov a obchodn\u00e9 z\u00e1ujmy v Keni, vr\u00e1tane incidentu z janu\u00e1ra 2022, ke\u010f mil\u00edcia podp\u00e1lila stavebn\u00e9 vybavenie. V roku 2015 bombardovala hotel, v ktorom s\u00eddlilo \u010d\u00ednske ve\u013evyslanectvo vo vojnou zni\u010denom hlavnom meste Som\u00e1lska Mogadi\u0161o, pri\u010dom zabila \u010dlena \u010d\u00ednskeho bezpe\u010dnostn\u00e9ho person\u00e1lu a viac ako tucet \u010fal\u0161\u00edch.<\/p>\n<p>Guillermo Calderon Lopez, novin\u00e1r a v\u00fdskumn\u00edk \u0161pecializuj\u00faci sa na \u0161t\u00fadium n\u00e1siln\u00fdch extr\u00e9mistick\u00fdch skup\u00edn, poznamenal, \u017ee \u201eAl-Shabab pris\u013e\u00fabil solidaritu v \u0165a\u017ekej situ\u00e1cii Ujgurov\u201c a z\u00e1rove\u0148 kritizoval \u010c\u00ednu za dod\u00e1vky vojensk\u00e9ho materi\u00e1lu do Som\u00e1lska. &#8220;Cie\u013eom skupiny je naru\u0161i\u0165 Iniciat\u00edvu p\u00e1su a cesty vo v\u00fdchodnej Afrike,&#8221; povedal.<\/p>\n<p>V Pakistane sa nieko\u013eko bal\u00fa\u010dskych a sindhsk\u00fdch separatistick\u00fdch zoskupen\u00ed sna\u017e\u00ed vy\u010dleni\u0165 nez\u00e1visl\u00e9 \u0161t\u00e1ty, ktor\u00e9 by zah\u0155\u0148ali oblasti, ako je bal\u00fa\u010distansk\u00fd pr\u00edstav Gwadar, srdce \u010d\u00ednsko-pakistansk\u00e9ho ekonomick\u00e9ho koridoru BRI v hodnote nieko\u013ek\u00fdch mili\u00e1rd dol\u00e1rov. Koal\u00edcia ozbrojen\u00fdch frakci\u00ed obvinila Pakistan a \u010c\u00ednu, \u017ee vyu\u017e\u00edvaj\u00fa CPEC na podrobenie Sindhu a Bal\u00fa\u010dist\u00e1nu na nez\u00e1konn\u00e9 politick\u00e9, ekonomick\u00e9 a militaristick\u00e9 z\u00e1ujmy a &#8220;chc\u00fa okupova\u0165 pobre\u017eia a zdroje od Badinu po Gwadar&#8221;.<\/p>\n<p>Popredn\u00e1 osobnos\u0165 Bal\u00fa\u010dist\u00e1nskej oslobodzovacej arm\u00e1dy (BLA) tvrdila, \u017ee \u201e\u010c\u00edna pod patron\u00e1tom Pakistanu a jeho arm\u00e1dy u\u017e mnoho rokov drancuje pr\u00edrodn\u00e9 zdroje Bal\u00fa\u010dist\u00e1nu\u201c a \u017ee Peking umo\u017e\u0148uje \u201ebrutalitu\u201c pakistanskej arm\u00e1dy.<\/p>\n<p>Zatia\u013e \u010do ich korene s\u00fa odli\u0161n\u00e9, BLA zdie\u013ea t\u00fa\u017ebu TTP podkopa\u0165 vl\u00e1du v Islamabade. A tie\u017e sa n\u00e1silne zameral na \u010d\u00ednske z\u00e1ujmy.<\/p>\n<p>BLA sa prihl\u00e1sila k zodpovednosti za \u00fatok na \u010d\u00ednsky konzul\u00e1t v Kar\u00e1\u010d\u00ed v novembri 2018, za cie\u013e vozidlo s \u010d\u00ednskymi \u0161t\u00e1tnymi pr\u00edslu\u0161n\u00edkmi s v\u00fdbu\u0161ninami v Gwadare v auguste 2021 a samovra\u017eedn\u00fd bombov\u00fd \u00fatok proti Konfuciovmu in\u0161tit\u00fatu na Univerzite v Kar\u00e1\u010d\u00ed v apr\u00edli 2022.<\/p>\n<p>Protiteroristick\u00fd \u0161pecialista Alkhouri uviedol, \u017ee &#8220;zatia\u013e \u010do \u00fatoky bal\u00fa\u010dskych skup\u00edn na \u010d\u00ednskych ob\u010danov v Pakistane s\u00fa zriedkav\u00e9, ich cie\u013eom je oslabi\u0165 d\u00f4veru v pakistansk\u00fa vl\u00e1du&#8221; a z\u00e1rove\u0148 presadzova\u0165 \u00fazemn\u00fa nez\u00e1vislos\u0165, &#8220;rovnak\u00fd cie\u013e maj\u00fa v\u0161etky separatistick\u00e9 skupiny&#8221;.<\/p>\n<p>Zd\u00e1 sa, \u017ee \u010c\u00edna nechce prija\u0165 \u010fal\u0161ie \u0161ance v Pakistane.<\/p>\n<p>Okrem pozastavenia konzul\u00e1rnych slu\u017eieb mus\u00ed Peking e\u0161te nahradi\u0165 alebo dokonca ozn\u00e1mi\u0165 n\u00e1stupcu ve\u013evyslanca Nonga. Vzh\u013eadom na priate\u013esk\u00e9 vz\u0165ahy medzi krajinami je to nezvy\u010dajn\u00e9.<\/p>\n<p>Fakhar Kakakhel, nez\u00e1visl\u00fd analytik \u0161pecializuj\u00faci sa na militantnos\u0165, s\u00fahlasil s t\u00fdm, \u017ee nov\u00e1 vlna n\u00e1silia v Pakistane preru\u0161ila diplomatick\u00e9 a ekonomick\u00e9 rokovania \u010c\u00edny. Vlna sa zintenz\u00edvnila , ke\u010f militanti TTP pred zabit\u00edm vykonali drz\u00fd \u00fatok na policajn\u00e9 velite\u013estvo v Kar\u00e1\u010d\u00ed.<\/p>\n<p>Kakakhel zd\u00f4raznil, \u017ee by to malo by\u0165 do\u010dasn\u00e9. &#8220;\u010c\u00edna ch\u00e1pe finan\u010dn\u00fa kr\u00edzu v Pakistane&#8221; a jej protiteroristick\u00e9 schopnosti, povedal. &#8220;Po skon\u010den\u00ed finan\u010dnej kr\u00edzy m\u00f4\u017ee Pakistan prija\u0165 \u00fa\u010dinn\u00e9 opatrenia na obnovenie pokojn\u00e9ho prostredia pre v\u0161etk\u00fdch vr\u00e1tane \u010c\u00ed\u0148anov.&#8221;<\/p>\n<p>Odborn\u00edci tvrdia, \u017ee ISIS-K d\u00fafa v podobn\u00e9 naru\u0161enie aj v Afganistane, hoci predstavite\u013e Talibanu v Katare Suhail Shaheen sa ned\u00e1vno stretol s osobitn\u00fdm vyslancom \u010c\u00edny pre Afganistan a diskutoval o \u201eur\u00fdch\u013eovan\u00ed \u010d\u00ednskych projektov v Afganistane\u201c, uv\u00e1dzaj\u00fa miestne m\u00e9di\u00e1.<\/p>\n<p>Pre ISIS-K &#8220;\u00eds\u0165 po \u010c\u00edne ukazuje dvojit\u00fa v\u00fdhodu,&#8221; povedal v\u00fdskumn\u00edk Calderon Lopez. &#8220;Prvou v\u00fdhodou je prest\u00ed\u017e, ktor\u00fa z\u00edskava ako &#8216;obranca moslimov&#8217;, najm\u00e4 Ujgurov. Na druhej strane to oslabuje Taliban a dokazuje to, \u017ee nie je schopn\u00fd vl\u00e1dnu\u0165 v Afganistane.&#8221;<\/p>\n<p>Hnutie Islamsk\u00fd \u0161t\u00e1t, ktor\u00e9 sa odtrhlo od al-K\u00e1idy, je u\u017e roky nepriate\u013esk\u00e9 vo\u010di \u010c\u00edne. Vo svojom prvom prejave po vyhl\u00e1sen\u00ed kalif\u00e1tu v Iraku a S\u00fdrii v roku 2014 sa Ab\u00fa Bakr al-Bagd\u00e1d\u00ed zmienil o Ujguroch, ke\u010f hovoril o \u201eextr\u00e9mnom mu\u010den\u00ed a degrad\u00e1cii moslimov vo V\u00fdchodnom Turkistane\u201c a kritizoval \u010d\u00ednsku vl\u00e1du.<\/p>\n<p>Vo svojej propagande, najm\u00e4 v \u010dasopise Voice of Khurasan, ISIS-K opovrhuje neofici\u00e1lnymi vz\u0165ahmi afgansk\u00e9ho Talibanu s Pekingom a ned\u00e1vno zverejnil hlbok\u00fa kritiku \u010d\u00ednskej politiky nazvan\u00fa \u201e\u010c\u00ednsky sen o imperializme\u201c. Tie\u017e pr\u00e1ve vydala svoj vlastn\u00fd dlh\u00fd zv\u00e4zok o hist\u00f3rii ujgursk\u00e9ho \u00fatlaku.<\/p>\n<p>Militanti z Islamsk\u00e9ho \u0161t\u00e1tu za\u00fato\u010dili nielen na \u010c\u00ednu v Afganistane, ale aj na Pakistan, pri\u010dom v roku 2017 do\u0161lo k \u00fanosu a vra\u017ede dvoch \u010d\u00ednskych u\u010dite\u013eov v Kv\u00e9te.<\/p>\n<p>Akoby to nesta\u010dilo na boj, \u010c\u00edna tie\u017e \u010del\u00ed rast\u00facemu zboru ods\u00fadenia zo strany povstalcov inde v \u00c1zii. To zah\u0155\u0148a Filip\u00edny, kde Manila vn\u00edma Peking ako zdroj invest\u00edci\u00ed a \u00fazemn\u00e9ho votrelca.<\/p>\n<p>\u010co sa m\u00f4\u017ee zda\u0165 kontraintuit\u00edvne, vzh\u013eadom na to, \u017ee \u010d\u00ednski vl\u00e1dcovia s\u00fa v n\u00e1zve komunisti, Komunistick\u00e1 strana Filip\u00edn (CPP) a jej militantn\u00e9 kr\u00eddlo Novej \u013eudovej arm\u00e1dy (NPA) s\u00fa vo\u010di \u00e1zijsk\u00e9mu gigantovi \u010doraz antagonistickej\u0161ie. V roku 2020 komunistick\u00ed partiz\u00e1ni naliehali na svoje sily, aby \u201ezaviedli \u010dastej\u0161ie taktick\u00e9 ofenz\u00edvy\u201c proti \u010d\u00ednskym podnikom s pou\u017eit\u00edm \u201ev\u0161etk\u00fdch mo\u017en\u00fdch typov zbran\u00ed \u2013 od pu\u0161iek a velen\u00edm odp\u00e1len\u00fdch v\u00fdbu\u0161n\u00edn a\u017e po o\u0161tepy a palice punji\u201c.<\/p>\n","protected":false},"excerpt":{"rendered":"<p>Prominentn\u00fd pakistansk\u00fd duchovn\u00fd Talibanu vyhl\u00e1sil \u010c\u00ednu za \u010fal\u0161ieho nepriate\u013ea \u010d\u00edslo jeden Al-K\u00e1ida bola prvou ve\u013ekou neujgurskou islamistickou organiz\u00e1ciou, ktor\u00e1 vyvinula s\u00fabor explicitn\u00fdch a jemn\u00fdch argumentov proti \u010c\u00edne. Aj ke\u010f sa organiz\u00e1cia od teroristick\u00fdch \u00fatokov z 11. septembra 2001 prim\u00e1rne zameriavala na USA, jej nepriate\u013estvo vo\u010di Pekingu sa okolo roku 2006 v\u00fdrazne zintenz\u00edvnilo. Us\u00e1ma bin L\u00e1din [&hellip;]<\/p>\n","protected":false},"author":1,"featured_media":0,"comment_status":"closed","ping_status":"open","sticky":false,"template":"","format":"standard","meta":{"footnotes":""},"categories":[5],"tags":[],"class_list":["post-30065","post","type-post","status-publish","format-standard","hentry","category-exo-news"],"_links":{"self":[{"href":"https:\/\/extraslovensko.sk\/spravy\/wp-json\/wp\/v2\/posts\/30065","targetHints":{"allow":["GET"]}}],"collection":[{"href":"https:\/\/extraslovensko.sk\/spravy\/wp-json\/wp\/v2\/posts"}],"about":[{"href":"https:\/\/extraslovensko.sk\/spravy\/wp-json\/wp\/v2\/types\/post"}],"author":[{"embeddable":true,"href":"https:\/\/extraslovensko.sk\/spravy\/wp-json\/wp\/v2\/users\/1"}],"replies":[{"embeddable":true,"href":"https:\/\/extraslovensko.sk\/spravy\/wp-json\/wp\/v2\/comments?post=30065"}],"version-history":[{"count":1,"href":"https:\/\/extraslovensko.sk\/spravy\/wp-json\/wp\/v2\/posts\/30065\/revisions"}],"predecessor-version":[{"id":30066,"href":"https:\/\/extraslovensko.sk\/spravy\/wp-json\/wp\/v2\/posts\/30065\/revisions\/30066"}],"wp:attachment":[{"href":"https:\/\/extraslovensko.sk\/spravy\/wp-json\/wp\/v2\/media?parent=30065"}],"wp:term":[{"taxonomy":"category","embeddable":true,"href":"https:\/\/extraslovensko.sk\/spravy\/wp-json\/wp\/v2\/categories?post=30065"},{"taxonomy":"post_tag","embeddable":true,"href":"https:\/\/extraslovensko.sk\/spravy\/wp-json\/wp\/v2\/tags?post=30065"}],"curies":[{"name":"wp","href":"https:\/\/api.w.org\/{rel}","templated":true}]}}