{"id":30117,"date":"2024-10-28T20:03:26","date_gmt":"2024-10-28T20:03:26","guid":{"rendered":"https:\/\/extraslovensko.sk\/spravy\/?p=30117"},"modified":"2024-10-28T20:09:28","modified_gmt":"2024-10-28T20:09:28","slug":"ako-moze-indicka-demokracia-dovolit-otvoreny-utlak-moslimov-bengalskeho-povodu","status":"publish","type":"post","link":"https:\/\/extraslovensko.sk\/spravy\/ako-moze-indicka-demokracia-dovolit-otvoreny-utlak-moslimov-bengalskeho-povodu\/","title":{"rendered":"Ako m\u00f4\u017ee indick\u00e1 demokracia dovoli\u0165 otvoren\u00fd \u00fatlak moslimov beng\u00e1lskeho p\u00f4vodu"},"content":{"rendered":"<p>Ako m\u00f4\u017ee indick\u00e1 demokracia BRICS dovoli\u0165 otvoren\u00fd \u00fatlak moslimov beng\u00e1lskeho p\u00f4vodu, ke\u010f ich kamar\u00e1t KGB Putin m\u00e1 r\u00e1d moslimov. To s\u00fa veci tot\u00e1lnych protikladov hl\u00faposti zvanej BRICS, ktor\u00e1 sa ani nedohodla na spolo\u010dnej mene proti zl\u00e9mu dol\u00e1ru.  12. septembra pol\u00edcia v Assam zastrelila 19-ro\u010dn\u00e9ho Haidara Aliho v \u00e1samskej metropolitnej \u0161tvrti Kamrup, preto\u017ee tvrdila, \u017ee bol s\u00fa\u010das\u0165ou n\u00e1silnej demon\u0161tr\u00e1cie proti vyhosteniu. <\/p>\n<h1>BRISC indick\u00e1 demokracia M\u00f3diho a otvoren\u00fd \u00fatlak moslimov<\/h1>\n<p>Jeho rodina tvrdila, \u017ee Ali nemal d\u00f4vod protestova\u0165 proti oper\u00e1cii: ich dom nebol medzi stovkami zb\u00faran\u00fdch stavieb, preto\u017ee \u00farady tvrdili, \u017ee boli neopr\u00e1vnen\u00e9. V stredu sa v\u0161ak buldoz\u00e9ry \u00c1samskej vl\u00e1dy vr\u00e1tili, aby zni\u010dili rodinn\u00fd dom.<\/p>\n<p>Demol\u00e1cie a stre\u013eba Aliho a \u010fal\u0161ieho t\u00edned\u017eera v dedine Kachutali zd\u00f4raz\u0148uj\u00fa krutos\u0165, ktor\u00e1 charakterizuje sp\u00f4sob, ak\u00fdm as\u00e1msky \u0161t\u00e1t zaobch\u00e1dza s moslimsk\u00fdmi obyvate\u013emi beng\u00e1lskeho p\u00f4vodu. Ke\u010f \u00farady 9. septembra zb\u00farali moslimsk\u00e9 domy, tri dni predt\u00fdm, ako boli dvaja mu\u017ei zabit\u00ed, nekl\u00e1dol \u017eiadny odpor. \u00darady sa v\u0161ak \u010doskoro vr\u00e1tili do dediny nahnevan\u00e9, \u017ee vys\u0165ahovan\u00e9 rodiny nechali svoj majetok u susedov alebo na uvo\u013enen\u00fdch pozemkoch. Vl\u00e1da chcela nielen zb\u00fara\u0165 ich domy, ale chcela t\u00fdchto robotn\u00edckych \u013eud\u00ed z tejto oblasti vyhna\u0165.<\/p>\n<p>T\u00e1to druh\u00e1 akcia mala za n\u00e1sledok odpor obyvate\u013eov. Pol\u00edcia spustila pa\u013ebu so smrte\u013en\u00fdm \u00fa\u010dinkom. Teraz sa tak\u00e1to krutos\u0165 stala v Assame be\u017enou vlastnos\u0165ou. Vl\u00e1dne org\u00e1ny sa \u010dasto sna\u017eia vys\u0165ahova\u0165 moslimov beng\u00e1lskeho p\u00f4vodu z pozemkov, na ktor\u00fdch sa \u00fadajne neleg\u00e1lne zdr\u017eiavali \u2013 in\u00e9 komunity \u010delia tak\u00e9muto konaniu len zriedka. A pokia\u013e ide o moslimov beng\u00e1lskeho p\u00f4vodu, pol\u00edcia je \u0161\u0165astn\u00e1 a spustila pa\u013ebu, aby zabila sp\u00f4sobom, ktor\u00fd by bol pre in\u00fa komunitu v Assame nemyslite\u013en\u00fd.<\/p>\n<p>V\u00e4\u010d\u0161ina moslimov beng\u00e1lskeho p\u00f4vodu v Assame m\u00e1 svoj p\u00f4vod v \u010dase, ke\u010f britsk\u00ed koloni\u00e1lni spr\u00e1vcovia usadili v regi\u00f3ne ro\u013en\u00edkov z Beng\u00e1lska. <\/p>\n<blockquote><p>Odvtedy sa komunita v Assame stala obe\u0165ou xenof\u00f3bneho sentimentu, ktor\u00fd sa stal obe\u0165ou pre svoju etnick\u00fa pr\u00edslu\u0161nos\u0165, ako aj pre svoje n\u00e1bo\u017eenstvo.<\/p><\/blockquote>\n<p>Zatia\u013e \u010do moslimovia s beng\u00e1lskym p\u00f4vodom s\u00fa v o\u010diach s\u010d\u00edtania \u013eudu hovorcami \u00e1s\u00e1m\u010diny v storo\u010dnej politike Assamu, ktor\u00e1 sa to\u010d\u00ed okolo tvrden\u00ed o p\u00f4vode, sa s nimi zaobch\u00e1dzalo ako s typick\u00fdmi outsidermi. V roku 1983, po rozhodnut\u00ed vl\u00e1dy \u00danie udeli\u0165 pr\u00e1vo voli\u0165 moslimom s beng\u00e1lskym p\u00f4vodom, sa v Nellei odohral masaker, ktor\u00fd si za jedin\u00fd de\u0148 vy\u017eiadal \u017eivoty odhadom 2000 \u013eud\u00ed. Zost\u00e1va najsmrte\u013enej\u0161\u00edm pogromom v Indii.<\/p>\n<p>Nen\u00e1vis\u0165 vo\u010di komunite bola tak\u00e1 extr\u00e9mna, \u017ee amnestia pre vrahov bola s\u00fa\u010das\u0165ou Assamskej dohody v roku 1985, dohody medzi indickou vl\u00e1dou a as\u00e1mskymi nacionalistick\u00fdmi skupinami o ukon\u010den\u00ed n\u00e1silnej agit\u00e1cie proti cudzincom, ktor\u00e1 sa za\u010dala v roku 1979.<\/p>\n<p>Po\u010dn\u00fac rokom 2013 \u010delili moslimovia beng\u00e1lskeho p\u00f4vodu e\u0161te v\u00e4\u010d\u0161\u00edm v\u00fdzvam, ke\u010f Najvy\u0161\u0161\u00ed s\u00fad nariadil aktualiz\u00e1ciu n\u00e1rodn\u00e9ho registra ob\u010danov Assam . V procese, ktor\u00fd je bezprecedentn\u00fd kdeko\u013evek na svete, to zah\u0155\u0148alo presk\u00famanie \u0161tat\u00fatu ob\u010dianstva obyvate\u013eov Assamu, s osobitn\u00fdm zameran\u00edm na jeho takzvan\u00e9 nep\u00f4vodn\u00e9 komunity. Z kone\u010dn\u00e9ho zoznamu zostalo viac ako 19 mili\u00f3nov os\u00f4b.<\/p>\n<p>Xenof\u00f3bna politika, ktor\u00fa to vyvolalo, bola poh\u00e1\u0148an\u00e1 vzostupom strany Modiho <strong> Bharatiya Janata Party<\/strong> v Na\u00ed Dill\u00ed aj v Assame. U moslimov beng\u00e1lskeho p\u00f4vodu na\u0161la BJP boxovacie vrece, ktor\u00e9 dokonale sp\u00e1ja jej hindutvsk\u00fa ideol\u00f3giu s dominantn\u00fdm as\u00e1mskym nacionalizmom v \u0161t\u00e1te.<\/p>\n<p>As\u00e1mske nacionalistick\u00e9 skupiny z\u00e1rove\u0148 vydali ultim\u00e1tum pre moslimov beng\u00e1lskeho p\u00f4vodu, aby opustili ur\u010dit\u00e9 oblasti v Assame. V inom okrese boli napadnut\u00ed moslimovia \u00fadajne na pr\u00edkaz vodcu BJP.<\/p>\n<blockquote><p>Indii nie je cudzie stra\u0161n\u00e9 n\u00e1silie vo\u010di marginalizovan\u00fdm skupin\u00e1m.<\/p><\/blockquote>\n<p> Av\u0161ak v pr\u00edpade moslimov z Assamu beng\u00e1lskeho p\u00f4vodu sa ich \u00fatlak otvorene propaguje ako aspekt \u0161t\u00e1tnej politiky. \u00dato\u010denie na ne sa stalo vlastnos\u0165ou \u0161t\u00e1tu, nie chybou.<\/p>\n<p>Napr\u00edklad, ke\u010f sa v auguste vyhr\u00e1\u017eali moslimsk\u00fdm pracovn\u00edkom, \u017ee opustia niektor\u00e9 oblasti, hlavn\u00fd minister Assam Himanta Biswa Sarma namiesto obnovenia pr\u00e1va a poriadku a implement\u00e1cie \u00fastavn\u00e9ho pr\u00e1va ktor\u00e9hoko\u013evek Inda \u017ei\u0165 a pracova\u0165 v ktorejko\u013evek \u010dasti krajiny obvinil komunita za to, \u017ee sa stala hrozbou pre takzvan\u00e9 domorod\u00e9 komunity \u0161t\u00e1tu. \u010coskoro potom na zhroma\u017eden\u00ed vyhl\u00e1sil , \u017ee je stran\u00edcky a nezastupuje moslimov z Ass\u00e1mu beng\u00e1lskeho p\u00f4vodu.<\/p>\n<p>\u0164a\u017ek\u00e1 situ\u00e1cia moslima z Assamu beng\u00e1lskeho p\u00f4vodu je tak\u00e1 v\u00e1\u017ena, \u017ee opoz\u00edcia a dokonca ani vodcovia ich vlastnej komunity pri nich nestoja. Napr\u00edklad vra\u017edy po\u010das demol\u00e1ci\u00ed v Kachutali za\u010diatkom tohto mesiaca neviedli k takmer \u017eiadnej politickej kritike. Na druhej strane, ak by sa nie\u010do podobn\u00e9 stalo s akouko\u013evek inou komunitou, viedlo by to k politickej b\u00farke.<\/p>\n<p>Najznepokojivej\u0161ie je, \u017ee sa zd\u00e1, \u017ee aj s\u00fadnictvo sa svojej \u00falohy v tejto situ\u00e1cii vzdalo. Moslimovia beng\u00e1lskeho p\u00f4vodu, ktor\u00ed \u010delia \u0161t\u00e1tnemu n\u00e1siliu, sa len m\u00e1lo odvol\u00e1vaj\u00fa na z\u00e1kon. V skuto\u010dnosti, vzh\u013eadom na to, \u017ee N\u00e1rodn\u00fd register ob\u010danov bol riaden\u00fd samotn\u00fdm Najvy\u0161\u0161\u00edm s\u00fadom, m\u00f4\u017ee by\u0165 \u010dasto s\u00fa\u010das\u0165ou probl\u00e9mu aj s\u00fadnictvo.<\/p>\n<p>Moslimovia z Assamu s beng\u00e1lskym p\u00f4vodom s\u00fa po\u010detnou komunitou, ktorej po\u010det sa bl\u00ed\u017ei k mili\u00f3nu. Tvoria takmer tretinu popul\u00e1cie Assamu. V demokracii by to malo plati\u0165. Ich extr\u00e9mna chudoba a marginaliz\u00e1cia v\u0161ak znamen\u00e1, \u017ee nemaj\u00fa \u017eiadny hlas v kulo\u00e1roch moci a \u00fatlak proti nim m\u00f4\u017ee v nezmen\u0161enej miere pokra\u010dova\u0165, aspo\u0148 v kr\u00e1tkodobom horizonte.<\/p>\n","protected":false},"excerpt":{"rendered":"<p>Ako m\u00f4\u017ee indick\u00e1 demokracia BRICS dovoli\u0165 otvoren\u00fd \u00fatlak moslimov beng\u00e1lskeho p\u00f4vodu, ke\u010f ich kamar\u00e1t KGB Putin m\u00e1 r\u00e1d moslimov. To s\u00fa veci tot\u00e1lnych protikladov hl\u00faposti zvanej BRICS, ktor\u00e1 sa ani nedohodla na spolo\u010dnej mene proti zl\u00e9mu dol\u00e1ru. 12. septembra pol\u00edcia v Assam zastrelila 19-ro\u010dn\u00e9ho Haidara Aliho v \u00e1samskej metropolitnej \u0161tvrti Kamrup, preto\u017ee tvrdila, \u017ee bol [&hellip;]<\/p>\n","protected":false},"author":1,"featured_media":0,"comment_status":"closed","ping_status":"open","sticky":false,"template":"","format":"standard","meta":{"footnotes":""},"categories":[5],"tags":[],"class_list":["post-30117","post","type-post","status-publish","format-standard","hentry","category-exo-news"],"_links":{"self":[{"href":"https:\/\/extraslovensko.sk\/spravy\/wp-json\/wp\/v2\/posts\/30117","targetHints":{"allow":["GET"]}}],"collection":[{"href":"https:\/\/extraslovensko.sk\/spravy\/wp-json\/wp\/v2\/posts"}],"about":[{"href":"https:\/\/extraslovensko.sk\/spravy\/wp-json\/wp\/v2\/types\/post"}],"author":[{"embeddable":true,"href":"https:\/\/extraslovensko.sk\/spravy\/wp-json\/wp\/v2\/users\/1"}],"replies":[{"embeddable":true,"href":"https:\/\/extraslovensko.sk\/spravy\/wp-json\/wp\/v2\/comments?post=30117"}],"version-history":[{"count":2,"href":"https:\/\/extraslovensko.sk\/spravy\/wp-json\/wp\/v2\/posts\/30117\/revisions"}],"predecessor-version":[{"id":30119,"href":"https:\/\/extraslovensko.sk\/spravy\/wp-json\/wp\/v2\/posts\/30117\/revisions\/30119"}],"wp:attachment":[{"href":"https:\/\/extraslovensko.sk\/spravy\/wp-json\/wp\/v2\/media?parent=30117"}],"wp:term":[{"taxonomy":"category","embeddable":true,"href":"https:\/\/extraslovensko.sk\/spravy\/wp-json\/wp\/v2\/categories?post=30117"},{"taxonomy":"post_tag","embeddable":true,"href":"https:\/\/extraslovensko.sk\/spravy\/wp-json\/wp\/v2\/tags?post=30117"}],"curies":[{"name":"wp","href":"https:\/\/api.w.org\/{rel}","templated":true}]}}