{"id":30540,"date":"2025-04-16T11:29:57","date_gmt":"2025-04-16T11:29:57","guid":{"rendered":"https:\/\/extraslovensko.sk\/spravy\/?p=30540"},"modified":"2025-04-16T11:37:58","modified_gmt":"2025-04-16T11:37:58","slug":"kauza-ocistec-a-novy-trestny-zakon-amnestie-retroaktivita","status":"publish","type":"post","link":"https:\/\/extraslovensko.sk\/spravy\/kauza-ocistec-a-novy-trestny-zakon-amnestie-retroaktivita\/","title":{"rendered":"Kauza O\u010distec a nov\u00fd Trestn\u00fd z\u00e1kon, amnestie, retroaktivita"},"content":{"rendered":"<p>Kauza O\u010distec a nov\u00fd Trestn\u00fd z\u00e1kon zdielne Smeru a Koal\u00edcie, amnestie a zauj\u00edmav\u00e1 retroaktivita. Ako to v\u0161etko do seba zapad\u00e1 a ako si dopredu pripravil Smer\u00e1ci pokakan\u00ed strachom aj z kn\u00edh Vagovi\u010da a Fico chaty. Retroaktivita (sp\u00e4tn\u00e1 \u00fa\u010dinnos\u0165 z\u00e1kona) znamen\u00e1, \u017ee nov\u00fd z\u00e1kon sa aplikuje na pr\u00e1vne vz\u0165ahy alebo skutky, ktor\u00e9 vznikli pred jeho \u00fa\u010dinnos\u0165ou. <\/p>\n<h1>Kauza O\u010distec, nov\u00fd Trestn\u00fd z\u00e1kon, amnestie, retroaktivita<\/h1>\n<p>Na Slovensku je ot\u00e1zka retroaktivity v trestnom pr\u00e1ve citliv\u00e1 a riadi sa \u00dastavou SR a princ\u00edpmi pr\u00e1vneho \u0161t\u00e1tu. Pozrime sa, \u010di je aplik\u00e1cia nov\u00fdch preml\u010dac\u00edch leh\u00f4t na star\u0161ie pr\u00edpady retroakt\u00edvna:<\/p>\n<p>\u010cl. 7 ods. 1 \u00dastavy SR: Z\u00e1kon nesmie uklada\u0165 pr\u00edsnej\u0161ie tresty, ne\u017e ak\u00e9 platili v \u010dase sp\u00e1chania trestn\u00e9ho \u010dinu (princ\u00edp z\u00e1kazu retroaktivity v neprospech p\u00e1chate\u013ea). Naopak, ak je nov\u00fd z\u00e1kon miernej\u0161\u00ed (napr. ni\u017e\u0161\u00ed trest alebo krat\u0161ia preml\u010dacia doba), m\u00f4\u017ee by\u0165 aplikovan\u00fd sp\u00e4tne, pokia\u013e je to v prospech p\u00e1chate\u013ea.<\/p>\n<p>Trestn\u00fd z\u00e1kon (\u00a7 2 ods. 2): Ak sa po sp\u00e1chan\u00ed trestn\u00e9ho \u010dinu men\u00ed z\u00e1kon, pou\u017eije sa ten, ktor\u00fd je pre p\u00e1chate\u013ea priaznivej\u0161\u00ed (tzv. lex mitior). <\/p>\n<blockquote><p>To znamen\u00e1, \u017ee ak nov\u00fd z\u00e1kon skracuje preml\u010dacie lehoty, m\u00f4\u017ee by\u0165 aplikovan\u00fd na star\u0161ie skutky, preto\u017ee je to v prospech obvinen\u00e9ho \ud83d\ude42 <\/p><\/blockquote>\n<p>Akoby dopredu vedeli, \u017ee bud\u00fa obvinen\u00ed a dostan\u00fa sa pred s\u00fad.<\/p>\n<p>Aplik\u00e1cia na preml\u010dacie lehoty:<\/p>\n<p>Slovensk\u00e9 s\u00fady a Gener\u00e1lna prokurat\u00fara vych\u00e1dzaj\u00fa z princ\u00edpu, \u017ee skr\u00e1tenie preml\u010dac\u00edch leh\u00f4t je priaznivej\u0161ie pre p\u00e1chate\u013ea, preto\u017ee m\u00f4\u017ee vies\u0165 k zastaveniu st\u00edhania. Preto usmernenie Gener\u00e1lnej prokurat\u00fary, aby sa nov\u00e9 lehoty aplikovali aj na star\u0161ie pr\u00edpady, je v s\u00falade s princ\u00edpom<em> lex mitior.<\/em><\/p>\n<p>Pr\u00edklad: Ak bol trestn\u00fd \u010din sp\u00e1chan\u00fd v roku 2015 a p\u00f4vodn\u00e1 preml\u010dacia doba bola 20 rokov (do 2035), ale nov\u00fd z\u00e1kon ju skr\u00e1til na 10 rokov (do 2025), st\u00edhanie m\u00f4\u017ee by\u0165 zastaven\u00e9, ak u\u017e v roku 2025 lehota uplynula.<\/p>\n<h1>Kontroverzia a kritika<\/h1>\n<p><em>Pr\u00e1vna istota a pr\u00e1vny \u0161t\u00e1t:<\/em> Kritici novely (napr. opoz\u00edcia \u2013 PS, SaS, KDH) tvrdia, \u017ee hromadn\u00e1 aplik\u00e1cia skr\u00e1ten\u00fdch preml\u010dac\u00edch leh\u00f4t na star\u0161ie kauzy podkop\u00e1va spravodlivos\u0165 a pr\u00e1vnu istotu. Argumentuj\u00fa, \u017ee novela bola \u0161it\u00e1 na mieru, aby chr\u00e1nila konkr\u00e9tnych \u013eud\u00ed bl\u00edzkych Smeru (napr. obvinen\u00fdch v kauz\u00e1ch ako O\u010distec).<\/p>\n<p><em>\u00dastavn\u00fd s\u00fad:<\/em> Niektor\u00ed pr\u00e1vnici (napr. Lucia Kurilovsk\u00e1) nazna\u010dili, \u017ee retroakt\u00edvne skracovanie preml\u010dac\u00edch leh\u00f4t by mohlo by\u0165 napadnut\u00e9 na \u00dastavnom s\u00fade SR, ak by bolo pova\u017eovan\u00e9 za poru\u0161enie princ\u00edpov pr\u00e1vneho \u0161t\u00e1tu (napr. \u010dl. 1 \u00dastavy SR). Doteraz v\u0161ak nebol podan\u00fd relevantn\u00fd podnet, ktor\u00fd by novelu zru\u0161il.<\/p>\n<p><em>Eur\u00f3pska \u00fania:<\/em> Spr\u00e1va EK o stave pr\u00e1vneho \u0161t\u00e1tu na Slovensku (2024) vyjadrila znepokojenie nad novelou trestn\u00fdch k\u00f3dexov, vr\u00e1tane skracovania preml\u010dac\u00edch leh\u00f4t, a odporu\u010dila presk\u00fama\u0165 jej s\u00falad s eur\u00f3pskymi \u0161tandardmi. Retroaktivita v prospech p\u00e1chate\u013ea je v\u0161ak vo v\u0161eobecnosti akceptovan\u00e1 v eur\u00f3pskom pr\u00e1vnom priestore, ak je v s\u00falade s princ\u00edpom <em>lex mitior.<\/em><\/p>\n<p>Retroaktivita vs. z\u00e1konnos\u0165:<\/p>\n<p>Aplik\u00e1cia nov\u00fdch preml\u010dac\u00edch leh\u00f4t na star\u0161ie pr\u00edpady je retroakt\u00edvna, ale nie je nez\u00e1konn\u00e1, pokia\u013e je v s\u00falade s princ\u00edpom priaznivej\u0161ieho z\u00e1kona pre p\u00e1chate\u013ea. Slovensk\u00e9 pr\u00e1vo v\u00fdslovne umo\u017e\u0148uje pou\u017eitie miernej\u0161ieho z\u00e1kona (\u00a7 2 Trestn\u00e9ho z\u00e1kona), a skr\u00e1tenie preml\u010dac\u00edch leh\u00f4t spad\u00e1 do tejto kateg\u00f3rie.<\/p>\n<p>Kritici v\u0161ak namietaj\u00fa, \u017ee sp\u00f4sob, ak\u00fdm bola novela prijat\u00e1 (zr\u00fdchlen\u00e9 konanie, bez dostato\u010dnej diskusie), a jej cielen\u00fd dopad na politicky citliv\u00e9 kauzy (O\u010distec, S\u00famrak) vyvol\u00e1vaj\u00fa podozrenia z politickej motiv\u00e1cie.<\/p>\n<p>Vplyv na kauzu O\u010distec<\/p>\n<p>V kauze O\u010distec s\u00fa obvinen\u00ed (napr. Tibor Ga\u0161par, Norbert B\u00f6d\u00f6r) st\u00edhan\u00ed za z\u00e1va\u017en\u00e9 trestn\u00e9 \u010diny, ako je zalo\u017eenie zlo\u010dineckej skupiny, korupcia a zneu\u017e\u00edvanie pr\u00e1vomoci. Niektor\u00e9 z t\u00fdchto skutkov maj\u00fa dlh\u0161ie preml\u010dacie lehoty (15\u201320 rokov), tak\u017ee nie s\u00fa okam\u017eite ohrozen\u00e9 skr\u00e1ten\u00edm.<\/p>\n<p>Av\u0161ak menej z\u00e1va\u017en\u00e9 skutky (napr. jednotliv\u00e9 korup\u010dn\u00e9 \u010diny) m\u00f4\u017eu by\u0165 preml\u010dan\u00e9 pod\u013ea nov\u00fdch leh\u00f4t, ak boli sp\u00e1chan\u00e9 pred rokom 2015. Napr\u00edklad korup\u010dn\u00e9 trestn\u00e9 \u010diny s preml\u010dacou lehotou skr\u00e1tenou na 7 alebo 10 rokov m\u00f4\u017eu by\u0165 zastaven\u00e9, ak u\u017e lehota uplynula.<\/p>\n<p>Presn\u00fd rozsah preml\u010dania v O\u010distci z\u00e1vis\u00ed od konkr\u00e9tnych obvinen\u00ed a d\u00e1tumu sp\u00e1chania skutkov, \u010do posudzuj\u00fa s\u00fady a prokur\u00e1tori individu\u00e1lne.<\/p>\n<p>\u00daloha Gener\u00e1lnej prokurat\u00fary:<\/p>\n<p> Maro\u0161 \u017dilinka ako gener\u00e1lny prokur\u00e1tor vydal usmernenie, aby prokur\u00e1tori aplikovali nov\u00e9 preml\u010dacie lehoty na star\u0161ie pr\u00edpady. Toto usmernenie bolo kritizovan\u00e9 ako pr\u00edli\u0161 direkt\u00edvne, preto\u017ee mohlo vies\u0165 k automatick\u00e9mu zastaveniu st\u00edhan\u00ed bez dostato\u010dn\u00e9ho pos\u00fadenia.<\/p>\n<p>\u017dilinka argumentoval, \u017ee jeho usmernenie je v s\u00falade so z\u00e1konom a princ\u00edpom lex mitior. Napriek tomu jeho rozhodnutia (vr\u00e1tane od\u0148atia kauzy O\u010distec prokur\u00e1torovi Michalovi \u0160\u00farekovi) posilnili vn\u00edmanie, \u017ee Gener\u00e1lna prokurat\u00fara chr\u00e1ni obvinen\u00fdch bl\u00edzkych vl\u00e1dnej koal\u00edcii.<\/p>\n<p><em>Je to probl\u00e9m?<\/em><\/p>\n<p>\u00c1no, z poh\u013eadu spravodlivosti:<\/p>\n<p>Skr\u00e1tenie preml\u010dac\u00edch leh\u00f4t viedlo k zastaveniu st\u00edhan\u00ed v kauz\u00e1ch, ktor\u00e9 boli vn\u00edman\u00e9 ako k\u013e\u00fa\u010dov\u00e9 pre vy\u0161etrenie korupcie za vl\u00e1d Smeru. To vyvolalo frustr\u00e1ciu verejnosti a opoz\u00edcie, ktor\u00e1 hovor\u00ed o \u201eamnestii pre kump\u00e1nov\u201c.<\/p>\n<p>Nie, z poh\u013eadu z\u00e1konnosti:<\/p>\n<p>Aplik\u00e1cia nov\u00fdch preml\u010dac\u00edch leh\u00f4t na star\u0161ie pr\u00edpady je v s\u00falade s princ\u00edpom lex mitior, ktor\u00fd je zakotven\u00fd v Trestnom z\u00e1kone a uzn\u00e1van\u00fd v eur\u00f3pskom pr\u00e1vnom priestore. Gener\u00e1lna prokurat\u00fara a s\u00fady s\u00fa povinn\u00e9 re\u0161pektova\u0165 nov\u00fd z\u00e1kon, pokia\u013e nie je zru\u0161en\u00fd \u00dastavn\u00fdm s\u00fadom alebo nenapadnut\u00fd na medzin\u00e1rodnej \u00farovni.<\/p>\n<h1>Mo\u017en\u00e9 d\u00f4sledky a bud\u00facnos\u0165<\/h1>\n<p><em>\u00dastavn\u00fd s\u00fad SR:<\/em> Opoz\u00edcia a mimovl\u00e1dne organiz\u00e1cie (napr. Transparency International Slovensko) zva\u017euj\u00fa podanie na \u00dastavn\u00fd s\u00fad, aby presk\u00famal, \u010di novela trestn\u00fdch k\u00f3dexov neporu\u0161uje princ\u00edpy pr\u00e1vneho \u0161t\u00e1tu. Ak by s\u00fad novelu zru\u0161il, mohli by sa obnovi\u0165 st\u00edhania v preml\u010dan\u00fdch kauz\u00e1ch, vr\u00e1tane O\u010distca.<\/p>\n<p><em>Eur\u00f3pske in\u0161tit\u00facie<\/em>: Eur\u00f3pska komisia sleduje v\u00fdvoj na Slovensku a m\u00f4\u017ee vyvin\u00fa\u0165 tlak na vl\u00e1du, ak by novela ohrozila boj proti korupcii. Slovensko u\u017e \u010del\u00ed kritike za oslabovanie pr\u00e1vneho \u0161t\u00e1tu, \u010do by mohlo ovplyvni\u0165 \u010derpanie eurofondov.<\/p>\n<p><em>Verejn\u00fd tlak:<\/em> Zastavenie st\u00edhan\u00ed v kauz\u00e1ch ako O\u010distec zvy\u0161uje ned\u00f4veru verejnosti v just\u00edciu. Protesty a pet\u00edcie (napr. iniciat\u00edva \u201eZa spravodliv\u00e9 Slovensko\u201c) \u017eiadaj\u00fa zru\u0161enie novely a nez\u00e1visl\u00e9 vy\u0161etrovanie.<\/p>\n<p>Aplik\u00e1cia skr\u00e1ten\u00fdch preml\u010dac\u00edch leh\u00f4t na star\u0161ie pr\u00edpady, ako je kauza O\u010distec, je retroakt\u00edvna, ale v s\u00falade s princ\u00edpom lex mitior, ktor\u00fd umo\u017e\u0148uje pou\u017ei\u0165 priaznivej\u0161\u00ed z\u00e1kon pre p\u00e1chate\u013ea. Z pr\u00e1vneho h\u013eadiska je to z\u00e1konn\u00e9, no z poh\u013eadu spravodlivosti a verejn\u00e9ho vn\u00edmania je to kontroverzn\u00e9, preto\u017ee vedie k zastaveniu st\u00edhan\u00ed v politicky citliv\u00fdch kauz\u00e1ch.<\/p>\n<hr>\n<p>Koho zo Smeru zauj\u00edma verejn\u00e9 vn\u00edmanie, ke\u010f m\u00f4\u017eu skon\u010di\u0165 v base \ud83d\ude42<\/p>\n<blockquote><p>Usmernenie Maro\u0161a \u017dilinku o aplik\u00e1cii nov\u00fdch leh\u00f4t posilnilo vn\u00edmanie jeho vplyvu na zmarenie spravodlivosti, hoci konal v r\u00e1mci z\u00e1kona.<\/p><\/blockquote>\n<p>V\u0161etky tieto veci sa vopred pripravili Suskom u\u017e pre vo\u013ebani 2023, kde Smer klamal vo v\u0161etkom, od Zmluvy s USA, zlej EU, stra\u0161n\u00edm mobiliz\u00e1cie na Ukrajiny. V\u0161etci naleteli a Smer po vo\u013eb\u00e1ch oto\u010dil kab\u00e1t, pridali Konsolid\u00e1ciu aby v kuse o\u010der\u0148\u00e4ovali b\u00fdval\u00e9 vl\u00e1dy,  diletanta Kotl\u00e1ra bez vzdelania v odbore, aby \u0161\u00edrili nezmysly a robil krytie pred kauzou O\u010distec. <\/p>\n<p>V\u0161etko je podvod!<\/p>\n","protected":false},"excerpt":{"rendered":"<p>Kauza O\u010distec a nov\u00fd Trestn\u00fd z\u00e1kon zdielne Smeru a Koal\u00edcie, amnestie a zauj\u00edmav\u00e1 retroaktivita. Ako to v\u0161etko do seba zapad\u00e1 a ako si dopredu pripravil Smer\u00e1ci pokakan\u00ed strachom aj z kn\u00edh Vagovi\u010da a Fico chaty. Retroaktivita (sp\u00e4tn\u00e1 \u00fa\u010dinnos\u0165 z\u00e1kona) znamen\u00e1, \u017ee nov\u00fd z\u00e1kon sa aplikuje na pr\u00e1vne vz\u0165ahy alebo skutky, ktor\u00e9 vznikli pred jeho \u00fa\u010dinnos\u0165ou. [&hellip;]<\/p>\n","protected":false},"author":1,"featured_media":0,"comment_status":"closed","ping_status":"open","sticky":false,"template":"","format":"standard","meta":{"footnotes":""},"categories":[5],"tags":[],"class_list":["post-30540","post","type-post","status-publish","format-standard","hentry","category-exo-news"],"_links":{"self":[{"href":"https:\/\/extraslovensko.sk\/spravy\/wp-json\/wp\/v2\/posts\/30540","targetHints":{"allow":["GET"]}}],"collection":[{"href":"https:\/\/extraslovensko.sk\/spravy\/wp-json\/wp\/v2\/posts"}],"about":[{"href":"https:\/\/extraslovensko.sk\/spravy\/wp-json\/wp\/v2\/types\/post"}],"author":[{"embeddable":true,"href":"https:\/\/extraslovensko.sk\/spravy\/wp-json\/wp\/v2\/users\/1"}],"replies":[{"embeddable":true,"href":"https:\/\/extraslovensko.sk\/spravy\/wp-json\/wp\/v2\/comments?post=30540"}],"version-history":[{"count":7,"href":"https:\/\/extraslovensko.sk\/spravy\/wp-json\/wp\/v2\/posts\/30540\/revisions"}],"predecessor-version":[{"id":30547,"href":"https:\/\/extraslovensko.sk\/spravy\/wp-json\/wp\/v2\/posts\/30540\/revisions\/30547"}],"wp:attachment":[{"href":"https:\/\/extraslovensko.sk\/spravy\/wp-json\/wp\/v2\/media?parent=30540"}],"wp:term":[{"taxonomy":"category","embeddable":true,"href":"https:\/\/extraslovensko.sk\/spravy\/wp-json\/wp\/v2\/categories?post=30540"},{"taxonomy":"post_tag","embeddable":true,"href":"https:\/\/extraslovensko.sk\/spravy\/wp-json\/wp\/v2\/tags?post=30540"}],"curies":[{"name":"wp","href":"https:\/\/api.w.org\/{rel}","templated":true}]}}