{"id":30585,"date":"2025-06-12T18:45:30","date_gmt":"2025-06-12T18:45:30","guid":{"rendered":"https:\/\/extraslovensko.sk\/spravy\/?p=30585"},"modified":"2025-06-12T19:35:26","modified_gmt":"2025-06-12T19:35:26","slug":"politicky-korektne-nazory-a-nenavistne-prejavy","status":"publish","type":"post","link":"https:\/\/extraslovensko.sk\/spravy\/politicky-korektne-nazory-a-nenavistne-prejavy\/","title":{"rendered":"Politicky korektn\u00e9 n\u00e1zory a nen\u00e1vistn\u00e9 prejavy"},"content":{"rendered":"<p>V posledn\u00fdch rokoch sledujeme n\u00e1rast nap\u00e4tia v oblasti verejn\u00e9ho diskurzu. To, \u010do kedysi b\u00fdvalo pova\u017eovan\u00e9 za ostr\u00fd, ale prijate\u013en\u00fd n\u00e1zor, je dnes \u010doraz \u010dastej\u0161ie ozna\u010dovan\u00e9 ako nen\u00e1vistn\u00fd prejav. Za touto zmenou terminol\u00f3gie a pr\u00edstupu v\u0161ak \u010dasto nestoj\u00ed skuto\u010dn\u00fd boj proti diskrimin\u00e1cii, ale politick\u00e1 kalkul\u00e1cia. Politicky nekorektn\u00e9 n\u00e1zory, ktor\u00e9 nar\u00fa\u0161aj\u00fa status quo alebo ohrozuj\u00fa vplyv etablovan\u00fdch el\u00edt, s\u00fa \u010doraz \u010dastej\u0161ie potl\u00e1\u010dan\u00e9 pod r\u00fa\u0161kom ochrany pred nen\u00e1vis\u0165ou.<\/p>\n<h1>Politicky korektn\u00e9 n\u00e1zory a nen\u00e1vistn\u00e9 prejavy<\/h1>\n<p>Politick\u00e1 korektnos\u0165 p\u00f4vodne vznikla ako n\u00e1stroj na zoh\u013eadnenie citlivosti r\u00f4znych spolo\u010densk\u00fdch skup\u00edn a na podporu inkluz\u00edvneho jazyka. No v s\u00fa\u010dasnosti sa z tohto konceptu st\u00e1va zbra\u0148, ktorou politick\u00e9 subjekty \u00fato\u010dia na svojich odporcov. Kritika masovej migr\u00e1cie, ot\u00e1zky n\u00e1rodnej identity, obhajoba tradi\u010dn\u00fdch hodn\u00f4t \u010di pochybnosti o klimatick\u00fdch politik\u00e1ch \u2013 to v\u0161etko s\u00fa t\u00e9my, ktor\u00e9 m\u00f4\u017eu by\u0165 r\u00fdchlo ozna\u010den\u00e9 ako &#8220;extr\u00e9mne&#8221; alebo &#8220;nen\u00e1vistn\u00e9&#8221;, ak nezapadaj\u00fa do prevl\u00e1daj\u00faceho narat\u00edvu.<\/p>\n<p>Tak\u00e9to n\u00e1lepkovanie v\u0161ak potl\u00e1\u010da otvoren\u00fa diskusiu. Mnoh\u00ed \u013eudia, ktor\u00ed vyjadruj\u00fa svoje obavy alebo nes\u00fahlas s ofici\u00e1lnymi politikami, nie s\u00fa motivovan\u00ed nen\u00e1vis\u0165ou, ale \u00faprimnou snahou o ochranu hodn\u00f4t, ktor\u00e9 pova\u017euj\u00fa za d\u00f4le\u017eit\u00e9. Av\u0161ak strach z toho, \u017ee bud\u00fa ozna\u010den\u00ed za extr\u00e9mistov \u010di \u0161\u00edrite\u013eov nen\u00e1visti, ich \u010dasto uml\u010duje. V\u00fdsledkom je frustr\u00e1cia a pocit, \u017ee verejn\u00fd priestor patr\u00ed len t\u00fdm, ktor\u00ed hovoria &#8220;spr\u00e1vnym&#8221; sp\u00f4sobom.<\/p>\n<p>Politick\u00e9 strany, ktor\u00e9 s\u00fa pri moci alebo sa o moc uch\u00e1dzaj\u00fa, \u010dasto zneu\u017e\u00edvaj\u00fa tieto mechanizmy na ochranu svojich poz\u00edci\u00ed. Namiesto otvoren\u00e9ho s\u00faboja argumentov sa uchy\u013euj\u00fa k diskvalifik\u00e1cii oponentov cez mor\u00e1lny apel. T\u00fdmto sp\u00f4sobom si zabezpe\u010duj\u00fa informa\u010dn\u00fa v\u00fdhodu \u2013 akon\u00e1hle je niekto ozna\u010den\u00fd za \u0161\u00edrite\u013ea nen\u00e1visti, jeho n\u00e1zory str\u00e1caj\u00fa legitimitu bez oh\u013eadu na ich vecn\u00fd obsah.<\/p>\n<p>T\u00e1to taktika m\u00e1 v\u0161ak nebezpe\u010dn\u00e9 d\u00f4sledky. Z dlhodob\u00e9ho h\u013eadiska oslabuje d\u00f4veru ob\u010danov v politick\u00fd syst\u00e9m. Ak \u013eudia nadobudn\u00fa dojem, \u017ee ich n\u00e1zory nemaj\u00fa miesto vo verejnej debate, m\u00f4\u017eu sa uch\u00fdli\u0165 k radik\u00e1lnej\u0161\u00edm form\u00e1m odporu. Navy\u0161e, ak sa hranica medzi politickou nekorektnos\u0165ou a skuto\u010dnou nen\u00e1vis\u0165ou stiera, str\u00e1ca sa schopnos\u0165 spolo\u010dnosti identifikova\u0165 a \u010deli\u0165 skuto\u010dn\u00fdm prejavom nen\u00e1visti.<\/p>\n<p>Je nevyhnutn\u00e9 rozli\u0161ova\u0165 medzi tvrdeniami, ktor\u00e9 s\u00fa kontroverzn\u00e9, ale leg\u00e1lne a legit\u00edmne, a t\u00fdmi, ktor\u00e9 naozaj podnecuj\u00fa n\u00e1silie alebo diskrimin\u00e1ciu. Tento rozdiel v\u0161ak \u010doraz \u010dastej\u0161ie zanik\u00e1, najm\u00e4 v prostred\u00ed soci\u00e1lnych siet\u00ed, kde algoritmy podporuj\u00fa polariz\u00e1ciu a em\u00f3cie dominuj\u00fa nad rozumom.<\/p>\n<p>Zodpovednos\u0165 za t\u00fato situ\u00e1ciu nenes\u00fa len politici, ale aj m\u00e9di\u00e1 a technologick\u00e9 platformy. T\u00fdm, \u017ee neust\u00e1le vyh\u013ead\u00e1vaj\u00fa senz\u00e1cie a prehnane reaguj\u00fa na ka\u017ed\u00e9 kontroverzn\u00e9 vyjadrenie, vytv\u00e1raj\u00fa atmosf\u00e9ru strachu a autocenz\u00fary. V tejto atmosf\u00e9re je \u010doraz \u0165a\u017e\u0161ie otvorene hovori\u0165 o veciach, ktor\u00e9 s\u00fa pre \u010das\u0165 spolo\u010dnosti citliv\u00e9, ale z\u00e1rove\u0148 d\u00f4le\u017eit\u00e9.<\/p>\n<p>Ak m\u00e1 verejn\u00e1 diskusia plni\u0165 svoju demokratick\u00fa funkciu, mus\u00ed by\u0165 schopn\u00e1 znies\u0165 aj n\u00e1zory, ktor\u00e9 nie s\u00fa popul\u00e1rne alebo komfortn\u00e9. Namiesto potl\u00e1\u010dania nekonven\u010dn\u00fdch postojov by sme mali podporova\u0165 kult\u00faru otvoren\u00e9ho dial\u00f3gu. To neznamen\u00e1 tolerova\u0165 nen\u00e1vis\u0165, ale umo\u017eni\u0165 kon\u0161trukt\u00edvnu v\u00fdmenu n\u00e1zorov bez strachu z represie.<\/p>\n<p>Politick\u00e1 korektnos\u0165 m\u00e1 svoje miesto, no nesmie sa zmeni\u0165 na ideologick\u00fd n\u00e1stroj moci. Ak sa z nej stane n\u00e1stroj uml\u010dania, potom ohrozuje samotn\u00e9 z\u00e1klady demokratickej spolo\u010dnosti. <\/p>\n<blockquote><p>V zdravom verejnom priestore mus\u00ed by\u0165 miesto aj pre nes\u00fahlas a polemiku, inak riskujeme, \u017ee sloboda slova zostane len pr\u00e1zdnym pojmom.<\/p><\/blockquote>\n","protected":false},"excerpt":{"rendered":"<p>V posledn\u00fdch rokoch sledujeme n\u00e1rast nap\u00e4tia v oblasti verejn\u00e9ho diskurzu. To, \u010do kedysi b\u00fdvalo pova\u017eovan\u00e9 za ostr\u00fd, ale prijate\u013en\u00fd n\u00e1zor, je dnes \u010doraz \u010dastej\u0161ie ozna\u010dovan\u00e9 ako nen\u00e1vistn\u00fd prejav. Za touto zmenou terminol\u00f3gie a pr\u00edstupu v\u0161ak \u010dasto nestoj\u00ed skuto\u010dn\u00fd boj proti diskrimin\u00e1cii, ale politick\u00e1 kalkul\u00e1cia. Politicky nekorektn\u00e9 n\u00e1zory, ktor\u00e9 nar\u00fa\u0161aj\u00fa status quo alebo ohrozuj\u00fa vplyv etablovan\u00fdch [&hellip;]<\/p>\n","protected":false},"author":1,"featured_media":0,"comment_status":"closed","ping_status":"open","sticky":false,"template":"","format":"standard","meta":{"footnotes":""},"categories":[5],"tags":[],"class_list":["post-30585","post","type-post","status-publish","format-standard","hentry","category-exo-news"],"_links":{"self":[{"href":"https:\/\/extraslovensko.sk\/spravy\/wp-json\/wp\/v2\/posts\/30585","targetHints":{"allow":["GET"]}}],"collection":[{"href":"https:\/\/extraslovensko.sk\/spravy\/wp-json\/wp\/v2\/posts"}],"about":[{"href":"https:\/\/extraslovensko.sk\/spravy\/wp-json\/wp\/v2\/types\/post"}],"author":[{"embeddable":true,"href":"https:\/\/extraslovensko.sk\/spravy\/wp-json\/wp\/v2\/users\/1"}],"replies":[{"embeddable":true,"href":"https:\/\/extraslovensko.sk\/spravy\/wp-json\/wp\/v2\/comments?post=30585"}],"version-history":[{"count":2,"href":"https:\/\/extraslovensko.sk\/spravy\/wp-json\/wp\/v2\/posts\/30585\/revisions"}],"predecessor-version":[{"id":30595,"href":"https:\/\/extraslovensko.sk\/spravy\/wp-json\/wp\/v2\/posts\/30585\/revisions\/30595"}],"wp:attachment":[{"href":"https:\/\/extraslovensko.sk\/spravy\/wp-json\/wp\/v2\/media?parent=30585"}],"wp:term":[{"taxonomy":"category","embeddable":true,"href":"https:\/\/extraslovensko.sk\/spravy\/wp-json\/wp\/v2\/categories?post=30585"},{"taxonomy":"post_tag","embeddable":true,"href":"https:\/\/extraslovensko.sk\/spravy\/wp-json\/wp\/v2\/tags?post=30585"}],"curies":[{"name":"wp","href":"https:\/\/api.w.org\/{rel}","templated":true}]}}