{"id":30587,"date":"2025-06-12T18:53:06","date_gmt":"2025-06-12T18:53:06","guid":{"rendered":"https:\/\/extraslovensko.sk\/spravy\/?p=30587"},"modified":"2025-06-12T18:53:55","modified_gmt":"2025-06-12T18:53:55","slug":"zneuzivanie-pojmu-nenavistne-prejavy-politikmi-ktori-sa-boja-straty-moci","status":"publish","type":"post","link":"https:\/\/extraslovensko.sk\/spravy\/zneuzivanie-pojmu-nenavistne-prejavy-politikmi-ktori-sa-boja-straty-moci\/","title":{"rendered":"Zneu\u017e\u00edvanie pojmu \u201enen\u00e1vistn\u00e9 prejavy\u201c politikmi, ktor\u00ed sa boja straty moci"},"content":{"rendered":"<p>V posledn\u00fdch rokoch m\u00f4\u017eeme naprie\u010d strednou a v\u00fdchodnou Eur\u00f3pou pozorova\u0165 znepokojuj\u00faci trend: silnej\u00facu tendenciu politick\u00fdch l\u00eddrov ozna\u010dova\u0165 ak\u00fako\u013evek ostr\u00fa kritiku, nes\u00fahlas alebo alternat\u00edvny n\u00e1zor za \u201enen\u00e1vistn\u00fd prejav\u201c. Tento fenom\u00e9n nie je n\u00e1hodn\u00fd \u2013 ide o systematick\u00fd n\u00e1stroj, ktor\u00fdm si politick\u00e9 elity chr\u00e1nia svoje poz\u00edcie a sna\u017eia sa neutralizova\u0165 ak\u00fdko\u013evek ohrozuj\u00faci diskurz.<\/p>\n<h1>Zneu\u017e\u00edvanie pojmu nen\u00e1vistn\u00e9 prejavy politikmi, ktor\u00ed sa boja straty moci<\/h1>\n<p>Od obrany spolo\u010dnosti k obrane moci<\/p>\n<p>V\u00fdraz \u201enen\u00e1vistn\u00fd prejav\u201c p\u00f4vodne vznikol ako ochrann\u00fd mechanizmus proti verb\u00e1lnym \u00fatokom na z\u00e1klade rasy, n\u00e1rodnosti \u010di n\u00e1bo\u017eenstva. V civilizovan\u00fdch spolo\u010dnostiach m\u00e1 svoj opodstatnen\u00fd v\u00fdznam. No v ruk\u00e1ch politikov, ktor\u00ed sa ob\u00e1vaj\u00fa o svoje postavenie, sa z tohto n\u00e1stroja stal sp\u00f4sob, ako uml\u010da\u0165 nepohodln\u00e9 hlasy \u2013 nie kv\u00f4li ochrane spolo\u010dnosti, ale kv\u00f4li ochrane vlastnej moci.<\/p>\n<p>L\u00eddri ako Viktor Orb\u00e1n, Alexander Luka\u0161enko, Vladim\u00edr Putin \u010di Robert Fico maj\u00fa spolo\u010dn\u00fa \u010drtu: v\u0161etci vl\u00e1dnu dlhodobo a v\u0161etci si systematicky buduj\u00fa obraz neomyln\u00fdch ochrancov n\u00e1roda. V ich politickom slovn\u00edku sa \u201ekritik syst\u00e9mu\u201c \u010dasto men\u00ed na \u201eextr\u00e9mistu\u201c, \u201enepriate\u013ea \u0161t\u00e1tu\u201c alebo \u201e\u0161\u00edrite\u013ea nen\u00e1visti\u201c. Tak\u00e1to r\u00e9torika \u00fa\u010dinne vytv\u00e1ra v spolo\u010dnosti dojem, \u017ee t\u00ed, ktor\u00ed sa p\u00fdtaj\u00fa nepr\u00edjemn\u00e9 ot\u00e1zky, s\u00fa nebezpe\u010dn\u00ed pre stabilitu krajiny.<\/p>\n<h2>Strach ako z\u00e1kladn\u00fd pilier moci<\/h2>\n<p>Dlhoro\u010dn\u00e9 vl\u00e1dnutie prirodzene vedie k akumul\u00e1cii moci. No \u010d\u00edm dlh\u0161ie niekto sed\u00ed na \u010dele \u0161t\u00e1tu, t\u00fdm viac sa ob\u00e1va zmeny. V demokracii by mala by\u0165 v\u00fdmena moci prirodzen\u00e1 \u2013 cyklick\u00fd a zdrav\u00fd proces. Pre politikov, ktor\u00ed sa v\u0161ak s mocou z\u017eili ako s osobn\u00fdm majetkom, sa ka\u017ed\u00e1 opoz\u00edcia st\u00e1va existen\u010dnou hrozbou.<\/p>\n<p>Pr\u00e1ve preto sa ostr\u00e9 slov\u00e1, polemiky a spolo\u010densk\u00e1 kritika \u010doraz \u010dastej\u0161ie ozna\u010duj\u00fa ako toxick\u00e9. Nie preto, \u017ee by naozaj ohrozovali spolo\u010densk\u00fd poriadok, ale preto, \u017ee ohrozuj\u00fa autoritu vl\u00e1dnucich.<\/p>\n<p>Na Slovensku sme svedkami toho, ako sa aj celkom legit\u00edmna ob\u010dianska nespokojnos\u0165 s veden\u00edm \u0161t\u00e1tu bagatelizuje ako \u201edezinfosc\u00e9na\u201c alebo \u201e\u0161\u00edrenie nen\u00e1visti\u201c. Tento posun v jazyku verejnej diskusie je znepokojuj\u00faci \u2013 a nebezpe\u010dn\u00fd.<\/p>\n<p>Politicky nekorektn\u00e9 \u2260 nen\u00e1vistn\u00e9<\/p>\n<p>Politicky nekorektn\u00e9 n\u00e1zory s\u00fa \u010dasto tie, ktor\u00e9 sa odva\u017euj\u00fa pomenova\u0165 veci priamo, bez filtrovania skrz aktu\u00e1lne m\u00f3dne alebo ideologick\u00e9 \u0161abl\u00f3ny. M\u00f4\u017eu by\u0165 nepr\u00edjemn\u00e9, provokat\u00edvne \u010di konfronta\u010dn\u00e9 \u2013 no nie nevyhnutne nen\u00e1vistn\u00e9. Probl\u00e9mom sa st\u00e1va, ke\u010f mocensk\u00e9 \u0161trukt\u00fary za\u010dn\u00fa pou\u017e\u00edva\u0165 pojmy ako \u201enen\u00e1vistn\u00fd prejav\u201c ako univerz\u00e1lne kladivo na v\u0161etko, \u010do ich irituje.<\/p>\n<p>Ak niekto upozor\u0148uje na korupciu, nefunk\u010dnos\u0165 \u0161t\u00e1tu alebo nadmern\u00fa koncentr\u00e1ciu moci \u2013 nie je to nen\u00e1vis\u0165. Je to demokracia. Je to povinnos\u0165 ob\u010dana. No vo svete, kde sa politick\u00e9 strany boja vlastnej slabosti, sa kritika zamie\u0148a za \u00fatok a skepticizmus za hrozbu.<\/p>\n<p>Manipul\u00e1cia verejnosti cez jazyk<\/p>\n<p>Zneu\u017eitie pojmu \u201enen\u00e1vistn\u00fd prejav\u201c nespo\u010d\u00edva len v uml\u010dan\u00ed odporcov, ale aj v manipul\u00e1cii verejnosti. Ak \u013eudia za\u010dn\u00fa veri\u0165, \u017ee ka\u017ed\u00fd, kto nes\u00fahlas\u00ed s veden\u00edm \u0161t\u00e1tu, je automaticky nebezpe\u010dn\u00fd, za\u010dn\u00fa sami podporova\u0165 repres\u00edvne opatrenia. Cenz\u00fara, sledovanie, obmedzovanie diskusi\u00ed \u2013 v\u0161etko sa zrazu jav\u00ed ako \u201enevyhnutn\u00e9 pre ochranu spolo\u010dnosti\u201c.<\/p>\n<p>Tento jav vid\u00edme nielen v autorit\u00e1rskych re\u017eimoch, ale aj v demokratick\u00fdch krajin\u00e1ch, kde sa moc koncentruje v ruk\u00e1ch jednej strany pr\u00edli\u0161 dlho. Ke\u010f sa politick\u00e1 elita boj\u00ed o svoju bud\u00facnos\u0165, najv\u00e4\u010d\u0161\u00edm nepriate\u013eom sa pre \u0148u st\u00e1va sloboda slova.<\/p>\n<h3>Slovensko: pr\u00edpad \u0161t\u00e1tu s kr\u00e1tkou pam\u00e4\u0165ou<\/h3>\n<p>Na Slovensku sme v posledn\u00fdch rokoch pre\u017eili nieko\u013eko et\u00e1p vl\u00e1d, ktor\u00e9 sa sna\u017eili budova\u0165 siln\u00fd \u0161t\u00e1t, ale v praxi vytv\u00e1rali uzavret\u00e9 prostredie pre seba sam\u00fdch. Mnoh\u00ed ob\u010dania sa preto pr\u00e1vom p\u00fdtaj\u00fa: ak\u00e1 je hranica medzi ochranou poriadku a manipul\u00e1ciou slobody?<\/p>\n<p>Nie je n\u00e1hoda, \u017ee najostrej\u0161ie v\u00fdrazy ako \u201eextr\u00e9mizmus\u201c \u010di \u201ehejt\u201c sa \u010doraz \u010dastej\u0161ie objavuj\u00fa pr\u00e1ve v slovn\u00edku t\u00fdch, ktor\u00ed dlhodobo sedia vo vl\u00e1de. Je \u013eahk\u00e9 udr\u017ea\u0165 sa pri moci, ak si vytvor\u00edte syst\u00e9m, v ktorom je ka\u017ed\u00fd n\u00e1zor okrem v\u00e1\u0161ho potenci\u00e1lne nebezpe\u010dn\u00fd.<\/p>\n<p>Bud\u00facnos\u0165 kritick\u00e9ho myslenia<\/p>\n<p>Ak chceme zachova\u0165 slobodu slova ako fundament\u00e1lny princ\u00edp demokracie, mus\u00edme rozli\u0161ova\u0165 medzi legit\u00edmnou ochranou spolo\u010dnosti a politick\u00fdm zneu\u017e\u00edvan\u00edm pojmov. Politicky nekorektn\u00fd n\u00e1zor nie je s\u00e1m osebe nebezpe\u010dn\u00fd. Nebezpe\u010dn\u00fd je a\u017e vtedy, ke\u010f mocensk\u00e9 \u0161trukt\u00fary rozhodn\u00fa, \u017ee \u017eiadna in\u00e1 pravda ako ich vlastn\u00e1 nesmie zaznie\u0165.<\/p>\n<p>Slovensko, podobne ako mnoh\u00e9 in\u00e9 krajiny, stoj\u00ed na kri\u017eovatke. Bu\u010f budeme akceptova\u0165, \u017ee moc je do\u010dasn\u00e1 a kritika nevyhnutn\u00e1 \u2013 alebo si nech\u00e1me vl\u00e1dnu\u0165 \u013eud\u00ed, ktor\u00ed sa namiesto slu\u017ebe n\u00e1rodu bud\u00fa venova\u0165 len svojej ochrane pred stratou moci.<\/p>\n","protected":false},"excerpt":{"rendered":"<p>V posledn\u00fdch rokoch m\u00f4\u017eeme naprie\u010d strednou a v\u00fdchodnou Eur\u00f3pou pozorova\u0165 znepokojuj\u00faci trend: silnej\u00facu tendenciu politick\u00fdch l\u00eddrov ozna\u010dova\u0165 ak\u00fako\u013evek ostr\u00fa kritiku, nes\u00fahlas alebo alternat\u00edvny n\u00e1zor za \u201enen\u00e1vistn\u00fd prejav\u201c. Tento fenom\u00e9n nie je n\u00e1hodn\u00fd \u2013 ide o systematick\u00fd n\u00e1stroj, ktor\u00fdm si politick\u00e9 elity chr\u00e1nia svoje poz\u00edcie a sna\u017eia sa neutralizova\u0165 ak\u00fdko\u013evek ohrozuj\u00faci diskurz. Zneu\u017e\u00edvanie pojmu nen\u00e1vistn\u00e9 prejavy [&hellip;]<\/p>\n","protected":false},"author":1,"featured_media":0,"comment_status":"closed","ping_status":"open","sticky":false,"template":"","format":"standard","meta":{"footnotes":""},"categories":[5],"tags":[],"class_list":["post-30587","post","type-post","status-publish","format-standard","hentry","category-exo-news"],"_links":{"self":[{"href":"https:\/\/extraslovensko.sk\/spravy\/wp-json\/wp\/v2\/posts\/30587","targetHints":{"allow":["GET"]}}],"collection":[{"href":"https:\/\/extraslovensko.sk\/spravy\/wp-json\/wp\/v2\/posts"}],"about":[{"href":"https:\/\/extraslovensko.sk\/spravy\/wp-json\/wp\/v2\/types\/post"}],"author":[{"embeddable":true,"href":"https:\/\/extraslovensko.sk\/spravy\/wp-json\/wp\/v2\/users\/1"}],"replies":[{"embeddable":true,"href":"https:\/\/extraslovensko.sk\/spravy\/wp-json\/wp\/v2\/comments?post=30587"}],"version-history":[{"count":3,"href":"https:\/\/extraslovensko.sk\/spravy\/wp-json\/wp\/v2\/posts\/30587\/revisions"}],"predecessor-version":[{"id":30590,"href":"https:\/\/extraslovensko.sk\/spravy\/wp-json\/wp\/v2\/posts\/30587\/revisions\/30590"}],"wp:attachment":[{"href":"https:\/\/extraslovensko.sk\/spravy\/wp-json\/wp\/v2\/media?parent=30587"}],"wp:term":[{"taxonomy":"category","embeddable":true,"href":"https:\/\/extraslovensko.sk\/spravy\/wp-json\/wp\/v2\/categories?post=30587"},{"taxonomy":"post_tag","embeddable":true,"href":"https:\/\/extraslovensko.sk\/spravy\/wp-json\/wp\/v2\/tags?post=30587"}],"curies":[{"name":"wp","href":"https:\/\/api.w.org\/{rel}","templated":true}]}}