{"id":30591,"date":"2025-06-12T19:02:00","date_gmt":"2025-06-12T19:02:00","guid":{"rendered":"https:\/\/extraslovensko.sk\/spravy\/?p=30591"},"modified":"2025-06-12T19:02:00","modified_gmt":"2025-06-12T19:02:00","slug":"ustavna-sloboda-prejavu-sa-zacala-menit-na-nekorektne-politicke-nazory","status":"publish","type":"post","link":"https:\/\/extraslovensko.sk\/spravy\/ustavna-sloboda-prejavu-sa-zacala-menit-na-nekorektne-politicke-nazory\/","title":{"rendered":"\u00dastavn\u00e1 sloboda prejavu sa za\u010dala meni\u0165 na nekorektn\u00e9 politick\u00e9 n\u00e1zory"},"content":{"rendered":"<p>Sloboda prejavu patr\u00ed medzi z\u00e1kladn\u00e9 piliere ka\u017edej demokratickej spolo\u010dnosti. Je zakotven\u00e1 v \u00fastav\u00e1ch, chr\u00e1nen\u00e1 z\u00e1konmi a vyzdvihovan\u00e1 v medzin\u00e1rodn\u00fdch dohod\u00e1ch. No \u010doraz \u010dastej\u0161ie sledujeme, ako sa tento princ\u00edp st\u00e1va t\u0155\u0148om v oku mocensk\u00fdch el\u00edt, najm\u00e4 tam, kde sa politika men\u00ed na boj o pre\u017eitie a nie na slu\u017ebu verejnosti.<\/p>\n<h1>\u00dastavn\u00e1 sloboda prejavu, nekorektn\u00e9 politick\u00e9 n\u00e1zory<\/h1>\n<p>V stredoeur\u00f3pskom priestore sa objavuje znepokojiv\u00fd trend: ak niekto vyslov\u00ed n\u00e1zor, ktor\u00fd je &#8220;nekorektn\u00fd&#8221;, nepohodln\u00fd alebo kritick\u00fd vo\u010di vl\u00e1de, \u010doraz \u010dastej\u0161ie je ozna\u010dovan\u00fd za \u201eextr\u00e9mistu\u201c, \u201edezinform\u00e1tora\u201c alebo priamo za \u201eohrozenie demokracie\u201c. To v\u0161ak nie je ochrana \u0161t\u00e1tu pred radikalizmom. To je sk\u00f4r uk\u00e1\u017eka toho, ako sa sloboda prejavu men\u00ed na n\u00e1stroj politickej cenz\u00fary.<\/p>\n<h2>Politici, ktor\u00ed sa boja<\/h2>\n<p>L\u00eddri ako Viktor Orb\u00e1n, Robert Fico, Vladimir Putin \u010di Alexander Luka\u0161enko vl\u00e1dnu dlh\u00e9 roky. V ich r\u00e9torike sa \u010dasto vyskytuje boj za n\u00e1rodn\u00e9 hodnoty, stabilitu, trad\u00edcie. No za touto fas\u00e1dou sa \u010dasto skr\u00fdva jeden a ten ist\u00fd mot\u00edv: strach zo zmeny, strach z opoz\u00edcie, strach zo straty moci.<\/p>\n<p>Aby tento strach zakryli, vytv\u00e1raj\u00fa prostredie, kde sa \u00fastavn\u00e9 pr\u00e1vo na slobodu prejavu za\u010d\u00edna podoba\u0165 na \u201ev\u00fdsadok\u201c, ktor\u00fd sa povo\u013euje len t\u00fdm, ktor\u00ed hraj\u00fa pod\u013ea ich pravidiel. Kritici s\u00fa ozna\u010dovan\u00ed za \u0161kodcov. Ob\u010dania, ktor\u00ed sa p\u00fdtaj\u00fa nepr\u00edjemn\u00e9 ot\u00e1zky, s\u00fa verejne zosmie\u0161\u0148ovan\u00ed. Novin\u00e1ri, ktor\u00ed nep\u00ed\u0161u pod\u013ea noty, s\u00fa \u201eprestit\u00fati\u201c alebo zahrani\u010dn\u00ed agenti.<\/p>\n<p>Kto rozhoduje, \u010do je nen\u00e1vistn\u00e9?<\/p>\n<p>Politici \u010doraz \u010dastej\u0161ie sami ur\u010duj\u00fa, \u010do je a \u010do nie je nen\u00e1vistn\u00fd prejav. Probl\u00e9m je, \u017ee t\u00fato kateg\u00f3riu si za\u010dali svojvo\u013ene roz\u0161irova\u0165. Z \u201enen\u00e1visti\u201c sa stal univerz\u00e1lny \u0161t\u00edt proti akejko\u013evek forme kritiky.<\/p>\n<p>Poveda\u0165 napr\u00edklad, \u017ee vl\u00e1da zlyhala po\u010das pand\u00e9mie? \u201eNebezpe\u010dn\u00e1 dezinform\u00e1cia.\u201c Vyjadri\u0165 nes\u00fahlas s ekonomick\u00fdmi opatreniami? \u201ePodnecovanie k nespokojnosti.\u201c Sp\u00fdta\u0165 sa, kam mizn\u00fa verejn\u00e9 peniaze? \u201ePolitick\u00e1 agenda zahrani\u010dn\u00fdch s\u00edl.\u201c<\/p>\n<blockquote><p>Nie, to nie je ochrana demokracie. To je jej rozklad.<\/p><\/blockquote>\n<p>Nekorektnos\u0165 nie je zlo\u010din<\/p>\n<p>Politicky nekorektn\u00e9 n\u00e1zory s\u00fa \u010dasto tie, ktor\u00e9 sa odli\u0161uj\u00fa od hlavn\u00e9ho pr\u00fadu. No to e\u0161te neznamen\u00e1, \u017ee s\u00fa automaticky nen\u00e1vistn\u00e9. V pluralitnej spolo\u010dnosti mus\u00ed by\u0165 priestor aj pre n\u00e1zory, ktor\u00e9 s\u00fa tvrd\u00e9, kontroverzn\u00e9 \u010di nepr\u00edjemn\u00e9. \u00dalohou politikov nie je uml\u010da\u0165 t\u00fdch, ktor\u00ed nes\u00fahlasia, ale zaru\u010di\u0165, \u017ee ka\u017ed\u00fd m\u00e1 pr\u00e1vo sa slobodne vyjadri\u0165 \u2013 bez strachu z perzek\u00facie.<\/p>\n<p>Ak za\u010dneme cenzurova\u0165 \u201enekorektn\u00e9\u201c n\u00e1zory len preto, \u017ee s\u00fa nekorektn\u00e9, potom sme sa u\u017e nebezpe\u010dne pribl\u00ed\u017eili autokracii. Demokracia nie je krehk\u00fd porcel\u00e1n, ktor\u00fd sa rozbije pri prvom nes\u00fahlasnom hlase. Naopak \u2013 siln\u00e1 demokracia vydr\u017e\u00ed aj tie n\u00e1zory, ktor\u00e9 jej vl\u00e1dnuci nemusia schva\u013eova\u0165.<\/p>\n<p>Slovensko nie je v\u00fdnimkou<\/p>\n<p>Aj u n\u00e1s vid\u00edme zneu\u017e\u00edvanie pojmov ako \u201eboj proti extr\u00e9mizmu\u201c alebo \u201eochrana pred hoaxami\u201c. Z\u00e1merne sa zlievaj\u00fa pojmy, vytv\u00e1ra sa dojem, \u017ee kto nie je s nami, je proti n\u00e1m. V\u00fdsledkom je spolo\u010dnos\u0165 pln\u00e1 strachu, kde sa \u013eudia rad\u0161ej nevyjadruj\u00fa, aby si neu\u0161kodili. Tam u\u017e ale nejde o zdrav\u00fd verejn\u00fd diskurz, ale o zastra\u0161ovanie.<\/p>\n<blockquote><p>Sloboda prejavu bola, je a mus\u00ed zosta\u0165 z\u00e1kladom demokracie. Nem\u00e1 chr\u00e1ni\u0165 mocn\u00fdch pred kritikou, m\u00e1 chr\u00e1ni\u0165 ob\u010dana pred mocou.<\/p><\/blockquote>\n","protected":false},"excerpt":{"rendered":"<p>Sloboda prejavu patr\u00ed medzi z\u00e1kladn\u00e9 piliere ka\u017edej demokratickej spolo\u010dnosti. Je zakotven\u00e1 v \u00fastav\u00e1ch, chr\u00e1nen\u00e1 z\u00e1konmi a vyzdvihovan\u00e1 v medzin\u00e1rodn\u00fdch dohod\u00e1ch. No \u010doraz \u010dastej\u0161ie sledujeme, ako sa tento princ\u00edp st\u00e1va t\u0155\u0148om v oku mocensk\u00fdch el\u00edt, najm\u00e4 tam, kde sa politika men\u00ed na boj o pre\u017eitie a nie na slu\u017ebu verejnosti. \u00dastavn\u00e1 sloboda prejavu, nekorektn\u00e9 politick\u00e9 n\u00e1zory [&hellip;]<\/p>\n","protected":false},"author":1,"featured_media":0,"comment_status":"closed","ping_status":"open","sticky":false,"template":"","format":"standard","meta":{"footnotes":""},"categories":[5],"tags":[],"class_list":["post-30591","post","type-post","status-publish","format-standard","hentry","category-exo-news"],"_links":{"self":[{"href":"https:\/\/extraslovensko.sk\/spravy\/wp-json\/wp\/v2\/posts\/30591","targetHints":{"allow":["GET"]}}],"collection":[{"href":"https:\/\/extraslovensko.sk\/spravy\/wp-json\/wp\/v2\/posts"}],"about":[{"href":"https:\/\/extraslovensko.sk\/spravy\/wp-json\/wp\/v2\/types\/post"}],"author":[{"embeddable":true,"href":"https:\/\/extraslovensko.sk\/spravy\/wp-json\/wp\/v2\/users\/1"}],"replies":[{"embeddable":true,"href":"https:\/\/extraslovensko.sk\/spravy\/wp-json\/wp\/v2\/comments?post=30591"}],"version-history":[{"count":1,"href":"https:\/\/extraslovensko.sk\/spravy\/wp-json\/wp\/v2\/posts\/30591\/revisions"}],"predecessor-version":[{"id":30592,"href":"https:\/\/extraslovensko.sk\/spravy\/wp-json\/wp\/v2\/posts\/30591\/revisions\/30592"}],"wp:attachment":[{"href":"https:\/\/extraslovensko.sk\/spravy\/wp-json\/wp\/v2\/media?parent=30591"}],"wp:term":[{"taxonomy":"category","embeddable":true,"href":"https:\/\/extraslovensko.sk\/spravy\/wp-json\/wp\/v2\/categories?post=30591"},{"taxonomy":"post_tag","embeddable":true,"href":"https:\/\/extraslovensko.sk\/spravy\/wp-json\/wp\/v2\/tags?post=30591"}],"curies":[{"name":"wp","href":"https:\/\/api.w.org\/{rel}","templated":true}]}}