{"id":30593,"date":"2025-06-12T19:13:27","date_gmt":"2025-06-12T19:13:27","guid":{"rendered":"https:\/\/extraslovensko.sk\/spravy\/?p=30593"},"modified":"2025-06-12T19:13:27","modified_gmt":"2025-06-12T19:13:27","slug":"zly-zapad-ale-dobre-eurofondy-ako-sa-politici-tvaria-ako-suverenni","status":"publish","type":"post","link":"https:\/\/extraslovensko.sk\/spravy\/zly-zapad-ale-dobre-eurofondy-ako-sa-politici-tvaria-ako-suverenni\/","title":{"rendered":"Zl\u00fd Z\u00e1pad ale dobr\u00e9 eurofondy: ako sa politici tv\u00e1ria ako suver\u00e9nni"},"content":{"rendered":"<p>Zl\u00fd Z\u00e1pad, dobr\u00e9 eurofondy: ako sa politici tv\u00e1ria ako suver\u00e9nni, no \u017eij\u00fa z Bruselu. Niektor\u00ed politici v strednej a v\u00fdchodnej Eur\u00f3pe, obzvl\u00e1\u0161\u0165 t\u00ed, ktor\u00ed sa dlhodobo dr\u017eia pri moci, vytvorili paradoxn\u00fa politick\u00fa hru: doma sa stavaj\u00fa do poz\u00edcie suver\u00e9nnych l\u00eddrov, ktor\u00ed sa neboja kritizova\u0165 &#8220;zl\u00fd Z\u00e1pad&#8221; a hodnoty liber\u00e1lnej demokracie, no z\u00e1rove\u0148 ticho \u010derpaj\u00fa miliardy z eurofondov. Tento postoj je nielen pokryteck\u00fd, ale aj nebezpe\u010dn\u00fd pre verejn\u00fd diskurz a dlhodob\u00fa stabilitu pr\u00e1vneho \u0161t\u00e1tu.<\/p>\n<h1>Zl\u00fd Z\u00e1pad ale dobr\u00e9 eurofondy: ako sa politici tv\u00e1ria ako suver\u00e9nni<\/h1>\n<p>R\u00e9torika o suverenite vs. ekonomick\u00e1 realita<\/p>\n<p>Verejne hovoria o Bruseli ako o nepriate\u013eovi, ktor\u00fd zasahuje do n\u00e1rodnej suverenity. Vystupuj\u00fa proti z\u00e1padn\u00fdm m\u00e9di\u00e1m, mimovl\u00e1dkam \u010di s\u00fadnictvu \u2013 vraj ide o n\u00e1stroje cudzej moci. No ke\u010f pr\u00edde na rozpo\u010det, ochotne vy\u0165ahuj\u00fa ruku po eurofondy, ktor\u00e9 im pom\u00e1haj\u00fa udr\u017eiava\u0165 si podporu voli\u010dov cez invest\u00edcie do infra\u0161trukt\u00fary, soci\u00e1lnych programov \u010di region\u00e1lneho rozvoja.<\/p>\n<p>Ma\u010farsk\u00fd premi\u00e9r Viktor Orb\u00e1n je \u0161kolsk\u00fdm pr\u00edkladom tejto politiky. Doma ostro kritizuje E\u00da, no jeho vl\u00e1da je z\u00e1visl\u00e1 od eur\u00f3pskych financi\u00ed. Rovnako slovensk\u00ed l\u00eddri sa neraz oh\u00e1\u0148aj\u00fa kritikou E\u00da a Z\u00e1padu, no z fondov E\u00da v\u010faka nim pretekaj\u00fa mili\u00f3ny do regi\u00f3nov, kde si takto upev\u0148uj\u00fa voli\u010dsk\u00fa z\u00e1klad\u0148u.<\/p>\n<h2>D\u00e9moniz\u00e1cia Z\u00e1padu, glorifik\u00e1cia V\u00fdchodu<\/h2>\n<p>Na druhej strane t\u00edto l\u00eddri \u010dasto glorifikuj\u00fa Rusko ako ak\u00fdsi protip\u00f3l dekadentn\u00e9ho Z\u00e1padu. To, \u017ee Rusko potl\u00e1\u010da slobodu tla\u010de, ob\u010dianske slobody a zneu\u017e\u00edva just\u00edciu ako n\u00e1stroj moci, akoby im neprek\u00e1\u017ealo. Z ich poh\u013eadu je d\u00f4le\u017eitej\u0161ie vytvori\u0165 dojem, \u017ee oni s\u00fa skuto\u010dn\u00ed ochrancovia &#8220;tradi\u010dn\u00fdch hodn\u00f4t&#8221;. V skuto\u010dnosti v\u0161ak ide len o manipul\u00e1ciu strachom \u2013 pred stratou moci, pred kritikou, pred in\u00fdm n\u00e1zorom.<\/p>\n<p>S\u00fady, m\u00e9di\u00e1, ob\u010dianska spolo\u010dnos\u0165 ako nepriatelia<\/p>\n<p>Syst\u00e9mov\u00e1 dezinform\u00e1cia o tom, \u017ee nez\u00e1visl\u00e9 s\u00fady, m\u00e9di\u00e1 a ob\u010dianske iniciat\u00edvy s\u00fa hrozbou, vedie k oslabovaniu demokratick\u00fdch in\u0161tit\u00faci\u00ed. Tieto prvky tvoria z\u00e1kladn\u00fd pilier liber\u00e1lnej demokracie \u2013 nie s\u00fa n\u00e1strojmi zahrani\u010dn\u00fdch mocnost\u00ed, ale poistkami proti zneu\u017e\u00edvaniu moci. Ke\u010f politici vedome podr\u00fdvaj\u00fa d\u00f4veru v tieto in\u0161tit\u00facie, oslabuj\u00fa samotn\u00fd \u0161t\u00e1t, ktor\u00fd tvrdia, \u017ee chr\u00e1nia.<\/p>\n<p>Historick\u00fd kontext cenz\u00fary a manipul\u00e1cie<\/p>\n<p>Po\u010das komunizmu bola \u0161t\u00e1tna moc zvyknut\u00e1 uml\u010da\u0165 kritiku a kontrolova\u0165 verejn\u00fd priestor. Dne\u0161n\u00ed politici, ktor\u00ed maj\u00fa nostalgiu po tejto \u00e9re, sa pok\u00fa\u0161aj\u00fa obnovi\u0165 podobn\u00e9 mechanizmy \u2013 tentoraz nie cez cenz\u00faru priamo, ale cez stigmatiz\u00e1ciu: ka\u017ed\u00fd nepohodln\u00fd hlas je ozna\u010den\u00fd ako &#8220;agent Z\u00e1padu&#8221; \u010di &#8220;protislovensk\u00fd element&#8221;.<\/p>\n<p>Z\u00e1pad ako syst\u00e9m hodn\u00f4t, nie nepriate\u013e<\/p>\n<p>Z\u00e1pad nie je ide\u00e1lny, no jeho hodnoty ako sloboda prejavu, nez\u00e1vislos\u0165 s\u00fadov a pluralita n\u00e1zorov s\u00fa t\u00fdm, \u010do zabezpe\u010dilo stabilitu a prosperitu v posledn\u00fdch desa\u0165ro\u010diach. K\u00fdm niektor\u00ed politici bij\u00fa do hrude a hovoria o n\u00e1rodnom z\u00e1ujme, v skuto\u010dnosti im ide len o moc a kontrolu. Nejde o obranu Slovenska, ale o obranu ich vlastn\u00e9ho postavenia.<\/p>\n<h3>Suverenita sa neukazuje hulv\u00e1tstvom, ale zodpovednos\u0165ou<\/h3>\n<p>By\u0165 suver\u00e9nny neznamen\u00e1 ur\u00e1\u017ea\u0165 partnerov a \u017ei\u0165 z ich pe\u0148az\u00ed. Skuto\u010dn\u00e1 suverenita sa ukazuje v schopnosti nies\u0165 zodpovednos\u0165 za svoj \u0161t\u00e1t, vytv\u00e1ra\u0165 funguj\u00face in\u0161tit\u00facie a by\u0165 spo\u013eahliv\u00fdm \u010dlenom medzin\u00e1rodn\u00e9ho spolo\u010denstva. Politici, ktor\u00ed sa na jednej strane spoliehaj\u00fa na eurofondy a na druhej strane ur\u00e1\u017eaj\u00fa ich p\u00f4vod, by si mali uvedomi\u0165, \u017ee to nie je prejav sily, ale slabosti.<\/p>\n<p>Z\u00e1ver<\/p>\n<p>Z\u00e1pad nie je nepriate\u013e. Nepriate\u013eom je klamstvo, manipul\u00e1cia a zneu\u017e\u00edvanie moci. Verejnos\u0165 by mala by\u0165 na tieto taktiky citliv\u00e1 a p\u00fdta\u0165 sa jednoduch\u00fa ot\u00e1zku: Pre\u010do niekto tak ve\u013emi bojuje proti Z\u00e1padu, ale z\u00e1rove\u0148 \u017eije z jeho pe\u0148az\u00ed?<\/p>\n<p>Ak politici skuto\u010dne veria v to, \u010do hovoria, nech sa vzdaj\u00fa eurofondov. Ak nie, nech prestan\u00fa klama\u0165.<\/p>\n<blockquote><p>Ale v skuto\u010dnosti v\u0161etci vieme, \u017ee klama\u0165 neprestan\u00fa, preto je d\u00f4le\u017eit\u00e9, aby sme my neprestali rozm\u00fd\u0161\u013ea\u0165.<\/p><\/blockquote>\n","protected":false},"excerpt":{"rendered":"<p>Zl\u00fd Z\u00e1pad, dobr\u00e9 eurofondy: ako sa politici tv\u00e1ria ako suver\u00e9nni, no \u017eij\u00fa z Bruselu. Niektor\u00ed politici v strednej a v\u00fdchodnej Eur\u00f3pe, obzvl\u00e1\u0161\u0165 t\u00ed, ktor\u00ed sa dlhodobo dr\u017eia pri moci, vytvorili paradoxn\u00fa politick\u00fa hru: doma sa stavaj\u00fa do poz\u00edcie suver\u00e9nnych l\u00eddrov, ktor\u00ed sa neboja kritizova\u0165 &#8220;zl\u00fd Z\u00e1pad&#8221; a hodnoty liber\u00e1lnej demokracie, no z\u00e1rove\u0148 ticho \u010derpaj\u00fa miliardy [&hellip;]<\/p>\n","protected":false},"author":1,"featured_media":0,"comment_status":"closed","ping_status":"open","sticky":false,"template":"","format":"standard","meta":{"footnotes":""},"categories":[5],"tags":[],"class_list":["post-30593","post","type-post","status-publish","format-standard","hentry","category-exo-news"],"_links":{"self":[{"href":"https:\/\/extraslovensko.sk\/spravy\/wp-json\/wp\/v2\/posts\/30593","targetHints":{"allow":["GET"]}}],"collection":[{"href":"https:\/\/extraslovensko.sk\/spravy\/wp-json\/wp\/v2\/posts"}],"about":[{"href":"https:\/\/extraslovensko.sk\/spravy\/wp-json\/wp\/v2\/types\/post"}],"author":[{"embeddable":true,"href":"https:\/\/extraslovensko.sk\/spravy\/wp-json\/wp\/v2\/users\/1"}],"replies":[{"embeddable":true,"href":"https:\/\/extraslovensko.sk\/spravy\/wp-json\/wp\/v2\/comments?post=30593"}],"version-history":[{"count":1,"href":"https:\/\/extraslovensko.sk\/spravy\/wp-json\/wp\/v2\/posts\/30593\/revisions"}],"predecessor-version":[{"id":30594,"href":"https:\/\/extraslovensko.sk\/spravy\/wp-json\/wp\/v2\/posts\/30593\/revisions\/30594"}],"wp:attachment":[{"href":"https:\/\/extraslovensko.sk\/spravy\/wp-json\/wp\/v2\/media?parent=30593"}],"wp:term":[{"taxonomy":"category","embeddable":true,"href":"https:\/\/extraslovensko.sk\/spravy\/wp-json\/wp\/v2\/categories?post=30593"},{"taxonomy":"post_tag","embeddable":true,"href":"https:\/\/extraslovensko.sk\/spravy\/wp-json\/wp\/v2\/tags?post=30593"}],"curies":[{"name":"wp","href":"https:\/\/api.w.org\/{rel}","templated":true}]}}