{"id":30596,"date":"2025-06-12T19:44:41","date_gmt":"2025-06-12T19:44:41","guid":{"rendered":"https:\/\/extraslovensko.sk\/spravy\/?p=30596"},"modified":"2025-06-12T19:46:17","modified_gmt":"2025-06-12T19:46:17","slug":"nezavisla-justicia-len-ked-rozhoduje-v-nas-prospech","status":"publish","type":"post","link":"https:\/\/extraslovensko.sk\/spravy\/nezavisla-justicia-len-ked-rozhoduje-v-nas-prospech\/","title":{"rendered":"Nez\u00e1visl\u00e1 just\u00edcia? Len ke\u010f rozhoduje v n\u00e1\u0161 prospech"},"content":{"rendered":"<p>Nez\u00e1visl\u00e1 just\u00edcia je z\u00e1kladn\u00fdm pilierom pr\u00e1vneho \u0161t\u00e1tu. Politici o nej \u010dasto hovoria \u2013 no e\u0161te \u010dastej\u0161ie pod\u013ea nej konaj\u00fa len vtedy, ke\u010f im to vyhovuje. Slovensko nie je v\u00fdnimkou. Ukazuje sa, \u017ee nez\u00e1vislos\u0165 s\u00fadov a vy\u0161etrovate\u013eov sa uctieva, len k\u00fdm nepr\u00edde \u201enespr\u00e1vny\u201c rozsudok alebo obvinenie. Ako politici instrumentalizuj\u00fa just\u00edciu \u2013 ke\u010f rozhodne proti nim, je to \u201ezmanipulovan\u00e9\u201c, no ke\u010f rozhodne v ich prospech, je to \u201ev\u00ed\u0165azstvo spravodlivosti\u201c. <\/p>\n<h1>Nez\u00e1visl\u00e1 just\u00edcia? Len ke\u010f rozhoduje v n\u00e1\u0161 prospech<\/h1>\n<p>Ke\u010f rozhodnutie nepom\u00e1ha, je to sprisahanie<\/p>\n<p>Po\u010das posledn\u00fdch rokov sa viacer\u00ed vysokopostaven\u00ed politici ocitli pod drobnoh\u013eadom vy\u0161etrovate\u013eov. Zn\u00e1ma kauza O\u010distec rozkr\u00fdvala korup\u010dn\u00fa sie\u0165, v ktorej figurovali b\u00fdval\u00ed funkcion\u00e1ri pol\u00edcie, SIS \u010di vysokopostaven\u00ed \u00faradn\u00edci. Ke\u010f za\u010dali pada\u0165 men\u00e1 ako Tibor Ga\u0161par, Norbert B\u00f6d\u00f6r alebo Du\u0161an Kov\u00e1\u010dik, zazneli z politick\u00fdch kruhov ostr\u00e9 slov\u00e1 o \u201epolitickej objedn\u00e1vke\u201c, \u201epolicajnom prevrate\u201c \u010di \u201ezneu\u017eit\u00ed pr\u00e1vomoci\u201c.<\/p>\n<p>Zvl\u00e1\u0161\u0165 nahlas kri\u010dali t\u00ed, ktor\u00fdm sa obvinenia pribl\u00ed\u017eili nebezpe\u010dne bl\u00edzko. Zrazu boli vy\u0161etrovatelia \u201e\u010durillovsk\u00e1 mafia\u201c, s\u00fady zmanipulovan\u00e9 a cel\u00fd syst\u00e9m \u201ezhnit\u00fd\u201c. Namiesto obhajoby pr\u00e1vneho \u0161t\u00e1tu sme po\u010d\u00favali \u00fatoky na vy\u0161etrovate\u013eov, prokur\u00e1torov a dokonca aj sudcov.<\/p>\n<p>Ale ke\u010f rozhodne v n\u00e1\u0161 prospech\u2026<\/p>\n<p>Zauj\u00edmav\u00fd obrat nast\u00e1va vtedy, ke\u010f s\u00fad rozhodne v prospech politika. Zrazu u\u017e nie je ni\u010d zmanipulovan\u00e9 \u2013 naopak, prich\u00e1dza \u201ev\u00ed\u0165azstvo pravdy\u201c, \u201eo\u010distenie mena\u201c a \u201ed\u00f4kaz, \u017ee v\u0161etko bolo vymyslen\u00e9\u201c. Z\u00e1vis\u00ed len na v\u00fdsledku: ak s\u00fad vyhovuje, je nez\u00e1visl\u00fd; ak nie, je skorumpovan\u00fd. Tento pokryteck\u00fd pr\u00edstup podkop\u00e1va d\u00f4veru verejnosti v spravodlivos\u0165. Ako m\u00e1 be\u017en\u00fd ob\u010dan veri\u0165 syst\u00e9mu, ke\u010f politici oh\u00fdbaj\u00fa pravidl\u00e1 pod\u013ea vlastnej potreby?<\/p>\n<p>Pr\u00edpad Susko a ot\u00e1zka z\u00e1sahov<\/p>\n<p>Aktu\u00e1lne sa pod drobnoh\u013ead dostal aj minister spravodlivosti Boris Susko, ke\u010f sa objavili inform\u00e1cie o jeho \u00fadajnom zasahovan\u00ed do person\u00e1lnych rozhodnut\u00ed na s\u00fadoch. Pod\u013ea niektor\u00fdch v\u00fdpoved\u00ed mal zasahova\u0165 do v\u00fdberu predsedov s\u00fadov, \u010do vzbudilo ot\u00e1zky o politiz\u00e1cii just\u00edcie \u2013 pr\u00e1ve zo strany rezortu, ktor\u00fd m\u00e1 na nez\u00e1vislos\u0165 dohliada\u0165. Minister v\u0161etko poprel, no zatia\u013e nepresved\u010dil.<\/p>\n<p>Podobn\u00e9 praktiky s\u00edce nie s\u00fa nov\u00e9, no ich cynick\u00e9 ospravedl\u0148ovanie je \u010doraz hlasnej\u0161ie. Just\u00edcia je \u201ezmanipulovan\u00e1\u201c \u2013 ale len ke\u010f sa vy\u0161etrovanie t\u00fdka na\u0161ich \u013eud\u00ed. Ak sa zameria na opoz\u00edciu, hovor\u00edme o \u201eo\u010diste spolo\u010dnosti\u201c. Tento dvojak\u00fd meter sa st\u00e1va normou.<\/p>\n<p>S\u00fa\u010dasn\u00ed l\u00eddri \u010doraz \u010dastej\u0161ie vystupuj\u00fa ako samozvan\u00ed sudcovia. Vopred hodnotia vy\u0161etrovania, rozhodnutia s\u00fadov, dokonca aj verdikty, ktor\u00e9 e\u0161te len pr\u00eddu. Z\u00e1kladn\u00e1 z\u00e1sada pr\u00e1vneho \u0161t\u00e1tu \u2013 prezumpcia neviny a nestrannos\u0165 \u2013 im nestoj\u00ed za re\u010d, ke\u010f ide o politick\u00fd boj. Nehovoriac o tom, \u017ee dlhodob\u00fdm \u00fato\u010den\u00edm na vy\u0161etrovacie zlo\u017eky oslabuj\u00fa mor\u00e1lku a zastra\u0161uj\u00fa \u010destn\u00fdch sudcov aj prokur\u00e1torov<\/p>\n<p>Kto bude veri\u0165 spravodlivosti?<\/p>\n<p>Ak just\u00edcia sl\u00fa\u017ei len t\u00fdm, ktor\u00ed pr\u00e1ve vl\u00e1dnu, tak u\u017e nie je nez\u00e1visl\u00e1 \u2013 je len n\u00e1strojom moci. Probl\u00e9m nie je v jednotliv\u00fdch verdiktoch, ale v tom, \u017ee ich hodnot\u00edme pod\u013ea politick\u00fdch z\u00e1ujmov. Dnes sa vol\u00e1 po nez\u00e1vislosti, zajtra sa t\u00e1 ist\u00e1 nez\u00e1vislos\u0165 o\u010dier\u0148uje. V\u00fdsledkom je, \u017ee ob\u010dan nevie, komu veri\u0165. <\/p>\n<blockquote><p>A to je pre pr\u00e1vny \u0161t\u00e1t omnoho nebezpe\u010dnej\u0161ie ako ktor\u00fdko\u013evek verdikt.<\/p><\/blockquote>\n<p>\u00davaha na z\u00e1ver: Just\u00edcia ako zrkadlo, nie ako kladivo<\/p>\n<p>V skuto\u010dne funguj\u00facej demokracii m\u00e1 by\u0165 just\u00edcia zrkadlom spolo\u010dnosti \u2013 nezaujat\u00fdm, neosobn\u00fdm a nepolitick\u00fdm. No u n\u00e1s sa z nej st\u00e1va kladivo, ktor\u00e9 politici ber\u00fa do ruky len vtedy, ke\u010f chc\u00fa niekoho \u201eudrie\u0165\u201c. Na jednej strane sa bij\u00fa do p\u0155s, \u017ee br\u00e1nia suverenitu a princ\u00edpy pr\u00e1vneho \u0161t\u00e1tu, no z\u00e1rove\u0148 tie ist\u00e9 princ\u00edpy zneu\u017e\u00edvaj\u00fa na vlastn\u00fa ochranu.<\/p>\n<p>Ak budeme na\u010falej prij\u00edma\u0165 dvojak\u00fd meter \u2013 \u017ee \u201ena\u0161i\u201c s\u00fa v\u017edy nevinn\u00ed a \u201et\u00ed druh\u00ed\u201c v\u017edy vinn\u00ed \u2013 riskujeme, \u017ee sa pr\u00e1vny \u0161t\u00e1t zmen\u00ed na karikat\u00faru. Nie kv\u00f4li chybn\u00fdm rozsudkom, ale kv\u00f4li zni\u010denej d\u00f4vere. Lebo ke\u010f \u013eudia prestan\u00fa veri\u0165, \u017ee spravodlivos\u0165 plat\u00ed pre v\u0161etk\u00fdch rovnako, za\u010dne plati\u0165 iba sila. A tam, kde rozhoduje sila, prest\u00e1va by\u0165 miesto pre spravodlivos\u0165.<\/p>\n","protected":false},"excerpt":{"rendered":"<p>Nez\u00e1visl\u00e1 just\u00edcia je z\u00e1kladn\u00fdm pilierom pr\u00e1vneho \u0161t\u00e1tu. Politici o nej \u010dasto hovoria \u2013 no e\u0161te \u010dastej\u0161ie pod\u013ea nej konaj\u00fa len vtedy, ke\u010f im to vyhovuje. Slovensko nie je v\u00fdnimkou. Ukazuje sa, \u017ee nez\u00e1vislos\u0165 s\u00fadov a vy\u0161etrovate\u013eov sa uctieva, len k\u00fdm nepr\u00edde \u201enespr\u00e1vny\u201c rozsudok alebo obvinenie. Ako politici instrumentalizuj\u00fa just\u00edciu \u2013 ke\u010f rozhodne proti nim, je [&hellip;]<\/p>\n","protected":false},"author":1,"featured_media":0,"comment_status":"closed","ping_status":"open","sticky":false,"template":"","format":"standard","meta":{"footnotes":""},"categories":[5],"tags":[],"class_list":["post-30596","post","type-post","status-publish","format-standard","hentry","category-exo-news"],"_links":{"self":[{"href":"https:\/\/extraslovensko.sk\/spravy\/wp-json\/wp\/v2\/posts\/30596","targetHints":{"allow":["GET"]}}],"collection":[{"href":"https:\/\/extraslovensko.sk\/spravy\/wp-json\/wp\/v2\/posts"}],"about":[{"href":"https:\/\/extraslovensko.sk\/spravy\/wp-json\/wp\/v2\/types\/post"}],"author":[{"embeddable":true,"href":"https:\/\/extraslovensko.sk\/spravy\/wp-json\/wp\/v2\/users\/1"}],"replies":[{"embeddable":true,"href":"https:\/\/extraslovensko.sk\/spravy\/wp-json\/wp\/v2\/comments?post=30596"}],"version-history":[{"count":2,"href":"https:\/\/extraslovensko.sk\/spravy\/wp-json\/wp\/v2\/posts\/30596\/revisions"}],"predecessor-version":[{"id":30598,"href":"https:\/\/extraslovensko.sk\/spravy\/wp-json\/wp\/v2\/posts\/30596\/revisions\/30598"}],"wp:attachment":[{"href":"https:\/\/extraslovensko.sk\/spravy\/wp-json\/wp\/v2\/media?parent=30596"}],"wp:term":[{"taxonomy":"category","embeddable":true,"href":"https:\/\/extraslovensko.sk\/spravy\/wp-json\/wp\/v2\/categories?post=30596"},{"taxonomy":"post_tag","embeddable":true,"href":"https:\/\/extraslovensko.sk\/spravy\/wp-json\/wp\/v2\/tags?post=30596"}],"curies":[{"name":"wp","href":"https:\/\/api.w.org\/{rel}","templated":true}]}}