{"id":30605,"date":"2025-06-12T19:59:50","date_gmt":"2025-06-12T19:59:50","guid":{"rendered":"https:\/\/extraslovensko.sk\/spravy\/?p=30605"},"modified":"2025-06-12T20:04:15","modified_gmt":"2025-06-12T20:04:15","slug":"suverenita-po-nasom-ked-stat-patri-vlade-nie-ludom","status":"publish","type":"post","link":"https:\/\/extraslovensko.sk\/spravy\/suverenita-po-nasom-ked-stat-patri-vlade-nie-ludom\/","title":{"rendered":"Suverenita po na\u0161om: ke\u010f \u0161t\u00e1t patr\u00ed vl\u00e1de, nie \u013eu\u010fom"},"content":{"rendered":"<p>Slovo suverenita dnes znie ako z\u00e1zra\u010dn\u00e9 zakl\u00ednadlo. Pou\u017e\u00edva sa v prejavoch, na tla\u010dovk\u00e1ch, v politick\u00fdch statusoch aj v \u0161t\u00e1tnych strat\u00e9gi\u00e1ch. Tvrd\u00ed sa, \u017ee ju treba chr\u00e1ni\u0165, obnovi\u0165, vybojova\u0165. Len\u017ee \u010d\u00edm \u010dastej\u0161ie to po\u010dujeme, t\u00fdm \u010dastej\u0161ie sa ukazuje, \u017ee nejde o suverenitu \u013eudu \u2013 ale suverenitu vl\u00e1dy nad v\u0161etk\u00fdm.<\/p>\n<h1>Suverenita po na\u0161om: ke\u010f \u0161t\u00e1t patr\u00ed vl\u00e1de, nie \u013eu\u010fom<\/h1>\n<p>Ke\u010f \u0161t\u00e1t prest\u00e1va by\u0165 spolo\u010dn\u00fd<\/p>\n<p>P\u00f4vodne znamenala suverenita nez\u00e1vislos\u0165 ob\u010danov cez spolo\u010dn\u00e9 in\u0161tit\u00facie. Dnes sa prekr\u00faca na pr\u00e1vomoc politikov robi\u0165 si, \u010do chc\u00fa \u2013 bez kontroly, bez ot\u00e1zok, bez n\u00e1sledkov.<br \/>\nOdmietanie kontroly zo zahrani\u010dia sa pou\u017e\u00edva ako v\u00fdhovorka na uml\u010danie kritiky doma. Suverenita sa zmenila na \u0161t\u00edt proti transparentnosti a na zbra\u0148 proti ob\u010dianskej spolo\u010dnosti, m\u00e9di\u00e1m \u010di s\u00fadom.<\/p>\n<p>Moc pre vl\u00e1du, nie pre krajinu<\/p>\n<p>Niektor\u00ed l\u00eddri dnes ch\u00e1pu \u0161t\u00e1t ako svoju firmu. Kto je proti nim, je vraj proti \u0161t\u00e1tu. Kto ich kritizuje, je vraj ohrozen\u00edm n\u00e1rodn\u00e9ho z\u00e1ujmu. Ale v skuto\u010dnosti si len zamie\u0148aj\u00fa seba za krajinu, a svoje z\u00e1ujmy za v\u00f4\u013eu \u013eudu.<br \/>\nKe\u010f \u0161t\u00e1t za\u010dne patri\u0165 t\u00fdm, \u010do ho pr\u00e1ve spravuj\u00fa, prest\u00e1va by\u0165 verejn\u00fd. A suverenita sa st\u00e1va predlohou pre koncentr\u00e1ciu moci \u2013 nie jej rozdelenie.<\/p>\n<p>Kritika sa men\u00ed na zradu<\/p>\n<p>V suver\u00e9nnom \u0161t\u00e1te m\u00e1 ob\u010dan pr\u00e1vo kl\u00e1s\u0165 ot\u00e1zky, kritizova\u0165 vl\u00e1du, \u017eiada\u0165 vysvetlenie. No v tejto \u201everzii po na\u0161om\u201c sa ka\u017ed\u00e1 kritika vl\u00e1dy ozna\u010d\u00ed za \u00fatok na n\u00e1rod. Kritick\u00e9 m\u00e9di\u00e1 s\u00fa ozna\u010dovan\u00e9 za platen\u00e9 zahrani\u010dn\u00e9 centr\u00e1, ob\u010dianske zdru\u017eenia za \u201eagentov\u201c a opoz\u00edcia za sabot\u00e9rov. Je to star\u00e1 taktika \u2013 zabali\u0165 mocensk\u00e9 sebectvo do n\u00e1rodnej vlajky.<\/p>\n<p>Na z\u00e1ver: Suver\u00e9nny nie je ten, kto vl\u00e1dne bez kontroly \u2013 ale ten, kto ju zn\u00e1\u0161a<\/p>\n<p>Re\u010dami o suverenite sa dnes maskuje snaha vl\u00e1dnu\u0165 bez ru\u0161enia. Ale \u010d\u00edm hlasnej\u0161ie niekto kri\u010d\u00ed o \u201en\u00e1rodnej nez\u00e1vislosti\u201c, t\u00fdm viac \u010dasto t\u00fa\u017ei po nez\u00e1vislosti od vlastn\u00fdch ob\u010danov.<br \/>\nSkuto\u010dn\u00e1 suverenita v\u0161ak neza\u010d\u00edna vo vl\u00e1de, ale medzi \u013eu\u010fmi. A kon\u010d\u00ed tam, kde prestane plati\u0165, \u017ee moc poch\u00e1dza z d\u00f4very \u2013 nie z autority.<\/p>\n<p>Dnes sme svedkami reverznej suverenity \u2013 kde vl\u00e1da si berie moc v mene \u013eudu, ale \u013eudu sa nezodpoved\u00e1. V mene krajiny uml\u010duje vlastn\u00fa spolo\u010dnos\u0165. A potom sa \u010duduje, \u017ee jej neveria.<\/p>\n<blockquote><p>\nAk m\u00e1 by\u0165 Slovensko suver\u00e9nne, mus\u00ed by\u0165 najprv slobodn\u00e9. A sloboda sa nerod\u00ed zo \u0161t\u00e1tnych prejavov \u2013 ale z toho, \u017ee sa vl\u00e1da neboj\u00ed \u013eud\u00ed, len preto, \u017ee nes\u00fahlasia.<\/p><\/blockquote>\n","protected":false},"excerpt":{"rendered":"<p>Slovo suverenita dnes znie ako z\u00e1zra\u010dn\u00e9 zakl\u00ednadlo. Pou\u017e\u00edva sa v prejavoch, na tla\u010dovk\u00e1ch, v politick\u00fdch statusoch aj v \u0161t\u00e1tnych strat\u00e9gi\u00e1ch. Tvrd\u00ed sa, \u017ee ju treba chr\u00e1ni\u0165, obnovi\u0165, vybojova\u0165. Len\u017ee \u010d\u00edm \u010dastej\u0161ie to po\u010dujeme, t\u00fdm \u010dastej\u0161ie sa ukazuje, \u017ee nejde o suverenitu \u013eudu \u2013 ale suverenitu vl\u00e1dy nad v\u0161etk\u00fdm. Suverenita po na\u0161om: ke\u010f \u0161t\u00e1t patr\u00ed vl\u00e1de, [&hellip;]<\/p>\n","protected":false},"author":1,"featured_media":0,"comment_status":"closed","ping_status":"open","sticky":false,"template":"","format":"standard","meta":{"footnotes":""},"categories":[5],"tags":[],"class_list":["post-30605","post","type-post","status-publish","format-standard","hentry","category-exo-news"],"_links":{"self":[{"href":"https:\/\/extraslovensko.sk\/spravy\/wp-json\/wp\/v2\/posts\/30605","targetHints":{"allow":["GET"]}}],"collection":[{"href":"https:\/\/extraslovensko.sk\/spravy\/wp-json\/wp\/v2\/posts"}],"about":[{"href":"https:\/\/extraslovensko.sk\/spravy\/wp-json\/wp\/v2\/types\/post"}],"author":[{"embeddable":true,"href":"https:\/\/extraslovensko.sk\/spravy\/wp-json\/wp\/v2\/users\/1"}],"replies":[{"embeddable":true,"href":"https:\/\/extraslovensko.sk\/spravy\/wp-json\/wp\/v2\/comments?post=30605"}],"version-history":[{"count":1,"href":"https:\/\/extraslovensko.sk\/spravy\/wp-json\/wp\/v2\/posts\/30605\/revisions"}],"predecessor-version":[{"id":30606,"href":"https:\/\/extraslovensko.sk\/spravy\/wp-json\/wp\/v2\/posts\/30605\/revisions\/30606"}],"wp:attachment":[{"href":"https:\/\/extraslovensko.sk\/spravy\/wp-json\/wp\/v2\/media?parent=30605"}],"wp:term":[{"taxonomy":"category","embeddable":true,"href":"https:\/\/extraslovensko.sk\/spravy\/wp-json\/wp\/v2\/categories?post=30605"},{"taxonomy":"post_tag","embeddable":true,"href":"https:\/\/extraslovensko.sk\/spravy\/wp-json\/wp\/v2\/tags?post=30605"}],"curies":[{"name":"wp","href":"https:\/\/api.w.org\/{rel}","templated":true}]}}