{"id":30610,"date":"2025-06-12T20:18:04","date_gmt":"2025-06-12T20:18:04","guid":{"rendered":"https:\/\/extraslovensko.sk\/spravy\/?p=30610"},"modified":"2025-06-12T20:38:27","modified_gmt":"2025-06-12T20:38:27","slug":"za-nase-peniaze-ale-nie-pre-nas-hymna-ktora-si-vybera-svojich-slovakov","status":"publish","type":"post","link":"https:\/\/extraslovensko.sk\/spravy\/za-nase-peniaze-ale-nie-pre-nas-hymna-ktora-si-vybera-svojich-slovakov\/","title":{"rendered":"Za na\u0161e peniaze, ale nie pre n\u00e1s: hymna, ktor\u00e1 si vyber\u00e1 svojich Slov\u00e1kov"},"content":{"rendered":"<p>Ke\u010f sa \u0161t\u00e1t rozhodne zaplati\u0165 z verejn\u00fdch pe\u0148az\u00ed nov\u00fa verziu hymny, \u010dlovek by \u010dakal, \u017ee t\u00e1 hudba bude patri\u0165 v\u0161etk\u00fdm. \u017de spoj\u00ed, nie rozdel\u00ed. Ale nie v tejto krajine. Tu toti\u017e autor novej hymny \u2013 Oskar R\u00f3zsa \u2013 s\u00e1m verejne odk\u00e1zal, \u017ee niektor\u00fdm \u013eu\u010fom \u201et\u00e1to hymna nepatr\u00ed\u201c.  <\/p>\n<p>A t\u00fdm \u201eniektor\u00fdm\u201c myslel, samozrejme, t\u00fdch nespr\u00e1vnych. Inak zm\u00fd\u0161\u013eaj\u00facich, politicky nekorektn\u00fdch. Politicky nevhodn\u00fdch. Ale dane od nich \u0161t\u00e1t prij\u00edma bez probl\u00e9mov.<\/p>\n<h1>Za na\u0161e peniaze, ale nie pre n\u00e1s: hymna<\/h1>\n<p>A e\u0161te ironickej\u0161ie je, \u017ee pr\u00e1ve t\u00e1to selekt\u00edvna hymna bola zaplaten\u00e1 z dan\u00ed aj t\u00fdch, ktor\u00fdm \u201enepatr\u00ed\u201c.<\/p>\n<p>Z verejn\u00e9ho do s\u00fakromn\u00e9ho: \u0161t\u00e1t plat\u00ed, umelec sa smeje<\/p>\n<p>Akoby to nesta\u010dilo, R\u00f3zsa sa n\u00e1sledne odprace do Anglicka \u2013 rovno za zn\u00e1mym extr\u00e9mistom Bombicom, ktor\u00fd bez hanby ukazuje znak \u201eWhite Power\u201c na fotk\u00e1ch.<br \/>\nA kto mu e\u0161te rob\u00ed spolo\u010dnos\u0165? \u0160t\u00e1tny tajomn\u00edk ministerstva kult\u00fary Luk\u00e1\u0161 Machala.<br \/>\nSpolo\u010dne si robia selfie, smej\u00fa sa do kamier \u2013 a vlastne aj v\u0161etk\u00fdm ob\u010danom do o\u010d\u00ed.<\/p>\n<p>\u00c1no, do o\u010d\u00ed t\u00fdm, ktor\u00ed zaplatili hymnu.<br \/>\nT\u00fdm, ktor\u00fdch d\u00f4stojnos\u0165 sa tu vysmieva.<br \/>\nT\u00fdm, ktor\u00ed by e\u0161te naivne verili, \u017ee kult\u00fara m\u00e1 sp\u00e1ja\u0165 \u2013 nie sl\u00fa\u017ei\u0165 ideol\u00f3gii.<\/p>\n<p>\u0160t\u00e1tna hanba s podpisom Gener\u00e1lnej prokurat\u00fary<\/p>\n<p>A \u010do rob\u00ed \u0161t\u00e1t?<br \/>\nMl\u010d\u00ed.<br \/>\nGener\u00e1lny prokur\u00e1tor \u017dilinka ml\u010d\u00ed \u2013 hoci ke\u010f niekto vyves\u00ed d\u00fahov\u00fa vlajku, vie sa ozva\u0165 do p\u00e1r hod\u00edn. Ke\u010f ide o verejn\u00e9 peniaze, \u0161t\u00e1tnu kult\u00faru, verejn\u00e9 provok\u00e1cie a kontakt s extr\u00e9mistick\u00fdmi symbolmi, zrazu niet nikoho doma.<\/p>\n<blockquote><p>Iba do\u017eivotn\u00e1 renta pre gener\u00e1lneho prokur\u00e1tora prejde parlamentom bez debaty ako odmena za jeho \u201eodvahu\u201c ml\u010da\u0165 vtedy, ke\u010f by mal kona\u0165.<\/p><\/blockquote>\n<p>\u00davaha na z\u00e1ver pre n\u00e1s nekorektn\u00fdch \ud83d\ude42  Hymna pre niekoho, \u0161t\u00e1t pre nich, \u00fa\u010det pre n\u00e1s<br \/>\nAk sa za na\u0161e peniaze rob\u00ed dielo, ktor\u00e9 jasne ukazuje: \u201eToto nie je pre v\u0161etk\u00fdch, iba pre vyvolen\u00fdch,\u201c a e\u0161te si to oslavuj\u00fa s extr\u00e9mistami, tak to u\u017e d\u00e1vno nie je kult\u00fara, ale \u0161a\u0161ovsk\u00fd kabaret v r\u00e9\u017eii \u0161t\u00e1tu.<\/p>\n<p>A ke\u010f na to ml\u010dia t\u00ed, ktor\u00ed maj\u00fa kona\u0165 \u2013 ministerstvo, vl\u00e1da, gener\u00e1lny prokur\u00e1tor \u2013 tak m\u00e1me pln\u00e9 pr\u00e1vo im poveda\u0165:<br \/>\nRob\u00edte z n\u00e1s blbcov a my v\u00e1m to s rados\u0165ou nepovol\u00edme.<\/p>\n<p>Pre n\u00e1s \u201enekorektn\u00fdch\u201c je jasn\u00e9:<\/p>\n<blockquote><p>\nNecho\u010fte cestou potichu, kri\u010dte! Preto\u017ee ke\u010f mocn\u00ed rozd\u00e1vaj\u00fa rentu, hymnu a \u0161t\u00e1tne farby, my si len pozer\u00e1me, ako si hraj\u00fa so \u0161achom \u2013 ale figurkami sme my sami.<\/p><\/blockquote>\n","protected":false},"excerpt":{"rendered":"<p>Ke\u010f sa \u0161t\u00e1t rozhodne zaplati\u0165 z verejn\u00fdch pe\u0148az\u00ed nov\u00fa verziu hymny, \u010dlovek by \u010dakal, \u017ee t\u00e1 hudba bude patri\u0165 v\u0161etk\u00fdm. \u017de spoj\u00ed, nie rozdel\u00ed. Ale nie v tejto krajine. Tu toti\u017e autor novej hymny \u2013 Oskar R\u00f3zsa \u2013 s\u00e1m verejne odk\u00e1zal, \u017ee niektor\u00fdm \u013eu\u010fom \u201et\u00e1to hymna nepatr\u00ed\u201c. A t\u00fdm \u201eniektor\u00fdm\u201c myslel, samozrejme, t\u00fdch nespr\u00e1vnych. Inak [&hellip;]<\/p>\n","protected":false},"author":1,"featured_media":0,"comment_status":"closed","ping_status":"open","sticky":false,"template":"","format":"standard","meta":{"footnotes":""},"categories":[5],"tags":[],"class_list":["post-30610","post","type-post","status-publish","format-standard","hentry","category-exo-news"],"_links":{"self":[{"href":"https:\/\/extraslovensko.sk\/spravy\/wp-json\/wp\/v2\/posts\/30610","targetHints":{"allow":["GET"]}}],"collection":[{"href":"https:\/\/extraslovensko.sk\/spravy\/wp-json\/wp\/v2\/posts"}],"about":[{"href":"https:\/\/extraslovensko.sk\/spravy\/wp-json\/wp\/v2\/types\/post"}],"author":[{"embeddable":true,"href":"https:\/\/extraslovensko.sk\/spravy\/wp-json\/wp\/v2\/users\/1"}],"replies":[{"embeddable":true,"href":"https:\/\/extraslovensko.sk\/spravy\/wp-json\/wp\/v2\/comments?post=30610"}],"version-history":[{"count":9,"href":"https:\/\/extraslovensko.sk\/spravy\/wp-json\/wp\/v2\/posts\/30610\/revisions"}],"predecessor-version":[{"id":30619,"href":"https:\/\/extraslovensko.sk\/spravy\/wp-json\/wp\/v2\/posts\/30610\/revisions\/30619"}],"wp:attachment":[{"href":"https:\/\/extraslovensko.sk\/spravy\/wp-json\/wp\/v2\/media?parent=30610"}],"wp:term":[{"taxonomy":"category","embeddable":true,"href":"https:\/\/extraslovensko.sk\/spravy\/wp-json\/wp\/v2\/categories?post=30610"},{"taxonomy":"post_tag","embeddable":true,"href":"https:\/\/extraslovensko.sk\/spravy\/wp-json\/wp\/v2\/tags?post=30610"}],"curies":[{"name":"wp","href":"https:\/\/api.w.org\/{rel}","templated":true}]}}