{"id":30625,"date":"2025-06-12T21:14:31","date_gmt":"2025-06-12T21:14:31","guid":{"rendered":"https:\/\/extraslovensko.sk\/spravy\/?p=30625"},"modified":"2025-06-12T21:14:31","modified_gmt":"2025-06-12T21:14:31","slug":"ustavna-matematika-ked-1-1-muz-a-zena","status":"publish","type":"post","link":"https:\/\/extraslovensko.sk\/spravy\/ustavna-matematika-ked-1-1-muz-a-zena\/","title":{"rendered":"\u00dastavn\u00e1 matematika: ke\u010f 1 + 1 = mu\u017e a \u017eena"},"content":{"rendered":"<p>\u013dudov\u00e1 novela pre soci\u00e1lne siete. Robert Fico, zn\u00e1my pr\u00e1vnik na papieri a market\u00e9r v praxi, op\u00e4\u0165 uk\u00e1zal, \u017ee politika nemus\u00ed rie\u0161i\u0165 probl\u00e9my \u2013 sta\u010d\u00ed, \u017ee vyvol\u00e1 dojem, \u017ee ich rie\u0161i. A tak sme sa do\u010dkali novej \u201ez\u00e1sadnej\u201c zmeny: v \u00fastave bude po novom v\u00fdslovne nap\u00edsan\u00e9, \u017ee man\u017eelstvo je zv\u00e4zok medzi mu\u017eom a \u017eenou.<\/p>\n<h1>\u00dastavn\u00e1 matematika: ke\u010f 1 + 1 = mu\u017e a \u017eena<\/h1>\n<p>To by znelo ako pr\u00e1vne prevratn\u00e9 opatrenie \u2013 neby\u0165 toho, \u017ee t\u00e1to veta u\u017e d\u00e1vno existuje v z\u00e1kone o rodine. Ale Fico predsa povedal:<br \/>\n\u201eNeprich\u00e1dzame s ni\u010d\u00edm svetoborn\u00fdm, zobrali sme presne to ist\u00e9 ustanovenie zo z\u00e1kona o rodine, len ho povy\u0161ujeme na \u00fastavnopr\u00e1vnu \u00farove\u0148.\u201c<\/p>\n<p>A teraz ot\u00e1zka pre pr\u00e1vne gramotn\u00fdch: PRE\u010cO?!<\/p>\n<p>Ak nie\u010do plat\u00ed v z\u00e1kone, pre\u010do to d\u00e1va\u0165 do \u00fastavy?!<br \/>\nLebo nejde o pr\u00e1vny probl\u00e9m. Ide o politick\u00fa \u0161ou.<br \/>\nMarketing pre pr\u00e1vne negramotn\u00fdch div\u00e1kov na soci\u00e1lnych sie\u0165ach, zvan\u00fdch ficovoli\u010di.<\/p>\n<p>Nie je to o tom, \u017ee by niekto na Slovensku hrozil zmenou defin\u00edcie man\u017eelstva.<br \/>\nNie je to o tom, \u017ee by parlament rie\u0161il re\u00e1lnu dilemu.<br \/>\nJe to len o tom, \u017ee Fico a jeho market\u00e9ri potrebuj\u00fa t\u00e9mu, ktor\u00e1 polarizuje \u2013 ale nebol\u00ed.<br \/>\nNi\u010d nerie\u0161i, ale rozpr\u00fadi v\u00e1\u0161ne. A o to pred vo\u013ebami ide.<\/p>\n<p>Ke\u010f nevie\u0161 vl\u00e1dnu\u0165, vyrob si triedneho nepriate\u013ea<\/p>\n<p>Fico potrebuje nepriate\u013ea \u2013 najlep\u0161ie tak\u00e9ho, ktor\u00fd neexistuje, tak\u017ee sa nem\u00f4\u017ee br\u00e1ni\u0165. A tak sme zrazu obklopen\u00ed \u201enevidite\u013en\u00fdm tlakom na zmenu man\u017eelstva\u201c, \u201ehrozbou rodovej ideol\u00f3gie\u201c a \u201erozvratom tradi\u010dn\u00fdch hodn\u00f4t\u201c.<br \/>\nZnie to hr\u00f4zostra\u0161ne.<br \/>\nAle v realite sa ni\u010d tak\u00e9 nedeje.<\/p>\n<p>V realite s\u00fa na\u0161i politici len neschopn\u00ed rie\u0161i\u0165 drah\u00e9 potraviny, kolabuj\u00face zdravotn\u00edctvo \u010di rozkradnut\u00e9 eurofondy.<br \/>\nTak\u017ee n\u00e1m namiesto rie\u0161en\u00ed pon\u00faknu n\u00e1hradn\u00fd produkt: kult\u00farnu vojnu.Ke\u010f nevie\u0161 vl\u00e1dnu\u0165, vyrob si nepriate\u013ea<br \/>\nFico potrebuje nepriate\u013ea \u2013 najlep\u0161ie tak\u00e9ho, ktor\u00fd neexistuje, tak\u017ee sa nem\u00f4\u017ee br\u00e1ni\u0165.<br \/>\nA tak sme zrazu obklopen\u00ed \u201enevidite\u013en\u00fdm tlakom na zmenu man\u017eelstva\u201c, \u201ehrozbou rodovej ideol\u00f3gie\u201c a \u201erozvratom tradi\u010dn\u00fdch hodn\u00f4t\u201c.<br \/>\nZnie to hr\u00f4zostra\u0161ne.<br \/>\nAle v realite sa ni\u010d tak\u00e9 nedeje.<\/p>\n<p>V realite s\u00fa na\u0161i politici len neschopn\u00ed rie\u0161i\u0165 drah\u00e9 potraviny, kolabuj\u00face zdravotn\u00edctvo \u010di rozkradnut\u00e9 eurofondy.<br \/>\nTak\u017ee n\u00e1m namiesto rie\u0161en\u00ed pon\u00faknu n\u00e1hradn\u00fd produkt: kult\u00farnu vojnu.<\/p>\n<p>\u00dastava ako bilbord, man\u017eelstvo ako maskot<\/p>\n<p>T\u00e1to novela nie je o ochrane rodiny. Rodiny sa neochra\u0148uj\u00fa vetou v \u00fastave. Rodiny sa chr\u00e1nia kvalitn\u00fdm \u0161kolstvom, dostupn\u00fdm b\u00fdvan\u00edm, matersk\u00fdmi \u0161kolami a pr\u00e1vnym poriadkom.<\/p>\n<p>Ale to je \u0165a\u017e\u0161ie. A tak sa rad\u0161ej nap\u00ed\u0161e nie\u010do do \u00fastavy, \u010do tam u\u017e de facto je \u2013 len hlasnej\u0161ie.<br \/>\nAko keby ste do receptu na halu\u0161ky pridali e\u0161te jednu vetu: \u201eZemiaky sa varia.\u201c<br \/>\nNikomu to nepom\u00f4\u017ee. Ale znie to ako krok.<\/p>\n<p>\u00davaha na z\u00e1ver: Ke\u010f u\u017e sme pri tom, dajme tam aj 1 + 1 = 2<br \/>\nAk dnes do \u00fastavy d\u00e1vame \u201emu\u017e a \u017eena\u201c, m\u00f4\u017eeme rovno doplni\u0165 aj \u010fal\u0161ie zistenia pre z\u00e1kladn\u00e9 \u0161koly:<br \/>\n\u2013 1 + 1 = 2<br \/>\n\u2013 voda je mokr\u00e1<br \/>\n\u2013 a slnko svieti<\/p>\n<p>Tento \u0161t\u00e1t nem\u00e1 probl\u00e9m s identitou. Tento \u0161t\u00e1t m\u00e1 probl\u00e9m s t\u00fdm, \u017ee vl\u00e1dne garnit\u00fary si z \u00fastavy robia reklamn\u00fd bilbord. Neprij\u00edmaj\u00fa \u00fastavn\u00e9 z\u00e1kony na ochranu pr\u00e1va \u010di ob\u010danov, ale na ochranu vlastn\u00fdch percent v prieskumoch. <\/p>\n<blockquote><p>A preto dnes plat\u00ed: kto nem\u00e1 v\u00fdsledky, ten m\u00e1 ideol\u00f3giu. A kto nem\u00e1 rie\u0161enia, ten m\u00e1 pohlavia.<\/p><\/blockquote>\n","protected":false},"excerpt":{"rendered":"<p>\u013dudov\u00e1 novela pre soci\u00e1lne siete. Robert Fico, zn\u00e1my pr\u00e1vnik na papieri a market\u00e9r v praxi, op\u00e4\u0165 uk\u00e1zal, \u017ee politika nemus\u00ed rie\u0161i\u0165 probl\u00e9my \u2013 sta\u010d\u00ed, \u017ee vyvol\u00e1 dojem, \u017ee ich rie\u0161i. A tak sme sa do\u010dkali novej \u201ez\u00e1sadnej\u201c zmeny: v \u00fastave bude po novom v\u00fdslovne nap\u00edsan\u00e9, \u017ee man\u017eelstvo je zv\u00e4zok medzi mu\u017eom a \u017eenou. \u00dastavn\u00e1 matematika: [&hellip;]<\/p>\n","protected":false},"author":1,"featured_media":0,"comment_status":"closed","ping_status":"open","sticky":false,"template":"","format":"standard","meta":{"footnotes":""},"categories":[5],"tags":[],"class_list":["post-30625","post","type-post","status-publish","format-standard","hentry","category-exo-news"],"_links":{"self":[{"href":"https:\/\/extraslovensko.sk\/spravy\/wp-json\/wp\/v2\/posts\/30625","targetHints":{"allow":["GET"]}}],"collection":[{"href":"https:\/\/extraslovensko.sk\/spravy\/wp-json\/wp\/v2\/posts"}],"about":[{"href":"https:\/\/extraslovensko.sk\/spravy\/wp-json\/wp\/v2\/types\/post"}],"author":[{"embeddable":true,"href":"https:\/\/extraslovensko.sk\/spravy\/wp-json\/wp\/v2\/users\/1"}],"replies":[{"embeddable":true,"href":"https:\/\/extraslovensko.sk\/spravy\/wp-json\/wp\/v2\/comments?post=30625"}],"version-history":[{"count":1,"href":"https:\/\/extraslovensko.sk\/spravy\/wp-json\/wp\/v2\/posts\/30625\/revisions"}],"predecessor-version":[{"id":30626,"href":"https:\/\/extraslovensko.sk\/spravy\/wp-json\/wp\/v2\/posts\/30625\/revisions\/30626"}],"wp:attachment":[{"href":"https:\/\/extraslovensko.sk\/spravy\/wp-json\/wp\/v2\/media?parent=30625"}],"wp:term":[{"taxonomy":"category","embeddable":true,"href":"https:\/\/extraslovensko.sk\/spravy\/wp-json\/wp\/v2\/categories?post=30625"},{"taxonomy":"post_tag","embeddable":true,"href":"https:\/\/extraslovensko.sk\/spravy\/wp-json\/wp\/v2\/tags?post=30625"}],"curies":[{"name":"wp","href":"https:\/\/api.w.org\/{rel}","templated":true}]}}