{"id":30627,"date":"2025-06-12T21:25:36","date_gmt":"2025-06-12T21:25:36","guid":{"rendered":"https:\/\/extraslovensko.sk\/spravy\/?p=30627"},"modified":"2025-06-12T21:37:16","modified_gmt":"2025-06-12T21:37:16","slug":"ficova-politika-na-styri-svetove-strany","status":"publish","type":"post","link":"https:\/\/extraslovensko.sk\/spravy\/ficova-politika-na-styri-svetove-strany\/","title":{"rendered":"Ficova politika na \u0161tyri svetov\u00e9 strany"},"content":{"rendered":"<p>Ficova politika na \u0161tyri svetov\u00e9 strany, ke\u010f oklame\u0161 tri, a t\u00e1 \u0161tvrt\u00e1 \u0165a u\u017e pozn\u00e1. Robert Fico si osvojil strat\u00e9giu, ktor\u00fa nazval \u201epolitika na \u0161tyri svetov\u00e9 strany\u201c. Znie to ako brilantn\u00fd geopolitick\u00fd pl\u00e1n, ale v praxi to vyzer\u00e1 takto: S\u013e\u00fabi\u0161 V\u00fdchodu, \u017ee si s n\u00edm. Pritom si p\u00fdta\u0161 peniaze zo Z\u00e1padu. Ticho koketuje\u0161 s Juhom. A na Sever si ani nespomenie\u0161.<\/p>\n<h1>Ficova politika na \u0161tyri svetov\u00e9 strany<\/h1>\n<p>T\u00e1to \u201esuver\u00e9nna\u201c rovnov\u00e1ha spo\u010d\u00edva v tom, \u017ee jednu stranu verejne han\u00ed\u0161, druh\u00fa klame\u0161, tretiu si kupuje\u0161 a \u0161tvrt\u00fa uraz\u00ed\u0161 medzi re\u010dou.<br \/>\nPolitick\u00e1 gymnastika? Sk\u00f4r geopolitick\u00e1 schizofr\u00e9nia. Tv\u00e1ri sa ako neohrozen\u00fd hr\u00e1\u010d medzi blokmi, ale v skuto\u010dnosti sa hr\u00e1 na v\u0161etky strany \u2013 a pritom si mysl\u00ed, \u017ee ho nikto nevid\u00ed.<\/p>\n<p>Len\u017ee svet nie je hl\u00fapy.<br \/>\nEur\u00f3pa po\u010d\u00fava, Rusko sleduje, \u010c\u00edna sa usmieva a USA si rob\u00ed pozn\u00e1mky.<\/p>\n<p>To, \u010do Fico naz\u00fdva &#8220;vyva\u017eovan\u00edm z\u00e1ujmov&#8221;, je v praxi nekonzistentn\u00e9 bl\u00faznenie medzi hodnotami a obchodom, medzi re\u010dami o mieri a \u010dinmi v zbrojen\u00ed, medzi r\u00e9torikou o nez\u00e1vislosti a dot\u00e1ciami z Bruselu.<\/p>\n<p>A kult\u00farny kontext? Ten u n\u00e1s nehr\u00e1 rolu, lebo vl\u00e1dne len to, \u010do sa dobre pred\u00e1va doma \u2013 nie to, \u010do funguje vonku.<\/p>\n<p>Oklama\u0165 \u00c1ziu, preh\u00e1da\u0165 sa s E\u00da, zneisti\u0165 USA<\/p>\n<p>Fico s\u00edce hovor\u00ed o \u201eviacer\u00fdch partnerstv\u00e1ch\u201c, ale partnerstvo bez d\u00f4very neexistuje.<br \/>\nKe\u010f jedn\u00fdm ruk\u00e1m pod\u00e1va\u0161 ruku a druh\u00fdm im zh\u00e1\u0148a\u0161 zbrane,<br \/>\nke\u010f jedn\u00fdm hovor\u00ed\u0161 \u201este na\u0161i priatelia\u201c a druh\u00fdch vol\u00e1\u0161 \u201edekadentn\u00ed \u00faradn\u00edci\u201c,<br \/>\nnakoniec \u0165a nebude re\u0161pektova\u0165 nikto.<\/p>\n<p>Lebo nie je hanba ma\u0165 vlastn\u00fd n\u00e1zor.<\/p>\n<blockquote><p>Hanba je nem\u00e1\u0165 \u017eiaden \u2013 a meni\u0165 ho pod\u013ea toho, kto zaplat\u00ed obed.<\/p><\/blockquote>\n<p>Ke\u010f si vyrob\u00ed\u0161 triednych nepriate\u013eov na v\u0161etky svetov\u00e9 strany<\/p>\n<p>Fico by mohol by\u0165 majster sveta vo v\u00fdrobe nepriate\u013eov. V politike na \u0161tyri svetov\u00e9 strany si toti\u017e z\u00e1konite vyrob\u00ed\u0161 \u0161tyroch triednych nepriate\u013eov \u2013 jedn\u00e9ho z ka\u017edej. Z\u00e1pad mu never\u00ed, lebo ho kritizuje, no berie jeho eurofondy.<br \/>\nV\u00fdchod si ho nev\u00e1\u017ei, lebo vie, \u017ee je len u\u017eito\u010dn\u00fd na doma.<br \/>\nJuh ho neberie v\u00e1\u017ene, lebo nem\u00e1 dlhodob\u00fa v\u00edziu.<br \/>\nA Sever? Ten si ani nev\u0161imol, \u017ee Slovensko nie\u010do tvrd\u00ed.<\/p>\n<p>Medzit\u00fdm sa z E\u00da st\u00e1va \u201ebruselsk\u00fd dikt\u00e1t\u201c, z opoz\u00edcie \u201evlastizradcovia\u201c a z ka\u017ed\u00e9ho, kto nes\u00fahlas\u00ed, &#8220;nepriate\u013e \u0161t\u00e1tu&#8221; alebo &#8220;agent cudzej moci&#8221;. To je politika, kde je n\u00e1zor zlo\u010dinom \u2013 a klamstvo \u0161tandardom.<\/p>\n<p>\u00davaha na z\u00e1ver: Politika na \u0161tyri svetov\u00e9 strany = rozpa\u010dit\u00fd tanec do kruhu<br \/>\nTo nie je diplomacia.<br \/>\nTo je slovensk\u00e9 Koc\u00farkovo v medzin\u00e1rodnej verzii.<\/p>\n<p>V takejto politike nejde o \u201e\u0161t\u00e1tny z\u00e1ujem\u201c. Ide o osobn\u00fd z\u00e1ujem, maskovan\u00fd suverenitou. <\/p>\n<p>A v\u00fdsledok? Nikto n\u00e1m never\u00ed \u2013 a my sami nevieme, kam patr\u00edme.<\/p>\n<h3>Nerealistickos\u0165 Ficovej politiky na \u0161tyri svetov\u00e9 strany<\/h3>\n<p>Nem\u00f4\u017ee\u0161 chcie\u0165 to ist\u00e9 od moslimsk\u00e9ho \u0161t\u00e1tu ako od sekul\u00e1rnej Braz\u00edlie.<br \/>\nNiektor\u00ed partneri si ctia trad\u00edciu, in\u00ed liber\u00e1lne slobody. Jedni si cenia vojensk\u00fa silu, druh\u00ed klimatick\u00e9 dohody.<\/p>\n<p>To, \u010do v jednom \u0161t\u00e1te otv\u00e1ra dvere, m\u00f4\u017ee v druhom vyvola\u0165 \u0161kand\u00e1l.<\/p>\n<p>A Fico? Ten sa spr\u00e1va, akoby kult\u00fara bola len nepodstatn\u00fd detail.<br \/>\nAko keby mohol rovnakou vetou oslovi\u0165 Orb\u00e1na, Erdogana, Macrona aj \u010d\u00ednsku komunistick\u00fa stranu \u2013 a \u010duduje sa, \u017ee sa mu to nedar\u00ed.<\/p>\n<blockquote><p>M\u00f4\u017ee\u0161 im akur\u00e1t pred\u00e1va\u0165 zbrane.<br \/>\nA aj to len dovtedy, k\u00fdm nezistia, \u017ee pred\u00e1va\u0161 aj ich nepriate\u013eom.<\/p><\/blockquote>\n","protected":false},"excerpt":{"rendered":"<p>Ficova politika na \u0161tyri svetov\u00e9 strany, ke\u010f oklame\u0161 tri, a t\u00e1 \u0161tvrt\u00e1 \u0165a u\u017e pozn\u00e1. Robert Fico si osvojil strat\u00e9giu, ktor\u00fa nazval \u201epolitika na \u0161tyri svetov\u00e9 strany\u201c. Znie to ako brilantn\u00fd geopolitick\u00fd pl\u00e1n, ale v praxi to vyzer\u00e1 takto: S\u013e\u00fabi\u0161 V\u00fdchodu, \u017ee si s n\u00edm. Pritom si p\u00fdta\u0161 peniaze zo Z\u00e1padu. Ticho koketuje\u0161 s Juhom. [&hellip;]<\/p>\n","protected":false},"author":1,"featured_media":0,"comment_status":"closed","ping_status":"open","sticky":false,"template":"","format":"standard","meta":{"footnotes":""},"categories":[5],"tags":[],"class_list":["post-30627","post","type-post","status-publish","format-standard","hentry","category-exo-news"],"_links":{"self":[{"href":"https:\/\/extraslovensko.sk\/spravy\/wp-json\/wp\/v2\/posts\/30627","targetHints":{"allow":["GET"]}}],"collection":[{"href":"https:\/\/extraslovensko.sk\/spravy\/wp-json\/wp\/v2\/posts"}],"about":[{"href":"https:\/\/extraslovensko.sk\/spravy\/wp-json\/wp\/v2\/types\/post"}],"author":[{"embeddable":true,"href":"https:\/\/extraslovensko.sk\/spravy\/wp-json\/wp\/v2\/users\/1"}],"replies":[{"embeddable":true,"href":"https:\/\/extraslovensko.sk\/spravy\/wp-json\/wp\/v2\/comments?post=30627"}],"version-history":[{"count":3,"href":"https:\/\/extraslovensko.sk\/spravy\/wp-json\/wp\/v2\/posts\/30627\/revisions"}],"predecessor-version":[{"id":30632,"href":"https:\/\/extraslovensko.sk\/spravy\/wp-json\/wp\/v2\/posts\/30627\/revisions\/30632"}],"wp:attachment":[{"href":"https:\/\/extraslovensko.sk\/spravy\/wp-json\/wp\/v2\/media?parent=30627"}],"wp:term":[{"taxonomy":"category","embeddable":true,"href":"https:\/\/extraslovensko.sk\/spravy\/wp-json\/wp\/v2\/categories?post=30627"},{"taxonomy":"post_tag","embeddable":true,"href":"https:\/\/extraslovensko.sk\/spravy\/wp-json\/wp\/v2\/tags?post=30627"}],"curies":[{"name":"wp","href":"https:\/\/api.w.org\/{rel}","templated":true}]}}