{"id":30638,"date":"2025-06-18T12:43:58","date_gmt":"2025-06-18T12:43:58","guid":{"rendered":"https:\/\/extraslovensko.sk\/spravy\/?p=30638"},"modified":"2025-06-18T12:43:58","modified_gmt":"2025-06-18T12:43:58","slug":"akcia-nad-uz-len-ho-vyhnat-z-kanady-a-zakazat-mu-dychat","status":"publish","type":"post","link":"https:\/\/extraslovensko.sk\/spravy\/akcia-nad-uz-len-ho-vyhnat-z-kanady-a-zakazat-mu-dychat\/","title":{"rendered":"Akcia Na\u010f: U\u017e len ho vyhna\u0165 z Kanady a zak\u00e1za\u0165 mu d\u00fdcha\u0165"},"content":{"rendered":"<p>Akcia Jaroslav Na\u010f v Kanade. Niektor\u00ed politici na Slovensku by si pokojne otvorili \u017eivnos\u0165 s n\u00e1zvom: &#8220;Trestn\u00e9 st\u00edhania na objedn\u00e1vku&#8221;. Najnov\u0161ie na ich zozname: Jaroslav Na\u010f. Nie, nesna\u017e\u00ed sa o prevrat, nezaklad\u00e1 sektu, ani nevyv\u00e1\u017ea zlato do Ugandy. Iba m\u00e1 in\u00fd n\u00e1zor. Katastrofa.<\/p>\n<h1>Akcia Jaroslav Na\u010f v Kanade<\/h1>\n<p> Emigroval. Ako si to dovolil?<\/p>\n<p>Jaroslav Na\u010f sa rozhodol pres\u0165ahova\u0165 do Kanady. V krajine javorov\u00e9ho sirupu, medve\u010fov a leg\u00e1lnej marihuany o\u010dividne nie je tak\u00e1 ponuka politick\u00e9ho lyn\u010du ako doma, a to niektor\u00ed nedok\u00e1\u017eu str\u00e1vi\u0165. Ve\u010f \u010do je to za politika, ktor\u00fd neostane na Slovensku \u010deli\u0165 \u010d\u00edrym pomst\u00e1m, falo\u0161n\u00fdm obvineniam a medi\u00e1lnemu gulagu?<\/p>\n<p>Nezost\u00e1va ni\u010d in\u00e9, len si povzdychn\u00fa\u0165 s n\u00e1dychom vlasteneck\u00e9ho hnevu: &#8220;Zbabelo u\u0161iel!&#8221;<\/p>\n<p>\u200d\u2642\ufe0f Ga\u0161par: C\u00edti potrebu chr\u00e1ni\u0165 verejnos\u0165 pred n\u00e1zorom<\/p>\n<p>Tibor Ga\u0161par, expert na v\u0161etko od podozriv\u00fdch zml\u00fav a\u017e po umenie verejn\u00e9ho kriku, pre\u017e\u00edva renesanciu. V mene \u201eo\u010disty \u0161t\u00e1tu\u201c navrhuje v\u0161etko, \u010do sa h\u00fdbe a nepodporuje vl\u00e1dnu koal\u00edciu, zavrie\u0165. Prevent\u00edvne. Lebo \u010do ak sa niekto vyjadr\u00ed proti? \u010co ak niekto nap\u00ed\u0161e status? Alebo \u2013 nebodaj \u2013 rozhovor do m\u00e9di\u00ed zo zahrani\u010dia! Ve\u010f to je ako kyber\u00fatok na n\u00e1rodn\u00e9 povedomie!<\/p>\n<p>Ga\u0161par p\u00f4sob\u00ed ako ten typ \u010dloveka, ktor\u00fd sa rozpla\u010de, ke\u010f mu niekto povie, \u017ee existuj\u00fa aj in\u00e9 n\u00e1zory. Ale jeho slzy by mohli by\u0165 pou\u017eit\u00e9 ako d\u00f4kaz na s\u00fade \u2013 proti tej osobe, samozrejme.<\/p>\n<p>\u200d\u2642\ufe0f Psychick\u00e1 odolnos\u0165 ako s\u00fa\u010das\u0165 trestn\u00e9ho pr\u00e1va?<\/p>\n<p>V spolo\u010dnosti, kde sa be\u017ene diskutuje o du\u0161evnom zdrav\u00ed, by sme sa mo\u017eno mohli zamyslie\u0165: \u010co ak sa \u010dlovek, na ktor\u00e9ho politici cielene \u00fato\u010dia, psychicky zr\u00fati? Je to v poriadku? Budeme ho potom obvi\u0148ova\u0165 z toho, \u017ee \u201eneust\u00e1l tlak\u201c?<\/p>\n<p>Alebo to vlastne o\u010dak\u00e1vame? \u017de po \u0161tvavej kampani, podozreniach, vy\u0161etrovaniach a hrozbe st\u00edhania padne na kolen\u00e1 a popros\u00ed o odpustenie, \u017ee si dovolil ma\u0165 verejn\u00fa funkciu v nespr\u00e1vnom volebnom obdob\u00ed?<\/p>\n<p>Lebo u n\u00e1s je jasn\u00e9: ak raz odi\u0161iel z funkcie, u\u017e nem\u00e1 pr\u00e1vo na n\u00e1zor.<\/p>\n<p>\u2709\ufe0f Po\u017eiadajme Interpol! A zablokujme mu Netflix.<\/p>\n<p>Niektor\u00ed poslanci by najrad\u0161ej \u017eiadali Interpol o zadr\u017eanie. Mo\u017eno aj NASA, ak by Na\u010f n\u00e1hodou zamieril ku Kanadsk\u00e9mu vesm\u00edrnemu centru. Prevent\u00edvne by sa mohlo zak\u00e1za\u0165 aj \u201eNa\u010f\u201c v kr\u00ed\u017eovk\u00e1ch \u2013 aby n\u00e1hodou nevznikla spolo\u010densk\u00e1 nebezpe\u010dnos\u0165 cez l\u00fa\u0161tenie.<\/p>\n<p>A samozrejme: zru\u0161i\u0165 mu ob\u010dianstvo, Netflix \u00fa\u010det, a odobra\u0165 mu hlasovacie pr\u00e1vo vo v\u0161etk\u00fdch anket\u00e1ch. Lebo ak raz odi\u0161iel, je to vlastizrada.<\/p>\n<p>\ufe0f Pointa?<\/p>\n<p>Nie, tento text nie je oslavou Na\u010fa. Je to smutn\u00e9 zrkadlo krajiny, kde politici robia psychologick\u00fd n\u00e1tlak, a kde zneu\u017e\u00edvanie org\u00e1nov \u010dinn\u00fdch v trestnom konan\u00ed u\u017e ani nevonia po spravodlivosti, ale po \u0161pecifickej forme vendety v mene \u0161t\u00e1tu.<\/p>\n<p>A ak sa \u010dlovek psychicky zr\u00fati? Tak mo\u017eno dostane pokutu za naru\u0161enie verejn\u00e9ho pokoja. Lebo v tejto krajine sa nepla\u010de. Tu sa ud\u00e1va.<\/p>\n","protected":false},"excerpt":{"rendered":"<p>Akcia Jaroslav Na\u010f v Kanade. Niektor\u00ed politici na Slovensku by si pokojne otvorili \u017eivnos\u0165 s n\u00e1zvom: &#8220;Trestn\u00e9 st\u00edhania na objedn\u00e1vku&#8221;. Najnov\u0161ie na ich zozname: Jaroslav Na\u010f. Nie, nesna\u017e\u00ed sa o prevrat, nezaklad\u00e1 sektu, ani nevyv\u00e1\u017ea zlato do Ugandy. Iba m\u00e1 in\u00fd n\u00e1zor. Katastrofa. Akcia Jaroslav Na\u010f v Kanade Emigroval. Ako si to dovolil? Jaroslav Na\u010f [&hellip;]<\/p>\n","protected":false},"author":1,"featured_media":0,"comment_status":"closed","ping_status":"open","sticky":false,"template":"","format":"standard","meta":{"footnotes":""},"categories":[5],"tags":[],"class_list":["post-30638","post","type-post","status-publish","format-standard","hentry","category-exo-news"],"_links":{"self":[{"href":"https:\/\/extraslovensko.sk\/spravy\/wp-json\/wp\/v2\/posts\/30638","targetHints":{"allow":["GET"]}}],"collection":[{"href":"https:\/\/extraslovensko.sk\/spravy\/wp-json\/wp\/v2\/posts"}],"about":[{"href":"https:\/\/extraslovensko.sk\/spravy\/wp-json\/wp\/v2\/types\/post"}],"author":[{"embeddable":true,"href":"https:\/\/extraslovensko.sk\/spravy\/wp-json\/wp\/v2\/users\/1"}],"replies":[{"embeddable":true,"href":"https:\/\/extraslovensko.sk\/spravy\/wp-json\/wp\/v2\/comments?post=30638"}],"version-history":[{"count":1,"href":"https:\/\/extraslovensko.sk\/spravy\/wp-json\/wp\/v2\/posts\/30638\/revisions"}],"predecessor-version":[{"id":30639,"href":"https:\/\/extraslovensko.sk\/spravy\/wp-json\/wp\/v2\/posts\/30638\/revisions\/30639"}],"wp:attachment":[{"href":"https:\/\/extraslovensko.sk\/spravy\/wp-json\/wp\/v2\/media?parent=30638"}],"wp:term":[{"taxonomy":"category","embeddable":true,"href":"https:\/\/extraslovensko.sk\/spravy\/wp-json\/wp\/v2\/categories?post=30638"},{"taxonomy":"post_tag","embeddable":true,"href":"https:\/\/extraslovensko.sk\/spravy\/wp-json\/wp\/v2\/tags?post=30638"}],"curies":[{"name":"wp","href":"https:\/\/api.w.org\/{rel}","templated":true}]}}