{"id":30642,"date":"2025-06-18T12:56:08","date_gmt":"2025-06-18T12:56:08","guid":{"rendered":"https:\/\/extraslovensko.sk\/spravy\/?p=30642"},"modified":"2025-06-18T12:57:32","modified_gmt":"2025-06-18T12:57:32","slug":"ked-darovanie-zbrani-vadi-ale-ich-predaj-oslavujeme","status":"publish","type":"post","link":"https:\/\/extraslovensko.sk\/spravy\/ked-darovanie-zbrani-vadi-ale-ich-predaj-oslavujeme\/","title":{"rendered":"Ke\u010f darovanie zbran\u00ed vad\u00ed, ale ich predaj oslavujeme"},"content":{"rendered":"<p>Zmena \u00fastavy sa nekon\u00e1, defin\u00edcia mu\u017ea a \u017eeny sa odklad\u00e1 na september \u2013 a vl\u00e1da potrebuje kauzu. Nie hocijak\u00fa. Mus\u00ed to by\u0165 nie\u010do, \u010do zamestn\u00e1 m\u00e9di\u00e1, rozhnev\u00e1 davy a prehlu\u0161\u00ed, \u017ee sa vlastne ni\u010d nerob\u00ed. A tak si to op\u00e4\u0165 odniesol star\u00fd zn\u00e1my ter\u010d: Jaroslav Na\u010f.<\/p>\n<p>Nie je to len vendeta. Je to aj divadlo. Verejne vidite\u013en\u00e1 lekcia pre ka\u017ed\u00e9ho, kto by chcel by\u0165 v bud\u00facnosti pr\u00edli\u0161 odv\u00e1\u017eny. Pom\u00e1hal Ukrajine? Chyba. Mal mor\u00e1lny postoj? Hrub\u00e1 chyba. A \u010do je najhor\u0161ie \u2013 nerobil z toho biznis.<\/p>\n<h1>Ke\u010f darovanie zbran\u00ed vad\u00ed, ale ich predaj oslavujeme<\/h1>\n<p> Darovanie ako zlo\u010din<\/p>\n<p>Ke\u010f bol minister obrany, daroval zbrane Ukrajine \u2013 krajine, ktor\u00e1 v tom \u010dase \u010delila priamemu vojensk\u00e9mu \u00fatoku. Rovnako to robili \u010cesi, Poliaci, Nemci, Ameri\u010dania. Ale len na Slovensku sa to teraz sp\u00e4tne vy\u0165ahuje ako \u201ekontroverzn\u00fd \u010din\u201c.<\/p>\n<p>Lebo u n\u00e1s sa hist\u00f3ria neprepisuje, u n\u00e1s sa rovno sfal\u0161uje v priamom prenose. Daroval? Mal ich preda\u0165! Ale komu? Ukrajincom, \u010do sa br\u00e1nili v panike? To nie je d\u00f4le\u017eit\u00e9. Pointa je, \u017ee neurobil to, \u010do by urobili oni \u2013 nezarobil.<\/p>\n<p> Predaj ako hrdinstvo<\/p>\n<p>Rovnak\u00e1 vl\u00e1da, ktor\u00e1 teraz roz\u0165ahuje paragrafy ako gumen\u00fd medved\u00edk, pokojne pred\u00e1va zbrane Ukrajine \u010falej. Ale pozor: za peniaze. \u201ePom\u00e1hame, ale nie zadarmo,\u201c hovor\u00ed premi\u00e9r. \u201eTo s\u00fa pracovn\u00e9 miesta,\u201c dod\u00e1vaj\u00fa ministri.<\/p>\n<p>Tak\u017ee rovnak\u00e9 tanky, h\u00fafnice a mun\u00edcia, ktor\u00e9 sa predt\u00fdm posielali v mene solidarity, s\u00fa teraz posielan\u00e9 ako obchod. A to u\u017e nie je vlastizrada \u2013 to je \u0161t\u00e1tnick\u00e1 zodpovednos\u0165. Na billboardoch mo\u017eno pribudne slogan:<\/p>\n<blockquote><p>&#8220;Mier? \u00c1no. Ale cez fakt\u00faru.&#8221;<\/p><\/blockquote>\n<p>\u200d\u2642\ufe0f Ke\u010f nem\u00e1\u0161 z\u00e1kon, vytvor si cirkus<\/p>\n<p>Probl\u00e9m je, \u017ee neexistuje \u017eiaden z\u00e1kon, ktor\u00fd by zakazoval ministrovi obrany kona\u0165 v r\u00e1mci vl\u00e1dy a rozhodn\u00fa\u0165 o darovan\u00ed zbran\u00ed spojeneckej krajine vo vojne. Tak \u010do s t\u00fdm?<\/p>\n<p>Ni\u010d. Ale zato sa d\u00e1 hlasno kri\u010da\u0165. Ga\u0161par navrhne trestn\u00e9 st\u00edhanie, Mazurek nap\u00ed\u0161e status, Blaha nato\u010d\u00ed video. A m\u00e9di\u00e1 maj\u00fa \u201ekauzu\u201c. \u013dudia sa h\u00e1daj\u00fa, kto je v\u00e4\u010d\u0161\u00ed zradca, a nik si nev\u0161imne, \u017ee vl\u00e1da pr\u00e1ve odlo\u017eila vlastn\u00fd program.<\/p>\n<p>Nie s\u00fa z\u00e1kony? Nez\u00e1le\u017e\u00ed. D\u00f4le\u017eit\u00e9 je, \u017ee dav ver\u00ed, \u017ee niekto bude potrestan\u00fd.<\/p>\n<p> V telev\u00edzii krv, v z\u00e1kulis\u00ed biznis<\/p>\n<p>Je to ako film. Na obrazovke vid\u00edme \u201ezlo\u010dinca\u201c Na\u010fa, ako posiela zbrane Ukrajine a utek\u00e1 do Kanady (ktor\u00e1 m\u00e1 by\u0165 pod\u013ea niektor\u00fdch vlastencov tre\u0165ou r\u00ed\u0161ou liber\u00e1lneho zla). Medzit\u00fdm v\u0161ak t\u00ed ist\u00ed vlastenci, s ktor\u00fdmi sa fotil Lavrov, pred\u00e1vaj\u00fa Ukrajine mun\u00edciu cez \u0161t\u00e1tny podnik. Samozrejme, ticho a bez pomp\u00e9znosti.<\/p>\n<p>Rozdiel? Na tom predaji niekto zar\u00e1ba. Na darovan\u00ed nezarobil nikto. A to je v slovenskom pon\u00edman\u00ed najv\u00e4\u010d\u0161\u00ed zlo\u010din.<\/p>\n<p>O \u010dom je t\u00e1to \u201ekauza\u201c naozaj?<\/p>\n<p>Nie je to o zbraniach.<br \/>\nNie je to o poru\u0161en\u00ed z\u00e1kona.<br \/>\nNie je to ani o Ukrajine.<\/p>\n<p>Je to o tom, \u017ee moc potrebuje nepriate\u013ea. A ak zrovna nie je po ruke liber\u00e1l, gender aktivista alebo nejak\u00fd ne\u0161\u0165astn\u00fd sudca, vytiahne sa niekto zo \u0161ufl\u00edka. Ide\u00e1lne \u010dlovek, ktor\u00fd u\u017e nehr\u00e1 akt\u00edvnu politick\u00fa \u00falohu, ale st\u00e1le znepokojuje svojou existenciou.<\/p>\n<p> Z\u00e1ver?<\/p>\n<p>Na Slovensku sa neodp\u00fa\u0161\u0165a slabos\u0165. Ale e\u0161te menej sa odp\u00fa\u0161\u0165a svedomie.<\/p>\n<p>Jaroslav Na\u010f sa rozhodol kona\u0165 pod\u013ea presved\u010denia. A preto mus\u00ed by\u0165 potrestan\u00fd \u2013 nie preto, \u010do urobil, ale preto, \u010do symbolizuje. Lebo k\u00fdm on daroval, oni pred\u00e1vaj\u00fa. A to sa jednoducho neodp\u00fa\u0161\u0165a.<\/p>\n","protected":false},"excerpt":{"rendered":"<p>Zmena \u00fastavy sa nekon\u00e1, defin\u00edcia mu\u017ea a \u017eeny sa odklad\u00e1 na september \u2013 a vl\u00e1da potrebuje kauzu. Nie hocijak\u00fa. Mus\u00ed to by\u0165 nie\u010do, \u010do zamestn\u00e1 m\u00e9di\u00e1, rozhnev\u00e1 davy a prehlu\u0161\u00ed, \u017ee sa vlastne ni\u010d nerob\u00ed. A tak si to op\u00e4\u0165 odniesol star\u00fd zn\u00e1my ter\u010d: Jaroslav Na\u010f. Nie je to len vendeta. Je to aj divadlo. [&hellip;]<\/p>\n","protected":false},"author":1,"featured_media":0,"comment_status":"closed","ping_status":"open","sticky":false,"template":"","format":"standard","meta":{"footnotes":""},"categories":[5],"tags":[],"class_list":["post-30642","post","type-post","status-publish","format-standard","hentry","category-exo-news"],"_links":{"self":[{"href":"https:\/\/extraslovensko.sk\/spravy\/wp-json\/wp\/v2\/posts\/30642","targetHints":{"allow":["GET"]}}],"collection":[{"href":"https:\/\/extraslovensko.sk\/spravy\/wp-json\/wp\/v2\/posts"}],"about":[{"href":"https:\/\/extraslovensko.sk\/spravy\/wp-json\/wp\/v2\/types\/post"}],"author":[{"embeddable":true,"href":"https:\/\/extraslovensko.sk\/spravy\/wp-json\/wp\/v2\/users\/1"}],"replies":[{"embeddable":true,"href":"https:\/\/extraslovensko.sk\/spravy\/wp-json\/wp\/v2\/comments?post=30642"}],"version-history":[{"count":1,"href":"https:\/\/extraslovensko.sk\/spravy\/wp-json\/wp\/v2\/posts\/30642\/revisions"}],"predecessor-version":[{"id":30643,"href":"https:\/\/extraslovensko.sk\/spravy\/wp-json\/wp\/v2\/posts\/30642\/revisions\/30643"}],"wp:attachment":[{"href":"https:\/\/extraslovensko.sk\/spravy\/wp-json\/wp\/v2\/media?parent=30642"}],"wp:term":[{"taxonomy":"category","embeddable":true,"href":"https:\/\/extraslovensko.sk\/spravy\/wp-json\/wp\/v2\/categories?post=30642"},{"taxonomy":"post_tag","embeddable":true,"href":"https:\/\/extraslovensko.sk\/spravy\/wp-json\/wp\/v2\/tags?post=30642"}],"curies":[{"name":"wp","href":"https:\/\/api.w.org\/{rel}","templated":true}]}}