{"id":30644,"date":"2025-06-18T13:00:13","date_gmt":"2025-06-18T13:00:13","guid":{"rendered":"https:\/\/extraslovensko.sk\/spravy\/?p=30644"},"modified":"2025-06-18T13:00:13","modified_gmt":"2025-06-18T13:00:13","slug":"kauza-nad-vymysleny-hriech-namiesto-realnej-prace-vlady","status":"publish","type":"post","link":"https:\/\/extraslovensko.sk\/spravy\/kauza-nad-vymysleny-hriech-namiesto-realnej-prace-vlady\/","title":{"rendered":"Kauza Na\u010f: Vymyslen\u00fd hriech namiesto re\u00e1lnej pr\u00e1ce vl\u00e1dy"},"content":{"rendered":"<p>Jaroslav Na\u010f ako minister obrany daroval vojensk\u00fd materi\u00e1l Ukrajine. Nebolo to jeho s\u00fakromn\u00e9 rozhodnutie \u2013 i\u0161lo o rozhodnutie vl\u00e1dy v \u010dase, ke\u010f sa desiatky kraj\u00edn mobilizovali na pomoc napadnut\u00e9mu \u0161t\u00e1tu. Bol to medzin\u00e1rodn\u00fd \u0161tandard, nie v\u00fdstrelok. Ale dnes je z toho vykreslen\u00fd zlo\u010din.<\/p>\n<p>Nie preto, \u017ee by i\u0161lo o poru\u0161enie z\u00e1kona \u2013 ten poru\u0161en\u00fd nebol. Nie preto, \u017ee by to po\u0161kodilo Slovensko \u2013 naopak, Slovensko sa vtedy v o\u010diach spojencov profilovalo ako solid\u00e1rna a hodnotovo \u010ditate\u013en\u00e1 krajina.<\/p>\n<p>Ale preto, \u017ee niekto potrebuje nepriate\u013ea.<\/p>\n<h1>Jaroslav Na\u010f ako minister obrany<\/h1>\n<p>Ke\u010f vl\u00e1da nem\u00e1 \u010do uk\u00e1za\u0165, vytiahne star\u00e9ho nepriate\u013ea.<br \/>\nKe\u010f nepriate\u013e u\u0161iel do Kanady, je to e\u0161te lep\u0161ie \u2013 nem\u00f4\u017ee sa br\u00e1ni\u0165.<br \/>\nA ke\u010f ste si u\u017e vytvorili paraleln\u00fd vesm\u00edr vlastnej pravdy, nemus\u00edte dokazova\u0165 ni\u010d.<\/p>\n<p>Tak vznik\u00e1 kauza Na\u010f. Nie ako skuto\u010dn\u00fd probl\u00e9m \u0161t\u00e1tu, ale ako maskovacia dymovnica v \u010dase, ke\u010f sa ukazuje, \u017ee vl\u00e1da nevie naplni\u0165 vlastn\u00fd program, a ve\u013ek\u00e9 s\u013euby sa pos\u00favaj\u00fa na \u201epo lete\u201c. Zmena \u00fastavy? Ni\u010d. Defin\u00edcia mu\u017ea a \u017eeny? Vraj september. Reforma \u0161t\u00e1tu? Iba ak cez PR oddelenie.<\/p>\n<p>Ale na odvedenie pozornosti posl\u00fa\u017ei vymyslen\u00fd hriech z minulosti.<\/p>\n<p>A zatia\u013e&#8230; pred\u00e1vame<\/p>\n<blockquote><p>Absurdnos\u0165 celej veci e\u0161te viac zv\u00fdraz\u0148uje fakt, \u017ee t\u00e1 ist\u00e1 vl\u00e1da, ktor\u00e1 teraz stra\u0161\u00ed Na\u010fom, pred\u00e1va zbrane Ukrajine \u010falej. <\/p><\/blockquote>\n<p>U\u017e nie ako prejav solidarity, ale ako obchod. Racion\u00e1lny, dobre zaplaten\u00fd, \u0161t\u00e1tom riaden\u00fd predaj.<\/p>\n<p>Zbrane teda nie s\u00fa probl\u00e9m. Probl\u00e9m je, ak ich niekto daroval.<\/p>\n<p>Lebo kto daruje, neprin\u00e1\u0161a zisk. A v prostred\u00ed, kde sa politika meria po\u010dtom z\u00e1kaziek a d\u013a\u017ekou klientelistick\u00fdch re\u0165azcov, je pr\u00e1ve to najv\u00e4\u010d\u0161ia vina.<\/p>\n<p>Lex Pomsta<\/p>\n<p>Trestn\u00e9 ozn\u00e1menia, v\u00fdzvy na st\u00edhanie, re\u010di o vlastizrade. V\u0161etko bez d\u00f4kazov, bez pr\u00e1vneho r\u00e1mca, \u010disto na efekt. Je to lex pomsta, nie pr\u00e1vny \u0161t\u00e1t. Niektor\u00ed politici sa spr\u00e1vaj\u00fa, ako keby mali osobn\u00fd zoznam, ktor\u00fd si denne \u0161krtaj\u00fa: \u201eTohto sme u\u017e zni\u010dili, tento e\u0161te zost\u00e1va.\u201c<\/p>\n<p>Je to politika odplaty, nie spravodlivosti. A z\u00e1rove\u0148 aj jednoduch\u00fd trik: zatieni\u0165 neschopnos\u0165 vl\u00e1dnu\u0165 \u00fatokom na niekoho, kto u\u017e ani nie je s\u00fa\u010das\u0165ou politickej sc\u00e9ny.<\/p>\n<p>Hranice \u0161t\u00e1tneho n\u00e1tlaku<\/p>\n<p>\u010co vlastne hovor\u00ed kauza Na\u010f o na\u0161ej krajine?<\/p>\n<p>\u2013 \u017de verejn\u00e1 slu\u017eba sa m\u00f4\u017ee sp\u00e4tne pou\u017ei\u0165 ako d\u00f4kaz proti v\u00e1m.<br \/>\n\u2013 \u017de pomoc v \u010dase vojny m\u00f4\u017ee by\u0165 ozna\u010den\u00e1 za vlastizradu, ak sa zmen\u00ed vl\u00e1da.<br \/>\n\u2013 A \u017ee v mor\u00e1lne zm\u00e4tenej spolo\u010dnosti sa v\u017edy n\u00e1jde d\u00f4vod potresta\u0165 t\u00fdch, ktor\u00ed nechceli zarobi\u0165.<\/p>\n<p>Ak \u0161t\u00e1t za\u010d\u00edna prenasledova\u0165 \u013eud\u00ed nie za zlo\u010diny, ale za symboly ich \u010dinov, vstupujeme do \u00e9ry, kde u\u017e nejde o spravodlivos\u0165 \u2013 ide o v\u00fdchovu verejnosti. Kto posl\u00facha, m\u00e1 pokoj.<em> Kto vy\u010dnieva, bude exempl\u00e1rne potrestan\u00fd.<\/em><\/p>\n<p>Z\u00e1ver<\/p>\n<p>Kauza Na\u010f nie je o Na\u010fovi. Je to o n\u00e1s v\u0161etk\u00fdch.<br \/>\nO tom, \u010di e\u0161te dok\u00e1\u017eeme rozl\u00ed\u0161i\u0165 zlo od oby\u010dajn\u00e9ho politick\u00e9ho divadla.<br \/>\nO tom, \u010di sme si u\u017e zvykli na to, \u017ee \u0161t\u00e1t prenasleduje \u013eud\u00ed nie pre to, \u010do ukradli, ale pre to, \u017ee konali bez zisku.<\/p>\n<p>A hlavne o tom, ako ve\u013emi je vl\u00e1da ochotn\u00e1 zamestn\u00e1va\u0165 verejnos\u0165 pseudokauzami, ke\u010f sama nedok\u00e1\u017ee prinies\u0165 ni\u010d okrem pr\u00e1zdnych hesiel a teatr\u00e1lneho revu.<\/p>\n","protected":false},"excerpt":{"rendered":"<p>Jaroslav Na\u010f ako minister obrany daroval vojensk\u00fd materi\u00e1l Ukrajine. Nebolo to jeho s\u00fakromn\u00e9 rozhodnutie \u2013 i\u0161lo o rozhodnutie vl\u00e1dy v \u010dase, ke\u010f sa desiatky kraj\u00edn mobilizovali na pomoc napadnut\u00e9mu \u0161t\u00e1tu. Bol to medzin\u00e1rodn\u00fd \u0161tandard, nie v\u00fdstrelok. Ale dnes je z toho vykreslen\u00fd zlo\u010din. Nie preto, \u017ee by i\u0161lo o poru\u0161enie z\u00e1kona \u2013 ten poru\u0161en\u00fd nebol. [&hellip;]<\/p>\n","protected":false},"author":1,"featured_media":0,"comment_status":"closed","ping_status":"open","sticky":false,"template":"","format":"standard","meta":{"footnotes":""},"categories":[5],"tags":[],"class_list":["post-30644","post","type-post","status-publish","format-standard","hentry","category-exo-news"],"_links":{"self":[{"href":"https:\/\/extraslovensko.sk\/spravy\/wp-json\/wp\/v2\/posts\/30644","targetHints":{"allow":["GET"]}}],"collection":[{"href":"https:\/\/extraslovensko.sk\/spravy\/wp-json\/wp\/v2\/posts"}],"about":[{"href":"https:\/\/extraslovensko.sk\/spravy\/wp-json\/wp\/v2\/types\/post"}],"author":[{"embeddable":true,"href":"https:\/\/extraslovensko.sk\/spravy\/wp-json\/wp\/v2\/users\/1"}],"replies":[{"embeddable":true,"href":"https:\/\/extraslovensko.sk\/spravy\/wp-json\/wp\/v2\/comments?post=30644"}],"version-history":[{"count":1,"href":"https:\/\/extraslovensko.sk\/spravy\/wp-json\/wp\/v2\/posts\/30644\/revisions"}],"predecessor-version":[{"id":30645,"href":"https:\/\/extraslovensko.sk\/spravy\/wp-json\/wp\/v2\/posts\/30644\/revisions\/30645"}],"wp:attachment":[{"href":"https:\/\/extraslovensko.sk\/spravy\/wp-json\/wp\/v2\/media?parent=30644"}],"wp:term":[{"taxonomy":"category","embeddable":true,"href":"https:\/\/extraslovensko.sk\/spravy\/wp-json\/wp\/v2\/categories?post=30644"},{"taxonomy":"post_tag","embeddable":true,"href":"https:\/\/extraslovensko.sk\/spravy\/wp-json\/wp\/v2\/tags?post=30644"}],"curies":[{"name":"wp","href":"https:\/\/api.w.org\/{rel}","templated":true}]}}