{"id":30646,"date":"2025-06-18T13:11:23","date_gmt":"2025-06-18T13:11:23","guid":{"rendered":"https:\/\/extraslovensko.sk\/spravy\/?p=30646"},"modified":"2025-06-18T13:11:23","modified_gmt":"2025-06-18T13:11:23","slug":"duch-cloveka-nepodlieha-casu-muz-a-zena-sa-odklada","status":"publish","type":"post","link":"https:\/\/extraslovensko.sk\/spravy\/duch-cloveka-nepodlieha-casu-muz-a-zena-sa-odklada\/","title":{"rendered":"Duch \u010dloveka nepodlieha \u010dasu, mu\u017e a \u017eena sa odklad\u00e1"},"content":{"rendered":"<p>Duch \u010dloveka nepodlieha \u010dasu. To, \u010do n\u00e1s najdlh\u0161ie des\u00ed, je v\u017edy to, \u010do nepozn\u00e1me. Zd\u00e1 sa, \u017ee defin\u00edcia mu\u017ea a \u017eeny v \u00fastave potrebuje dlh\u0161ie zrie\u0165 ako v\u00edno. Po mesiacoch vyhlasovania, \u017ee &#8220;to je priorita \u010d\u00edslo jeden&#8221;, n\u00e1m vl\u00e1dna garnit\u00fara ozn\u00e1mila, \u017ee sa tento k\u013e\u00fa\u010dov\u00fd z\u00e1pis odklad\u00e1 na september. Nie preto, \u017ee by nebol pripraven\u00fd, ale preto, \u017ee&#8230; vlastne pre\u010do?<\/p>\n<h1>Duch \u010dloveka nepodlieha \u010dasu, mu\u017e a \u017eena sa odklad\u00e1<\/h1>\n<p>Nie\u010do medzi &#8220;nem\u00e1me \u010das&#8221; a &#8220;nie je to \u00faplne naliehav\u00e9&#8221;.<br \/>\nA medzi riadkami: \u201e\u013dudia, pros\u00edm v\u00e1s, neotravujte, m\u00e1me d\u00f4le\u017eitej\u0161ie kauzy \u2013 napr\u00edklad Nah\u00e1\u0148a\u010dku Na\u010fa.\u201d<\/p>\n<p>Nech \u017eije duch \u2013 len nech nie je v \u00fastave<br \/>\nNa chv\u00ed\u013eu si pripome\u0148me, \u010do sa s\u013eubovalo:<br \/>\n\u2013 \u017ee u\u017e kone\u010dne \u201eochr\u00e1nime tradi\u010dn\u00e9 hodnoty\u201c,<br \/>\n\u2013 \u017ee \u201egender aktivisti\u201c nebud\u00fa \u201ediktova\u0165 biol\u00f3giu\u201c,<br \/>\n\u2013 \u017ee raz a nav\u017edy bude nap\u00edsan\u00e9 \u010dierne na bielom, kto je mu\u017e a kto \u017eena.<\/p>\n<p>Len\u017ee \u010do sa nestalo? Term\u00edn sa pos\u00fava. A to napriek tomu, \u017ee definovanie pohlavia vraj malo by\u0165 tak\u00e9 jednoduch\u00e9. Ve\u010f predsa: \u201eMu\u017e m\u00e1 penis a \u017eena m\u00e1 maternicu.\u201c (Tak to aspo\u0148 hovor\u00ed politick\u00e1 anat\u00f3mia.)<\/p>\n<p>Tak pre\u010do to nejde nap\u00edsa\u0165 do \u00fastavy?<\/p>\n<p>Mo\u017eno preto, \u017ee realita je komplikovanej\u0161ia ako status na Facebooku.<br \/>\nA mo\u017eno preto, \u017ee ke\u010f sa strach z nezn\u00e1meho zneu\u017e\u00edva pr\u00edli\u0161 dlho, za\u010dne sa opotrebov\u00e1va\u0165.<\/p>\n<h2>Ke\u010f nepozn\u00e1\u0161 nepriate\u013ea, vytvor si ho<\/h2>\n<p>Pravda je tak\u00e1, \u017ee vl\u00e1dni strat\u00e9govia potrebuj\u00fa nepriate\u013ea.<br \/>\nKedysi to boli migranti. Potom &#8220;liber\u00e1li&#8221;. Nesk\u00f4r vakc\u00edny, potom Ukrajina, Brusel, OSN, E\u00da, mimovl\u00e1dky, umelci a&#8230; mu\u017e v sukniach.<\/p>\n<p>Ale aj najv\u00e4\u010d\u0161ia rozpr\u00e1vka sa raz opozer\u00e1.<br \/>\nA tak tu m\u00e1me vle\u010d\u00faci sa pr\u00edbeh o tom, ako mu\u017e m\u00e1 by\u0165 mu\u017e a \u017eena m\u00e1 by\u0165 \u017eena, ale nevieme, kedy to vlastne stihneme uz\u00e1koni\u0165.<br \/>\nNajsk\u00f4r treba nah\u00e1\u0148a\u0165 exministrov, schva\u013eova\u0165 v\u00fdnimky pre kamar\u00e1tske tendre a hlavne \u2013 tv\u00e1ri\u0165 sa suver\u00e9nne pred voli\u010dmi.<\/p>\n<p>Zatia\u013e \u010do duch \u010dloveka nepodlieha \u010dasu, defin\u00edcia pohlavia je o\u010dividne ve\u013emi krehk\u00e1. Potrebuje e\u0161te dozrie\u0165. A mo\u017eno sa do septembra e\u0161te zmen\u00ed aj n\u00e1zov ministerstva.<\/p>\n<p>Kto sa vlastne boj\u00ed?<\/p>\n<p>Hovor\u00ed sa, \u017ee najsilnej\u0161\u00edm strachom je strach z nezn\u00e1meho.<br \/>\nA pr\u00e1ve to je prav\u00fd d\u00f4vod celej tejto ideologickej paniky. Nie s\u00fa to transrodov\u00ed \u013eudia, \u010do ohrozuj\u00fa spolo\u010dnos\u0165. To spolo\u010dnos\u0165 sa boj\u00ed vlastnej neistoty. Boj\u00ed sa toho, \u010do nepozn\u00e1, \u010do nevid\u00ed ka\u017ed\u00fd de\u0148, \u010do nevie za\u0161katu\u013ekova\u0165 do \u0161kolsk\u00fdch pou\u010diek.<\/p>\n<p>Len\u017ee nezn\u00e1me nezmizne t\u00fdm, \u017ee ho zakopeme do \u00fastavy.<br \/>\nTo len n\u00e1dejnej\u0161\u00ed voli\u010di z\u00edskaj\u00fa pocit, \u017ee niekto \u201erob\u00ed poriadok\u201c. A o to v skuto\u010dnosti ide.<\/p>\n<p>Duch pre\u017eije, \u00fastava vydr\u017e\u00ed<\/p>\n<p>Tak\u017ee nie, v septembri sa nestane z\u00e1zrak. Mo\u017eno prejde novela, mo\u017eno nie. Ale jedno je ist\u00e9 \u2013 ten, kto potrebuje vlastn\u00fa identitu potvrdzova\u0165 cez z\u00e1kony, si nie je celkom ist\u00fd ani sebou.<\/p>\n<p>Duch \u010dloveka, povedzme si na z\u00e1ver, nepotrebuje \u00fastavn\u00fd paragraf, aby vedel, k\u00fdm je. A najv\u00e4\u010d\u0161\u00ed strach nevznik\u00e1 zo skuto\u010dn\u00fdch hrozieb, ale z n\u00e1\u0161ho vn\u00fatorn\u00e9ho chaosu.<\/p>\n<p>A ten zatia\u013e \u017eiadna vl\u00e1da nevyrie\u0161ila. Ani t\u00e1, \u010do si ho pestuje ako volebn\u00fa strat\u00e9giu.<\/p>\n","protected":false},"excerpt":{"rendered":"<p>Duch \u010dloveka nepodlieha \u010dasu. To, \u010do n\u00e1s najdlh\u0161ie des\u00ed, je v\u017edy to, \u010do nepozn\u00e1me. Zd\u00e1 sa, \u017ee defin\u00edcia mu\u017ea a \u017eeny v \u00fastave potrebuje dlh\u0161ie zrie\u0165 ako v\u00edno. Po mesiacoch vyhlasovania, \u017ee &#8220;to je priorita \u010d\u00edslo jeden&#8221;, n\u00e1m vl\u00e1dna garnit\u00fara ozn\u00e1mila, \u017ee sa tento k\u013e\u00fa\u010dov\u00fd z\u00e1pis odklad\u00e1 na september. Nie preto, \u017ee by nebol pripraven\u00fd, [&hellip;]<\/p>\n","protected":false},"author":1,"featured_media":0,"comment_status":"closed","ping_status":"open","sticky":false,"template":"","format":"standard","meta":{"footnotes":""},"categories":[5],"tags":[],"class_list":["post-30646","post","type-post","status-publish","format-standard","hentry","category-exo-news"],"_links":{"self":[{"href":"https:\/\/extraslovensko.sk\/spravy\/wp-json\/wp\/v2\/posts\/30646","targetHints":{"allow":["GET"]}}],"collection":[{"href":"https:\/\/extraslovensko.sk\/spravy\/wp-json\/wp\/v2\/posts"}],"about":[{"href":"https:\/\/extraslovensko.sk\/spravy\/wp-json\/wp\/v2\/types\/post"}],"author":[{"embeddable":true,"href":"https:\/\/extraslovensko.sk\/spravy\/wp-json\/wp\/v2\/users\/1"}],"replies":[{"embeddable":true,"href":"https:\/\/extraslovensko.sk\/spravy\/wp-json\/wp\/v2\/comments?post=30646"}],"version-history":[{"count":1,"href":"https:\/\/extraslovensko.sk\/spravy\/wp-json\/wp\/v2\/posts\/30646\/revisions"}],"predecessor-version":[{"id":30647,"href":"https:\/\/extraslovensko.sk\/spravy\/wp-json\/wp\/v2\/posts\/30646\/revisions\/30647"}],"wp:attachment":[{"href":"https:\/\/extraslovensko.sk\/spravy\/wp-json\/wp\/v2\/media?parent=30646"}],"wp:term":[{"taxonomy":"category","embeddable":true,"href":"https:\/\/extraslovensko.sk\/spravy\/wp-json\/wp\/v2\/categories?post=30646"},{"taxonomy":"post_tag","embeddable":true,"href":"https:\/\/extraslovensko.sk\/spravy\/wp-json\/wp\/v2\/tags?post=30646"}],"curies":[{"name":"wp","href":"https:\/\/api.w.org\/{rel}","templated":true}]}}