{"id":30648,"date":"2025-06-18T13:21:37","date_gmt":"2025-06-18T13:21:37","guid":{"rendered":"https:\/\/extraslovensko.sk\/spravy\/?p=30648"},"modified":"2025-06-18T13:21:37","modified_gmt":"2025-06-18T13:21:37","slug":"slovenska-neutralita-predame-ti-zbran-ale-my-sa-tvarime-ze-sme-v-klastore","status":"publish","type":"post","link":"https:\/\/extraslovensko.sk\/spravy\/slovenska-neutralita-predame-ti-zbran-ale-my-sa-tvarime-ze-sme-v-klastore\/","title":{"rendered":"Slovensk\u00e1 neutralita: Pred\u00e1me ti zbra\u0148, ale my sa tv\u00e1rime, \u017ee sme v kl\u00e1\u0161tore"},"content":{"rendered":"<p>Neutralita. Slovo, ktor\u00e9 znie tak pokojne, a\u017e by ste si mysleli, \u017ee Slovensko sa chyst\u00e1 transformova\u0165 na tibetsk\u00fd chr\u00e1m. Aspo\u0148 pod\u013ea najnov\u0161ej politickej m\u00f3dy p\u00e1na Fica a jeho dru\u017einy, ktor\u00e1 objavila nov\u00fd sv\u00e4t\u00fd gr\u00e1l: \u201eVyst\u00fapime z vojensk\u00e9ho konfliktu! Budeme neutr\u00e1lni! Ako \u0160vaj\u010diarsko! Ale s raketometom!\u201c<\/p>\n<h1>Slovensk\u00e1 neutralita: Pred\u00e1me ti zbra\u0148<\/h1>\n<p>\u010c\u00edtate spr\u00e1vne. Sme za mier, ale zbrane pred\u00e1me ka\u017ed\u00e9mu, kto zaplat\u00ed.<br \/>\nTo je toti\u017e slovensk\u00e1 verzia neutrality 21. storo\u010dia. Nie\u010do medzi Braz\u00edliou, Bieloruskom a Bazo\u0161om na zbrane.<\/p>\n<p>Vyst\u00fapi\u0165 z konfliktu, ale zosta\u0165 v zbroji<\/p>\n<p>Premi\u00e9r Robert Fico s tragick\u00fdm v\u00fdrazom hovor\u00ed o \u201eneutralite\u201c, \u201emierotvornej politike\u201c a potrebe \u201eneza\u0165ahova\u0165 Slovensko do cudz\u00edch sporov\u201c. Je to dojemn\u00e9. Takmer ako keby sa chystal postavi\u0165 sochu Matky Mieru pred ministerstvom obrany.<\/p>\n<p>Ale v pozad\u00ed sa deje nie\u010do \u00faplne in\u00e9:<\/p>\n<p>Zbrane sa pred\u00e1vaj\u00fa \u010falej.<br \/>\nMun\u00edcia ide cez \u0161t\u00e1tne podniky.<br \/>\nObchodn\u00e9 z\u00e1kazky s Ukrajinou, Afrikou \u010di \u00c1ziou pokra\u010duj\u00fa.<br \/>\nA zbroj\u00e1rsky priemysel m\u00e1 zelen\u00fa. (Ve\u010f s\u00fa to pracovn\u00e9 miesta, \u017ee \u00e1no.)<\/p>\n<p>Tak\u017ee ak tomu spr\u00e1vne rozumieme: sme neutr\u00e1lni, ale ak si k\u00fapite n\u00e1\u0161 m\u00ednomet, radi v\u00e1m ho zabal\u00edme s logom &#8220;Made in Slovakia&#8221;.<\/p>\n<p>Slovensko \u2013 krajina \u0161tyroch svetov\u00fdch zbran\u00ed<\/p>\n<p>Na\u0161e zbrane putuj\u00fa do kraj\u00edn, kde sa ob\u010dianske vojny mie\u0161aj\u00fa s diktat\u00farami, niektor\u00e9 kon\u010dia v konfliktoch, kde sa p\u00e1chaj\u00fa vojnov\u00e9 zlo\u010diny \u2013 ale to je v poriadku. Lebo tam sme &#8220;len obchodn\u00ed partneri&#8221;.<\/p>\n<p>Ale ke\u010f niekto z predo\u0161lej vl\u00e1dy daroval nieko\u013eko syst\u00e9mov Ukrajine po\u010das inv\u00e1zie, bol to &#8220;vlastizradca&#8221;.<br \/>\nZar\u00e1ba\u0165 na zbraniach \u2013 to je vlastenectvo.<br \/>\nPom\u00f4c\u0165 napadnut\u00e9mu \u0161t\u00e1tu \u2013 to je provok\u00e1cia.<\/p>\n<p>To je logika svetov\u00fdch str\u00e1n pod\u013ea Roberta Fica.<br \/>\nNa sever pred\u00e1me zbrane. Na juh povieme, \u017ee sme mierumilovn\u00ed. Na v\u00fdchode sa tv\u00e1rime, \u017ee sme neutr\u00e1lni. A na z\u00e1pade po\u017eiadame o eurofondy.<\/p>\n<p>Nato? Nenato? Hlavne nech je z toho video<\/p>\n<p>A tak tu m\u00e1me \u010fal\u0161\u00ed Ficov rozporupln\u00fd majster\u0161tyk:<br \/>\n\u2013 V NATO zosta\u0165, ale neplni\u0165 z\u00e1v\u00e4zky.<br \/>\n\u2013 Z\u00fa\u010dast\u0148ova\u0165 sa, ale nerobi\u0165 ni\u010d.<br \/>\n\u2013 By\u0165 \u010dlenom aliancie, ale tv\u00e1ri\u0165 sa, \u017ee sme \u0161vaj\u010diarsky alobal.<\/p>\n<p>Ale pozor, ke\u010f niekto povie \u201evyst\u00fapme z NATO\u201c, neznamen\u00e1 to, \u017ee sa to aj stane.<br \/>\nTo je len zvukov\u00e1 kulisa pre voli\u010da z regi\u00f3nu.<br \/>\nNie\u010do ako \u201eteraz v\u00e1m uk\u00e1\u017eem, kto je p\u00e1n\u201c, zatia\u013e \u010do minister hospod\u00e1rstva podpisuje nov\u00e9 dod\u00e1vky vojenskej techniky.<\/p>\n<p>Z\u00e1ver: Vojna nie je biznis. Iba ke\u010f sa to nepred\u00e1va.<\/p>\n<p>Slovensk\u00e1 neutralita je ako vegetari\u00e1n, ktor\u00fd pred\u00e1va sal\u00e1mu \u2013<br \/>\ns\u00e1m si z nej neodkusne, ale zato ju rozre\u017ee do perfektn\u00fdch pl\u00e1tkov pre ka\u017ed\u00e9ho z\u00e1kazn\u00edka.<\/p>\n<p>Ak by sme boli skuto\u010dne neutr\u00e1lni, nepred\u00e1vali by sme zbrane.<br \/>\nAk by sme boli naozaj mierotvorcovia, zastavili by sme obchod so smr\u0165ou.<\/p>\n<p>Ale namiesto toho rob\u00edme to, \u010do n\u00e1m ide najlep\u0161ie: tv\u00e1rime sa mor\u00e1lne, zar\u00e1bame amor\u00e1lne a kr\u00fatime sa medzi svetov\u00fdmi stranami ako vietor vo vl\u00e1dnom ventil\u00e1tore.<\/p>\n","protected":false},"excerpt":{"rendered":"<p>Neutralita. Slovo, ktor\u00e9 znie tak pokojne, a\u017e by ste si mysleli, \u017ee Slovensko sa chyst\u00e1 transformova\u0165 na tibetsk\u00fd chr\u00e1m. Aspo\u0148 pod\u013ea najnov\u0161ej politickej m\u00f3dy p\u00e1na Fica a jeho dru\u017einy, ktor\u00e1 objavila nov\u00fd sv\u00e4t\u00fd gr\u00e1l: \u201eVyst\u00fapime z vojensk\u00e9ho konfliktu! Budeme neutr\u00e1lni! Ako \u0160vaj\u010diarsko! Ale s raketometom!\u201c Slovensk\u00e1 neutralita: Pred\u00e1me ti zbra\u0148 \u010c\u00edtate spr\u00e1vne. Sme za mier, [&hellip;]<\/p>\n","protected":false},"author":1,"featured_media":0,"comment_status":"closed","ping_status":"open","sticky":false,"template":"","format":"standard","meta":{"footnotes":""},"categories":[5],"tags":[],"class_list":["post-30648","post","type-post","status-publish","format-standard","hentry","category-exo-news"],"_links":{"self":[{"href":"https:\/\/extraslovensko.sk\/spravy\/wp-json\/wp\/v2\/posts\/30648","targetHints":{"allow":["GET"]}}],"collection":[{"href":"https:\/\/extraslovensko.sk\/spravy\/wp-json\/wp\/v2\/posts"}],"about":[{"href":"https:\/\/extraslovensko.sk\/spravy\/wp-json\/wp\/v2\/types\/post"}],"author":[{"embeddable":true,"href":"https:\/\/extraslovensko.sk\/spravy\/wp-json\/wp\/v2\/users\/1"}],"replies":[{"embeddable":true,"href":"https:\/\/extraslovensko.sk\/spravy\/wp-json\/wp\/v2\/comments?post=30648"}],"version-history":[{"count":1,"href":"https:\/\/extraslovensko.sk\/spravy\/wp-json\/wp\/v2\/posts\/30648\/revisions"}],"predecessor-version":[{"id":30649,"href":"https:\/\/extraslovensko.sk\/spravy\/wp-json\/wp\/v2\/posts\/30648\/revisions\/30649"}],"wp:attachment":[{"href":"https:\/\/extraslovensko.sk\/spravy\/wp-json\/wp\/v2\/media?parent=30648"}],"wp:term":[{"taxonomy":"category","embeddable":true,"href":"https:\/\/extraslovensko.sk\/spravy\/wp-json\/wp\/v2\/categories?post=30648"},{"taxonomy":"post_tag","embeddable":true,"href":"https:\/\/extraslovensko.sk\/spravy\/wp-json\/wp\/v2\/tags?post=30648"}],"curies":[{"name":"wp","href":"https:\/\/api.w.org\/{rel}","templated":true}]}}