{"id":30656,"date":"2025-06-18T17:23:45","date_gmt":"2025-06-18T17:23:45","guid":{"rendered":"https:\/\/extraslovensko.sk\/spravy\/?p=30656"},"modified":"2025-06-18T17:23:45","modified_gmt":"2025-06-18T17:23:45","slug":"sudca-si-zasluzi-dochodok-hlavne-ak-vie-koho-nema-sudit","status":"publish","type":"post","link":"https:\/\/extraslovensko.sk\/spravy\/sudca-si-zasluzi-dochodok-hlavne-ak-vie-koho-nema-sudit\/","title":{"rendered":"Sudca si zasl\u00fa\u017ei d\u00f4chodok. Hlavne ak vie, koho nem\u00e1 s\u00fadi\u0165"},"content":{"rendered":"<p>Tibor Ga\u0161par (Smer-SD): \u201eD\u00e1my a p\u00e1ni, m\u00e9di\u00e1, ob\u010dianska spolo\u010dnos\u0165 a t\u00ed traja aktivisti, \u010do mi st\u00e1le p\u00ed\u0161u do koment\u00e1rov&#8230; Dnes som si pripravil vyhl\u00e1senie, ktor\u00e9 bude kr\u00e1tke, m\u00fadre a spravodliv\u00e9 \u2013 ako sudca vo v\u00fdslu\u017ebe, ktor\u00fd vie, komu \u010do podp\u00edsa\u0165.<\/p>\n<h1>Sudca si zasl\u00fa\u017ei d\u00f4chodok<\/h1>\n<p>Chcem jasne poveda\u0165, \u017ee nov\u00fd n\u00e1vrh oh\u013eadom s\u00fadnictva nebude len tak\u00fd hocijak\u00fd bal\u00edk reformy. Chcem, aby sa tam presadili d\u00f4chodky pre sudcov. Lebo sudca, \u010do sa raz nau\u010d\u00ed dr\u017ea\u0165 hubu, si zasl\u00fa\u017ei, aby z toho \u017eil a\u017e do smrti. A jeho deti tie\u017e.<\/p>\n<p>Nie je to len tak. V dne\u0161nej dobe si sudca u\u017e ani nie je ist\u00fd, \u010di sa mu oplat\u00ed niekoho neods\u00fadi\u0165. Ale ak vie, \u017ee ho po kari\u00e9re \u010dak\u00e1 kr\u00e1sna renta \u2013 hne\u010f sa mu lep\u0161ie v\u00e1\u017ei paragrafy.<\/p>\n<p>(Pozrie sa v\u00fdznamne do kamier.)<\/p>\n<p>Navy\u0161e, ak to m\u00f4\u017eeme urobi\u0165 pre gener\u00e1lneho prokur\u00e1tora, pre\u010do by sme to neurobili aj pre sudcov? Ve\u010f t\u00ed robia \u0165a\u017ek\u00fa pr\u00e1cu! Musia \u010d\u00edta\u0165, prem\u00fd\u0161\u013ea\u0165, niekedy aj predstiera\u0165 nez\u00e1vislos\u0165. To nie je sranda. A ke\u010f pr\u00edde politick\u00fd tlak \u2013 treba sa vedie\u0165 elegantne uh\u00fdba\u0165. Aj to je umenie.<\/p>\n<p>(Pauza. Pokra\u010duje v\u00e1\u017enej\u0161\u00edm t\u00f3nom.)<\/p>\n<p>Preto predklad\u00e1m n\u00e1vrh: Z\u00e1kon o zasl\u00fa\u017een\u00fdch d\u00f4chodkoch pre disciplinovan\u00fdch sudcov. Kto neotravuje, nekomplikuje a rozhoduje pod\u013ea potrieb \u0161t\u00e1tu, ten bude ma\u0165 bonusov\u00fd koeficient. Nie\u010do ako kreditn\u00fd syst\u00e9m loajality. Za ka\u017ed\u00e9 rozhodnutie, ktor\u00e9 roz\u010d\u00fali opoz\u00edciu \u2013 bod\u00edk naviac!<\/p>\n<p>A teraz k lietadl\u00e1m. Ja som s\u00edce neletel MIG-29, ale videl som dokument. A poviem v\u00e1m jedno: \u010do nepatr\u00ed Ukrajine, nem\u00e1 \u00eds\u0165 Ukrajine. Tak hovor\u00ed logika, zdrav\u00fd rozum, a mo\u017eno aj nejak\u00fd paragraf \u2013 e\u0161te ho h\u013ead\u00e1me. Na\u010f tvrd\u00ed, \u017ee to bola pomoc, ja tvrd\u00edm, \u017ee to bol akt leteckej \u013eahkov\u00e1\u017enosti. A za leteck\u00fa \u013eahkov\u00e1\u017enos\u0165 m\u00e1me v trestnom pr\u00e1ve paragraf. Ak nie \u2013 vytvor\u00edme.<\/p>\n<p>(Povzdychne si a mierne sa usmeje.)<\/p>\n<p>A aby som nezabudol: ak sudca nem\u00e1 penziu, bude sa b\u00e1\u0165 rozhodova\u0165. A ke\u010f sa bude b\u00e1\u0165 rozhodova\u0165, rozsudok nebude tak\u00fd, ako m\u00e1 by\u0165. A ke\u010f rozsudok nebude tak\u00fd, ako m\u00e1 by\u0165 \u2013 bud\u00fa sa zasa v novin\u00e1ch p\u00fdta\u0165, \u010di je e\u0161te pr\u00e1vny \u0161t\u00e1t.<\/p>\n<p>No takto sa, v\u00e1\u017een\u00ed, \u0161t\u00e1t riadi\u0165 ned\u00e1.<\/p>\n<p>\u010eakujem v\u00e1m. A teraz popros\u00edm novin\u00e1rov, aby mi nekl\u00e1dli ot\u00e1zky. U\u017e som raz odpovedal v roku 2017 a to mus\u00ed sta\u010di\u0165.\u201c<\/p>\n","protected":false},"excerpt":{"rendered":"<p>Tibor Ga\u0161par (Smer-SD): \u201eD\u00e1my a p\u00e1ni, m\u00e9di\u00e1, ob\u010dianska spolo\u010dnos\u0165 a t\u00ed traja aktivisti, \u010do mi st\u00e1le p\u00ed\u0161u do koment\u00e1rov&#8230; Dnes som si pripravil vyhl\u00e1senie, ktor\u00e9 bude kr\u00e1tke, m\u00fadre a spravodliv\u00e9 \u2013 ako sudca vo v\u00fdslu\u017ebe, ktor\u00fd vie, komu \u010do podp\u00edsa\u0165. Sudca si zasl\u00fa\u017ei d\u00f4chodok Chcem jasne poveda\u0165, \u017ee nov\u00fd n\u00e1vrh oh\u013eadom s\u00fadnictva nebude len tak\u00fd [&hellip;]<\/p>\n","protected":false},"author":1,"featured_media":0,"comment_status":"closed","ping_status":"open","sticky":false,"template":"","format":"standard","meta":{"footnotes":""},"categories":[5],"tags":[],"class_list":["post-30656","post","type-post","status-publish","format-standard","hentry","category-exo-news"],"_links":{"self":[{"href":"https:\/\/extraslovensko.sk\/spravy\/wp-json\/wp\/v2\/posts\/30656","targetHints":{"allow":["GET"]}}],"collection":[{"href":"https:\/\/extraslovensko.sk\/spravy\/wp-json\/wp\/v2\/posts"}],"about":[{"href":"https:\/\/extraslovensko.sk\/spravy\/wp-json\/wp\/v2\/types\/post"}],"author":[{"embeddable":true,"href":"https:\/\/extraslovensko.sk\/spravy\/wp-json\/wp\/v2\/users\/1"}],"replies":[{"embeddable":true,"href":"https:\/\/extraslovensko.sk\/spravy\/wp-json\/wp\/v2\/comments?post=30656"}],"version-history":[{"count":1,"href":"https:\/\/extraslovensko.sk\/spravy\/wp-json\/wp\/v2\/posts\/30656\/revisions"}],"predecessor-version":[{"id":30657,"href":"https:\/\/extraslovensko.sk\/spravy\/wp-json\/wp\/v2\/posts\/30656\/revisions\/30657"}],"wp:attachment":[{"href":"https:\/\/extraslovensko.sk\/spravy\/wp-json\/wp\/v2\/media?parent=30656"}],"wp:term":[{"taxonomy":"category","embeddable":true,"href":"https:\/\/extraslovensko.sk\/spravy\/wp-json\/wp\/v2\/categories?post=30656"},{"taxonomy":"post_tag","embeddable":true,"href":"https:\/\/extraslovensko.sk\/spravy\/wp-json\/wp\/v2\/tags?post=30656"}],"curies":[{"name":"wp","href":"https:\/\/api.w.org\/{rel}","templated":true}]}}