{"id":30692,"date":"2025-06-19T11:47:06","date_gmt":"2025-06-19T11:47:06","guid":{"rendered":"https:\/\/extraslovensko.sk\/spravy\/?p=30692"},"modified":"2025-06-19T11:50:21","modified_gmt":"2025-06-19T11:50:21","slug":"tlacovka-zmierenia-ked-mlady-liberal-pozve-mazureka","status":"publish","type":"post","link":"https:\/\/extraslovensko.sk\/spravy\/tlacovka-zmierenia-ked-mlady-liberal-pozve-mazureka\/","title":{"rendered":"Tla\u010dovka zmierenia: Ke\u010f mlad\u00fd liber\u00e1l pozve Mazureka"},"content":{"rendered":"<p>Tla\u010dovka zmierenia: Ke\u010f mlad\u00fd liber\u00e1l pozve Mazureka, lebo v\u0161etci si zasl\u00fa\u017eia druh\u00fa \u0161ancu (aj ke\u010f je to \u0161tvrt\u00e1). Miesto: Kult\u00farne centrum &#8220;Empatia a enviromentalizmus&#8221;, Liptovsk\u00fd Mikul\u00e1\u0161. Moder\u00e1tor: Filip (17), aktivista, liber\u00e1l, veg\u00e1n, ob\u010dasn\u00fd nosite\u013e vy\u0161\u00edvan\u00e9ho tri\u010dka s d\u00fahou.<\/p>\n<h1> Ke\u010f mlad\u00fd liber\u00e1l pozve Mazureka<\/h1>\n<p>Hos\u0165: Milan Mazurek, n\u00e1rodn\u00fd budite\u013e pre 21. storo\u010die (pod\u013ea seba)<\/p>\n<p>\u200d\u2642\ufe0fFilip:<br \/>\n\u201eVitajte na dne\u0161nej tla\u010dovej besede s n\u00e1zvom \u2018Dial\u00f3g medzi protikladmi\u2019. Moj\u00edm hos\u0165om je \u010dlovek, ktor\u00fd si o mne mysl\u00ed, \u017ee som produkt genderovej ideol\u00f3gie a liber\u00e1lnej degener\u00e1cie&#8230; ale ja ver\u00edm v uzdravenie ka\u017ed\u00e9ho jedinca. Vitaj, Milan.\u201c<\/p>\n<p>\u200d\u2642\ufe0fMazurek:<br \/>\n\u201eDobr\u00fd de\u0148. Ja som sem nepri\u0161iel na terapiu. Pri\u0161iel som hovori\u0165 pravdu. A pravda je, \u017ee Slovensko patr\u00ed Slov\u00e1kom, nie liber\u00e1lnym marketingov\u00fdm experimentom z Bruselu.\u201d<\/p>\n<p> Filip:<br \/>\n\u201eSuper, super. A teraz ot\u00e1zka od m\u0148a: ke\u010f\u017ee ver\u00edm v pluralitu n\u00e1zorov, ako by ste reformovali syst\u00e9m klimatickej spravodlivosti v duchu dekarboniz\u00e1cie a horizont\u00e1lnej particip\u00e1cie komunity?\u201c<\/p>\n<p> Mazurek:<br \/>\n\u201ePo slovensky, pros\u00edm.\u201c<\/p>\n<p> Filip:<br \/>\n\u201e\u010co si mysl\u00edte o vetern\u00fdch turb\u00ednach?\u201c<\/p>\n<p> Mazurek:<br \/>\n\u201eLiber\u00e1lne to\u010diace sa mon\u0161tr\u00e1, ktor\u00e9 zab\u00edjaj\u00fa bociany! Keby mohol \u013dudov\u00edt \u0160t\u00far, nap\u00ed\u0161e proti nim cel\u00fd facebookov\u00fd status.\u201c<\/p>\n<hr>\n<p> Tla\u010dovka pokra\u010duje ot\u00e1zkami z publika:<\/p>\n<p>Ot\u00e1zka \u010d. 1:<br \/>\n\u201ePre\u010do hovor\u00edte, \u017ee E\u00da je totalita, ale beriete jej plat ako poslanec?\u201c<\/p>\n<p>Mazurek:<br \/>\n\u201eLebo to je forma odporu zvn\u00fatra syst\u00e9mu. Ako partiz\u00e1n s notebookom.\u201c<\/p>\n<p>Filip (s poslednou n\u00e1dejou):<br \/>\n\u201eA \u010do by ste odk\u00e1zali LGBTQ+ komunite?\u201c<\/p>\n<p>Mazurek (zamyslene):<br \/>\n\u201eNech n\u00e1s prestan\u00fa n\u00fati\u0165 do gay pr\u00edsahy, ke\u010f si ideme k\u00fapi\u0165 ro\u017eky.\u201c<\/p>\n<p> Z\u00e1ver:<\/p>\n<p>Filip odovzd\u00e1va Mazurekovi ru\u010dne tkan\u00fd n\u00e1ramok z konope s d\u00fahov\u00fdm znakom mieru.<br \/>\nMazurek mu na opl\u00e1tku d\u00e1va bro\u017e\u00farku \u201eAko rozpozna\u0165 marxistick\u00e9ho profesora pod\u013ea obo\u010dia\u201c.<br \/>\nV pozad\u00ed hr\u00e1 folk-cover slovenskej hymny na ukulele.<\/p>\n<p> Titulok do bulv\u00e1ru:<br \/>\n\u201eStretli sa svetl\u00e1 bud\u00facnos\u0165 a temn\u00fd stredovek. Ruky si nepodali, ale aspo\u0148 si nezlomili stoli\u010dky.\u201c<\/p>\n","protected":false},"excerpt":{"rendered":"<p>Tla\u010dovka zmierenia: Ke\u010f mlad\u00fd liber\u00e1l pozve Mazureka, lebo v\u0161etci si zasl\u00fa\u017eia druh\u00fa \u0161ancu (aj ke\u010f je to \u0161tvrt\u00e1). Miesto: Kult\u00farne centrum &#8220;Empatia a enviromentalizmus&#8221;, Liptovsk\u00fd Mikul\u00e1\u0161. Moder\u00e1tor: Filip (17), aktivista, liber\u00e1l, veg\u00e1n, ob\u010dasn\u00fd nosite\u013e vy\u0161\u00edvan\u00e9ho tri\u010dka s d\u00fahou. Ke\u010f mlad\u00fd liber\u00e1l pozve Mazureka Hos\u0165: Milan Mazurek, n\u00e1rodn\u00fd budite\u013e pre 21. storo\u010die (pod\u013ea seba) \u200d\u2642\ufe0fFilip: \u201eVitajte [&hellip;]<\/p>\n","protected":false},"author":1,"featured_media":0,"comment_status":"closed","ping_status":"open","sticky":false,"template":"","format":"standard","meta":{"footnotes":""},"categories":[5],"tags":[],"class_list":["post-30692","post","type-post","status-publish","format-standard","hentry","category-exo-news"],"_links":{"self":[{"href":"https:\/\/extraslovensko.sk\/spravy\/wp-json\/wp\/v2\/posts\/30692","targetHints":{"allow":["GET"]}}],"collection":[{"href":"https:\/\/extraslovensko.sk\/spravy\/wp-json\/wp\/v2\/posts"}],"about":[{"href":"https:\/\/extraslovensko.sk\/spravy\/wp-json\/wp\/v2\/types\/post"}],"author":[{"embeddable":true,"href":"https:\/\/extraslovensko.sk\/spravy\/wp-json\/wp\/v2\/users\/1"}],"replies":[{"embeddable":true,"href":"https:\/\/extraslovensko.sk\/spravy\/wp-json\/wp\/v2\/comments?post=30692"}],"version-history":[{"count":3,"href":"https:\/\/extraslovensko.sk\/spravy\/wp-json\/wp\/v2\/posts\/30692\/revisions"}],"predecessor-version":[{"id":30695,"href":"https:\/\/extraslovensko.sk\/spravy\/wp-json\/wp\/v2\/posts\/30692\/revisions\/30695"}],"wp:attachment":[{"href":"https:\/\/extraslovensko.sk\/spravy\/wp-json\/wp\/v2\/media?parent=30692"}],"wp:term":[{"taxonomy":"category","embeddable":true,"href":"https:\/\/extraslovensko.sk\/spravy\/wp-json\/wp\/v2\/categories?post=30692"},{"taxonomy":"post_tag","embeddable":true,"href":"https:\/\/extraslovensko.sk\/spravy\/wp-json\/wp\/v2\/tags?post=30692"}],"curies":[{"name":"wp","href":"https:\/\/api.w.org\/{rel}","templated":true}]}}