{"id":30696,"date":"2025-06-19T11:57:37","date_gmt":"2025-06-19T11:57:37","guid":{"rendered":"https:\/\/extraslovensko.sk\/spravy\/?p=30696"},"modified":"2025-06-19T11:57:37","modified_gmt":"2025-06-19T11:57:37","slug":"liberalna-pasca-na-uhrika","status":"publish","type":"post","link":"https:\/\/extraslovensko.sk\/spravy\/liberalna-pasca-na-uhrika\/","title":{"rendered":"Liber\u00e1lna pasca na Uhr\u00edka"},"content":{"rendered":"<p>Liber\u00e1lna pasca na Uhr\u00edka: Ke\u010f ti omylom pr\u00edde pozv\u00e1nka na drag show a ty si mysl\u00ed\u0161, \u017ee ide o oslavu n\u00e1rodnej identity. Miesto deja: Komunitn\u00e9 centrum \u201eFarebn\u00e1 bud\u00facnos\u0165\u201c, Ru\u017eomberok. Filip (17): mlad\u00fd liber\u00e1l, nad\u0161en\u00fd organiz\u00e1tor podujat\u00ed pre v\u0161etk\u00fdch \u2014 naozaj v\u0161etk\u00fdch.<\/p>\n<h1>Liber\u00e1lna pasca na Uhr\u00edka<\/h1>\n<p>Milan Uhr\u00edk: europoslanec, z\u00e1stanca \u201etradi\u010dn\u00fdch hodn\u00f4t\u201c (ale len ke\u010f sa mu to hod\u00ed)<\/p>\n<p> Filip posiela pozv\u00e1nku:<\/p>\n<p>Predmet: \u201ePoz\u00fdvame V\u00e1s na dial\u00f3g kult\u00far, rodovej identity a porozumenia\u201c<br \/>\nMiesto: \u201eDrag &#038; Diversity Show: Slov\u00e1ci, Slov\u00e1ci v\u0161ade!\u201c<br \/>\nDresscode: \u201eBu\u010f s\u00e1m sebou. Ale farebne! \u201c<\/p>\n<p>Filip si mysl\u00ed, \u017ee poz\u00fdva Uhr\u00edka na diskusiu. Uhr\u00edk si mysl\u00ed, \u017ee ide na galave\u010der folkl\u00f3ru a bieleho v\u00edna.<\/p>\n<p>\u200d\u2642\ufe0f Sc\u00e9na: Uhr\u00edk vch\u00e1dza<\/p>\n<p>V s\u00e1le blikaj\u00fa svetl\u00e1, hr\u00e1 remix Hej, Slov\u00e1ci s beatom od DJ TransKarpaty. Na p\u00f3diu tancuje drag queen \u201eMadam Mar\u00edna\u201c, oble\u010den\u00e1 v kroji a s n\u00e1u\u0161nicami v tvare Tatier.<\/p>\n<p>Uhr\u00edk (zdesene):<\/p>\n<p>\u201ePreboha\u2026 \u010do je toto? To nie je Krajniakov kongres?!\u201c<\/p>\n<p>Filip (nad\u0161ene):<\/p>\n<p>\u201eP\u00e1n Uhr\u00edk! Vitajte! Sme radi, \u017ee ste otvoren\u00ed dial\u00f3gu. Dnes ve\u010der sa ka\u017ed\u00fd m\u00f4\u017ee vyjadri\u0165 svoj\u00edm sp\u00f4sobom.\u201c<\/p>\n<p>Uhr\u00edk (za\u010d\u00edna sa poti\u0165):<\/p>\n<p>\u201eToto je pasca! Oni ma chc\u00fa prerobi\u0165 na liber\u00e1la!\u201c<\/p>\n<p>\ufe0f Drag queen do mikrof\u00f3nu:<\/p>\n<p>\u201eV\u00edtame medzi nami \u0161peci\u00e1lneho hos\u0165a \u2013 slovensk\u00e9ho europoslanca! Uk\u00e1\u017e n\u00e1m, kto si, zlatko!\u201c<\/p>\n<p>Uhr\u00edk (v panike):<\/p>\n<p>\u201eTo nie my sme fa\u0161isti, to vy ste fa\u0161isti! Lebo m\u0148a n\u00fatite by\u0165 tolerantn\u00fd!\u201c<\/p>\n<p>Potom sa potkne o d\u00fahov\u00fd koberec a zakopne do veg\u00e1nskeho bufetu.<\/p>\n<p>\ufe0f Medzititulky:<\/p>\n<p>Filip mu chce poda\u0165 poh\u00e1r kombuchy, Uhr\u00edk kri\u010d\u00ed: \u201e\u010co mi to d\u00e1vate? Genderov\u00fd \u010daj?!\u201c<\/p>\n<p>Hostia mu tlieskaj\u00fa, lebo si myslia, \u017ee jeho v\u00fdstup je s\u00fa\u010das\u0165 performance.<\/p>\n<p>Uhr\u00edk v slz\u00e1ch odch\u00e1dza, ale cestou domov si potajomky googli \u201e\u010co je RuPaul?\u201c \u2013 len zo strategick\u00fdch d\u00f4vodov.<\/p>\n<p> Z\u00e1ver:<\/p>\n<p>Filip si zap\u00ed\u0161e do denn\u00ed\u010dka:<\/p>\n<p>\u201eDnes som sk\u00fasil spoji\u0165 dva svety. Jeden svet odi\u0161iel urazen\u00fd, druh\u00fd sa usmieval. Ale aspo\u0148 nikto nehlasoval za z\u00e1kaz smiechu.\u201c<\/p>\n<p> Titulok do alternat\u00edvneho spravodajstva:<\/p>\n<p>&#8220;Europoslanec Uhr\u00edk pob\u00faren\u00fd! Pozvali ho na diskusiu o n\u00e1rode, skon\u010dil medzi flitrami a folk-techno remixom! Vin\u00ed liber\u00e1lov z kult\u00farneho \u00fatoku!&#8221;<\/p>\n","protected":false},"excerpt":{"rendered":"<p>Liber\u00e1lna pasca na Uhr\u00edka: Ke\u010f ti omylom pr\u00edde pozv\u00e1nka na drag show a ty si mysl\u00ed\u0161, \u017ee ide o oslavu n\u00e1rodnej identity. Miesto deja: Komunitn\u00e9 centrum \u201eFarebn\u00e1 bud\u00facnos\u0165\u201c, Ru\u017eomberok. Filip (17): mlad\u00fd liber\u00e1l, nad\u0161en\u00fd organiz\u00e1tor podujat\u00ed pre v\u0161etk\u00fdch \u2014 naozaj v\u0161etk\u00fdch. Liber\u00e1lna pasca na Uhr\u00edka Milan Uhr\u00edk: europoslanec, z\u00e1stanca \u201etradi\u010dn\u00fdch hodn\u00f4t\u201c (ale len ke\u010f sa [&hellip;]<\/p>\n","protected":false},"author":1,"featured_media":0,"comment_status":"closed","ping_status":"open","sticky":false,"template":"","format":"standard","meta":{"footnotes":""},"categories":[5],"tags":[],"class_list":["post-30696","post","type-post","status-publish","format-standard","hentry","category-exo-news"],"_links":{"self":[{"href":"https:\/\/extraslovensko.sk\/spravy\/wp-json\/wp\/v2\/posts\/30696","targetHints":{"allow":["GET"]}}],"collection":[{"href":"https:\/\/extraslovensko.sk\/spravy\/wp-json\/wp\/v2\/posts"}],"about":[{"href":"https:\/\/extraslovensko.sk\/spravy\/wp-json\/wp\/v2\/types\/post"}],"author":[{"embeddable":true,"href":"https:\/\/extraslovensko.sk\/spravy\/wp-json\/wp\/v2\/users\/1"}],"replies":[{"embeddable":true,"href":"https:\/\/extraslovensko.sk\/spravy\/wp-json\/wp\/v2\/comments?post=30696"}],"version-history":[{"count":1,"href":"https:\/\/extraslovensko.sk\/spravy\/wp-json\/wp\/v2\/posts\/30696\/revisions"}],"predecessor-version":[{"id":30697,"href":"https:\/\/extraslovensko.sk\/spravy\/wp-json\/wp\/v2\/posts\/30696\/revisions\/30697"}],"wp:attachment":[{"href":"https:\/\/extraslovensko.sk\/spravy\/wp-json\/wp\/v2\/media?parent=30696"}],"wp:term":[{"taxonomy":"category","embeddable":true,"href":"https:\/\/extraslovensko.sk\/spravy\/wp-json\/wp\/v2\/categories?post=30696"},{"taxonomy":"post_tag","embeddable":true,"href":"https:\/\/extraslovensko.sk\/spravy\/wp-json\/wp\/v2\/tags?post=30696"}],"curies":[{"name":"wp","href":"https:\/\/api.w.org\/{rel}","templated":true}]}}