{"id":30726,"date":"2025-07-11T18:53:02","date_gmt":"2025-07-11T18:53:02","guid":{"rendered":"https:\/\/extraslovensko.sk\/spravy\/?p=30726"},"modified":"2025-07-12T07:22:36","modified_gmt":"2025-07-12T07:22:36","slug":"svatopluk-prvy-slovensky-manazer-zapadnych-zaujmov","status":"publish","type":"post","link":"https:\/\/extraslovensko.sk\/spravy\/svatopluk-prvy-slovensky-manazer-zapadnych-zaujmov\/","title":{"rendered":"Sv\u00e4topluk \u2013 prv\u00fd slovensk\u00fd mana\u017e\u00e9r z\u00e1padn\u00fdch z\u00e1ujmov"},"content":{"rendered":"<p>Ke\u010f sa dnes niekto p\u00fdta, kto bol najv\u00e4\u010d\u0161\u00ed slovensk\u00fd vodca v\u0161etk\u00fdch \u010dias, polovica n\u00e1roda zakri\u010d\u00ed: \u201eSv\u00e4topluk!\u201c A t\u00e1 druh\u00e1 si ho pom\u00fdli s v\u00fdrobcom kobercov. Pravda je, \u017ee Sv\u00e4topluk I., knie\u017ea Ve\u013ekej Moravy, bol skuto\u010dne mu\u017eom ve\u013ek\u00e9ho form\u00e1tu \u2013 najm\u00e4 \u010do sa t\u00fdka schopnosti lav\u00edrova\u0165 medzi v\u00fdchodom a z\u00e1padom e\u0161te sk\u00f4r, ne\u017e to bolo cool.\n<\/p>\n<h2>Rastislav \u2013 ten idealista, \u010do chcel suverenitu<\/h2>\n<p>\nNajprv tu bol Rastislav. Slovansk\u00fd vodca s utopick\u00fdm snom o duchovnej nez\u00e1vislosti. Zavolal Cyrila a Metoda, lebo sa mu nep\u00e1\u010dilo, \u017ee nemeck\u00ed biskupi ovl\u00e1daj\u00fa miestny content. Chcel vlastn\u00fd slovansk\u00fd jazyk v liturgii, decentraliz\u00e1ciu moci a GDPR pre du\u0161e veriacich. Probl\u00e9m? Bolo to a\u017e pr\u00edli\u0161 pokrokov\u00e9 na vtedaj\u0161\u00ed svet.\n<\/p>\n<h2>Sv\u00e4topluk: Zrada ako startup<\/h2>\n<p>\nV tej chv\u00edli prich\u00e1dza na sc\u00e9nu n\u00e1\u0161 Sv\u00e4topluk \u2013 Rastislavov synovec a g\u00e9nius tichej diplomacie (\u010d\u00edtaj: z\u00e1kulisn\u00fdch \u0165ahov). Zatia\u013e \u010do Rastislav sn\u00edval o ve\u013ekomoravskej suverenite, Sv\u00e4topluk si robil networking s Frankmi. Ke\u010f pri\u0161lo na l\u00e1manie chleba, nev\u00e1hal: Rastislava zradil, dal ho Frankom a t\u00ed ho za odmenu \u2013 ako spr\u00e1vne z\u00e1padn\u00e9 imp\u00e9rium \u2013 <strong>oslepili a uv\u00e4znili<\/strong>.\n<\/p>\n<p>\nZnie v\u00e1m to povedome? Niektor\u00ed na\u0161i vodcovia by si tie\u017e rad\u0161ej vypichli oko, ne\u017e aby nechali niekoho in\u00e9ho \u0161\u00edri\u0165 alternat\u00edvnu v\u00edziu krajiny.\n<\/p>\n<h2>Za Franky proti Frankom. Ale nie tak celkom.<\/h2>\n<p>\nSv\u00e4topluk sa medzi\u010dasom vyznamenal ako elastick\u00fd vl\u00e1dca. Frankom prisahal vernos\u0165, potom sa proti nim postavil, potom zasa prisahal, potom zasa nie. Keby \u017eil dnes, jeho statusy na soci\u00e1lnych sie\u0165ach by menili smer \u010dastej\u0161ie ako po\u010dasie v Bratislave.\n<\/p>\n<p>\nV jednej chv\u00edli mu Fransk\u00e1 r\u00ed\u0161a d\u00e1 titul \u201edux\u201c (vojvoda), v druhej sa stavia na \u010delo protifranskej revol\u00facie a vyhlasuje Ve\u013ek\u00fa Moravu za takmer suver\u00e9nne imp\u00e9rium. V podstate politick\u00fd spin doktor pred Kristom. So zmyslom pre pragmatizmus, ktor\u00fd mu z\u00e1vid\u00ed aj s\u00fa\u010dasn\u00e1 Eur\u00f3pska komisia.\n<\/p>\n<h2>Geopolitika s pr\u00edchu\u0165ou \u0160oro\u0161a<\/h2>\n<p>\nNo dobre, \u0160oro\u0161 vtedy e\u0161te nebol. Ale Sv\u00e4topluk si ur\u010dite dal z\u00e1le\u017ea\u0165, aby v krajine zostal kontrolovan\u00fd chaos. Tak\u00fd, kde si panovn\u00edk m\u00f4\u017ee raz zvola\u0165 cirkevn\u00fdch hodnost\u00e1rov zo z\u00e1padu, inokedy zas tvrdi\u0165, \u017ee sme \u201ev\u00fdchodn\u00ed Slovania\u201c, ale nikdy nie tak, aby sa dalo nie\u010do konkr\u00e9tne vyvodi\u0165. Strat\u00e9giu \u201eani ryba, ani rak\u201c ovl\u00e1dal ako majster.\n<\/p>\n<p>\nNu\u017e a niektor\u00ed dne\u0161n\u00ed l\u00eddri by za t\u00fato schopnos\u0165 rozml\u017ei\u0165 v\u00fdznam slov dali aj polovicu \u0161t\u00e1tneho rozpo\u010dtu (a druh\u00fa minuli na prieskum verejnej mienky).\n<\/p>\n<h2>Odkaz: Trad\u00edcia zrady ako dedi\u010dstvo<\/h2>\n<p>\nHist\u00f3ria si Sv\u00e4topluka pam\u00e4t\u00e1 ako panovn\u00edka, za ktor\u00e9ho vl\u00e1dy dosiahla Ve\u013ek\u00e1 Morava svoj zenit. No tie\u017e ako mu\u017ea, ktor\u00fd svoj\u00edm taktick\u00fdm \u0161achovan\u00edm s\u013eubov a zml\u00fav sp\u00f4sobil, \u017ee o sto rokov po jeho smrti nezostal z tej r\u00ed\u0161e ani s\u00fadok medoviny.\n<\/p>\n<p>\nNapriek tomu dodnes stoj\u00ed jeho jazdeck\u00e1 socha na bratislavskom hrade. A ka\u017ed\u00fd, kto sa na \u0148u pozrie, si m\u00f4\u017ee polo\u017ei\u0165 ot\u00e1zku: \u201eJe to hrdina, alebo politick\u00fd realista s korpor\u00e1tnou tv\u00e1rou?\u201c Alebo len \u010fal\u0161\u00ed, \u010do veril, \u017ee ke\u010f zahr\u00e1 na v\u0161etky strany, zostane nesmrte\u013en\u00fd.\n<\/p>\n<h2>Z\u00e1ver pre s\u00fa\u010dasn\u00fdch vodcov<\/h2>\n<p>\nTak\u017ee, mil\u00ed vl\u00e1dni strat\u00e9govia, ak budete nabud\u00face v poku\u0161en\u00ed vyda\u0165 svojho s\u00fakme\u0148ovca cudziemu imp\u00e9riu, aspo\u0148 to spravte s kr\u00e1\u013eovsk\u00fdm dr\u017ean\u00edm tela. A nech v\u00e1m pri tom v pozad\u00ed hr\u00e1 gajdo\u0161, ako ke\u010f v\u00edly tancovali okolo Pal\u010deka.\n<\/p>\n<p>\nSv\u00e4topluk n\u00e1m toti\u017e zanechal odkaz: zrada je vec \u0161t\u00fdlu. A hist\u00f3ria m\u00e1 kr\u00e1tku pam\u00e4\u0165, najm\u00e4 ke\u010f ju p\u00ed\u0161u t\u00ed, ktor\u00ed z nej profituj\u00fa.\n<\/p>\n<p>\nV\u00fdborn\u00e1 webtr\u00e1nka o Zoroastri\u00e1noch: <a href=\"https:\/\/www.legendy.org\/ohnove-zoroastrijske-chramy-atash-bahram\/\">Oh\u0148ov\u00e9 Zoroastrijsk\u00e9 chr\u00e1my \u2013 Atash Bahram<\/a><\/p>\n","protected":false},"excerpt":{"rendered":"<p>Ke\u010f sa dnes niekto p\u00fdta, kto bol najv\u00e4\u010d\u0161\u00ed slovensk\u00fd vodca v\u0161etk\u00fdch \u010dias, polovica n\u00e1roda zakri\u010d\u00ed: \u201eSv\u00e4topluk!\u201c A t\u00e1 druh\u00e1 si ho pom\u00fdli s v\u00fdrobcom kobercov. Pravda je, \u017ee Sv\u00e4topluk I., knie\u017ea Ve\u013ekej Moravy, bol skuto\u010dne mu\u017eom ve\u013ek\u00e9ho form\u00e1tu \u2013 najm\u00e4 \u010do sa t\u00fdka schopnosti lav\u00edrova\u0165 medzi v\u00fdchodom a z\u00e1padom e\u0161te sk\u00f4r, ne\u017e to bolo cool. [&hellip;]<\/p>\n","protected":false},"author":1,"featured_media":0,"comment_status":"closed","ping_status":"open","sticky":false,"template":"","format":"standard","meta":{"footnotes":""},"categories":[13],"tags":[],"class_list":["post-30726","post","type-post","status-publish","format-standard","hentry","category-historia-anatolij-fomenko"],"_links":{"self":[{"href":"https:\/\/extraslovensko.sk\/spravy\/wp-json\/wp\/v2\/posts\/30726","targetHints":{"allow":["GET"]}}],"collection":[{"href":"https:\/\/extraslovensko.sk\/spravy\/wp-json\/wp\/v2\/posts"}],"about":[{"href":"https:\/\/extraslovensko.sk\/spravy\/wp-json\/wp\/v2\/types\/post"}],"author":[{"embeddable":true,"href":"https:\/\/extraslovensko.sk\/spravy\/wp-json\/wp\/v2\/users\/1"}],"replies":[{"embeddable":true,"href":"https:\/\/extraslovensko.sk\/spravy\/wp-json\/wp\/v2\/comments?post=30726"}],"version-history":[{"count":3,"href":"https:\/\/extraslovensko.sk\/spravy\/wp-json\/wp\/v2\/posts\/30726\/revisions"}],"predecessor-version":[{"id":30734,"href":"https:\/\/extraslovensko.sk\/spravy\/wp-json\/wp\/v2\/posts\/30726\/revisions\/30734"}],"wp:attachment":[{"href":"https:\/\/extraslovensko.sk\/spravy\/wp-json\/wp\/v2\/media?parent=30726"}],"wp:term":[{"taxonomy":"category","embeddable":true,"href":"https:\/\/extraslovensko.sk\/spravy\/wp-json\/wp\/v2\/categories?post=30726"},{"taxonomy":"post_tag","embeddable":true,"href":"https:\/\/extraslovensko.sk\/spravy\/wp-json\/wp\/v2\/tags?post=30726"}],"curies":[{"name":"wp","href":"https:\/\/api.w.org\/{rel}","templated":true}]}}