{"id":30731,"date":"2025-07-11T19:07:13","date_gmt":"2025-07-11T19:07:13","guid":{"rendered":"https:\/\/extraslovensko.sk\/spravy\/?p=30731"},"modified":"2025-07-11T19:07:13","modified_gmt":"2025-07-11T19:07:13","slug":"sviatocni-vojaci-ked-dovolenkari-hraju-vojnu","status":"publish","type":"post","link":"https:\/\/extraslovensko.sk\/spravy\/sviatocni-vojaci-ked-dovolenkari-hraju-vojnu\/","title":{"rendered":"Sviato\u010dn\u00ed vojaci: ke\u010f dovolenk\u00e1ri hraj\u00fa vojnu"},"content":{"rendered":"<p>\nNa Ukrajine sa bojuje o \u017eivot a my tu doma sledujeme politick\u00fa pantom\u00edmu: na\u0161i vl\u00e1dni \u010dinitelia si \u201eoddychuj\u00fa\u201c v kempe ako na detsk\u00fdch lesn\u00fdch hr\u00e1ch \u2013 pln\u00e1 poln\u00e1, blika\u010dky a p\u00f3zy pred kamerou. V\u0161etko v duchu hesla: \u201ebratia v zbroji\u201c. Len\u017ee skuto\u010dn\u00fd boj prebieha inde \u2013 oni s\u00fa tu len pre selfie a PR. Bratia Pellegrini &#038; Co.: Tankisti z Instagramu<\/p>\n<h1>Sviato\u010dn\u00ed koali\u010dn\u00ed vojaci: ke\u010f dovolenk\u00e1ri sa hraj\u00fa na vojnu<\/h1>\n<p>\nPeter Pellegrini, kolega Fica v \u00faloh\u00e1ch chlapskej solidarity, sa v plnej v\u00fdstroji postavil pred objekt\u00edv \u2013 ako na castingu do ak\u010dn\u00e9ho filmu, nie ako na \u0161t\u00e1tnickej misii. U\u017e \u010dakaj\u00fa \u201enekompromisn\u00e9 dva t\u00fd\u017edne\u201c tr\u00e9ningu. Len\u017ee \u010do zaka\u017ed\u00fdm, ke\u010f padne nad Ukrajinou raketa? Oni si zatia\u013e dop\u013a\u0148aj\u00fa mask\u00e1\u010de. Lebo vojna m\u00f4\u017ee by\u0165 kdeko\u013evek, ale udr\u017ea\u0165 perfektn\u00e9 z\u00e1bery je prioritou \u010d\u00edslo jedna.\n<\/p>\n<h2>Pozor: Pomp\u00e9zny vojensk\u00fd re\u017eim \u2013 selfie z\u00e1kon!<\/h2>\n<p>\nNamiesto vyslania logistickej pomoci id\u00fa dolu do lesa, naber\u00fa hlinenku a vysedia tam nieko\u013eko hod\u00edn, aby mohli vyhl\u00e1si\u0165: \u201eAk sme v ter\u00e9ne, tak im rozumieme.\u201c Skvel\u00e1 empatia, treba uzna\u0165. Keby Ukrajina chcela mor\u00e1lne povzbudenie namiesto mun\u00edcie, mohli by sa obr\u00e1ti\u0165 na slovensk\u00fd rezort obrany.\n<\/p>\n<h2>Zab\u00fdvali sa, dobre sa tu maj\u00fa<\/h2>\n<p>\n\u201eZab\u00fdvali sme sa\u201c \u2013 povedal Pellegrini. Premena z pohodln\u00e9ho kresla do dreva a blata v\u00fdrazne zmenila ich d\u00f4le\u017eit\u00e9 rozhodovacie centrum \u2013 predt\u00fdm je vidie\u0165 na gau\u010di, teraz na plastovej stoli\u010dke. Dramatick\u00e9, poriadne hrani\u010dn\u00e9 situ\u00e1cie\u2026 hlavne pre kameru. Na\u0161i politici si u\u017e\u00edvaj\u00fa t\u00fato rekrea\u010dn\u00fa vojensk\u00fa tematiku ako pobyt pri Dunaji \u2013 s poh\u013eadom do objekt\u00edvu.\n<\/p>\n<h2>Ironick\u00e1 realita: ke\u010f maskovanie znamen\u00e1 \u201emaskujem realitu\u201c<\/h2>\n<p>\nZatia\u013e \u010do Ukrajina br\u00e1ni hranice pred ozajstn\u00fdm nepriate\u013eom, na\u0161i \u201ehrdinovia\u201c jednoducho menia kulisy. Maskovanie? Sk\u00f4r maskovanie reality. Vojna je \u010faleko, realita im nedovol\u00ed pr\u00eds\u0165 neskoro. Ale selfie v brlohu zo stromov \u2013 to je v\u00fdsada slovensk\u00e9ho politick\u00e9ho voja\u010denia.\n<\/p>\n<h2>Z\u00e1ver: Bratia v zbroji \u2013 zbroja selfie a pr\u00e1zdne gest\u00e1<\/h2>\n<p>\nTak teda \u00e1no \u2013 Pellegrini a spol. s\u00fa teraz pikap mask\u00e1\u010dov\u00ed hrdinovia. Ale miesto ozbrojen\u00e9ho konfliktu hraj\u00fa hru o medi\u00e1lnu moc: \u201ePozrite sa na n\u00e1s, my sme tam s vami!\u201c Ot\u00e1zka zost\u00e1va: kedy prines\u00fa viac pomoci ako pixelov? Kedy prestan\u00fa hra\u0165 na voja\u010dikov a za\u010dn\u00fa kona\u0165? M\u00f4\u017ee by\u0165, \u017ee v situ\u00e1cii, kde ide o \u017eivoty, je v\u0161etko ostatn\u00e9 len hork\u00e1 satira.<\/p>\n","protected":false},"excerpt":{"rendered":"<p>Na Ukrajine sa bojuje o \u017eivot a my tu doma sledujeme politick\u00fa pantom\u00edmu: na\u0161i vl\u00e1dni \u010dinitelia si \u201eoddychuj\u00fa\u201c v kempe ako na detsk\u00fdch lesn\u00fdch hr\u00e1ch \u2013 pln\u00e1 poln\u00e1, blika\u010dky a p\u00f3zy pred kamerou. V\u0161etko v duchu hesla: \u201ebratia v zbroji\u201c. Len\u017ee skuto\u010dn\u00fd boj prebieha inde \u2013 oni s\u00fa tu len pre selfie a PR. Bratia [&hellip;]<\/p>\n","protected":false},"author":1,"featured_media":0,"comment_status":"closed","ping_status":"open","sticky":false,"template":"","format":"standard","meta":{"footnotes":""},"categories":[5],"tags":[],"class_list":["post-30731","post","type-post","status-publish","format-standard","hentry","category-exo-news"],"_links":{"self":[{"href":"https:\/\/extraslovensko.sk\/spravy\/wp-json\/wp\/v2\/posts\/30731","targetHints":{"allow":["GET"]}}],"collection":[{"href":"https:\/\/extraslovensko.sk\/spravy\/wp-json\/wp\/v2\/posts"}],"about":[{"href":"https:\/\/extraslovensko.sk\/spravy\/wp-json\/wp\/v2\/types\/post"}],"author":[{"embeddable":true,"href":"https:\/\/extraslovensko.sk\/spravy\/wp-json\/wp\/v2\/users\/1"}],"replies":[{"embeddable":true,"href":"https:\/\/extraslovensko.sk\/spravy\/wp-json\/wp\/v2\/comments?post=30731"}],"version-history":[{"count":1,"href":"https:\/\/extraslovensko.sk\/spravy\/wp-json\/wp\/v2\/posts\/30731\/revisions"}],"predecessor-version":[{"id":30732,"href":"https:\/\/extraslovensko.sk\/spravy\/wp-json\/wp\/v2\/posts\/30731\/revisions\/30732"}],"wp:attachment":[{"href":"https:\/\/extraslovensko.sk\/spravy\/wp-json\/wp\/v2\/media?parent=30731"}],"wp:term":[{"taxonomy":"category","embeddable":true,"href":"https:\/\/extraslovensko.sk\/spravy\/wp-json\/wp\/v2\/categories?post=30731"},{"taxonomy":"post_tag","embeddable":true,"href":"https:\/\/extraslovensko.sk\/spravy\/wp-json\/wp\/v2\/tags?post=30731"}],"curies":[{"name":"wp","href":"https:\/\/api.w.org\/{rel}","templated":true}]}}