{"id":30739,"date":"2025-08-07T16:39:59","date_gmt":"2025-08-07T16:39:59","guid":{"rendered":"https:\/\/extraslovensko.sk\/spravy\/?p=30739"},"modified":"2025-08-07T16:41:56","modified_gmt":"2025-08-07T16:41:56","slug":"stasi-zije-duch-vychodneho-bloku-oziva-v-potrubi-nord-stream-2","status":"publish","type":"post","link":"https:\/\/extraslovensko.sk\/spravy\/stasi-zije-duch-vychodneho-bloku-oziva-v-potrubi-nord-stream-2\/","title":{"rendered":"STASI \u017eije: Duch v\u00fdchodn\u00e9ho bloku o\u017e\u00edva v potrub\u00ed Nord Stream 2"},"content":{"rendered":"<p> Ak by sa niekto domnieval, \u017ee p\u00e1dom Berl\u00ednskeho m\u00faru a koncom studenej vojny sa postavy z \u010dias komunistickej tajnej pol\u00edcie vytratili zo sc\u00e9ny, m\u00fdlil by sa. Dne\u0161n\u00e1 realita je absurdnej\u0161ia ne\u017e fikcia: <strong>b\u00fdval\u00fd d\u00f4stojn\u00edk v\u00fdchodonemeckej \u0160t\u00e1tnej bezpe\u010dnosti \u2013 Stasi \u2013 Matthias Warnig<\/strong> sa znovu objavuje na glob\u00e1lnej energetickej sc\u00e9ne. A nie hocijako. So zjavnou podporou americk\u00fdch finan\u010dn\u00edkov sa pok\u00fa\u0161a vsta\u0165 z energetick\u00e9ho hrobu projekt, ktor\u00fd symbolizoval z\u00e1vislos\u0165 Eur\u00f3py od rusk\u00e9ho plynu \u2013 <strong>Nord Stream 2<\/strong>. <\/p>\n<h1>STASI \u017eije: Duch v\u00fdchodn\u00e9ho bloku o\u017e\u00edva v potrub\u00ed Nord Stream 2<\/h1>\n<h2>Revival plynovodu s \u201evintage\u201c ideol\u00f3giou<\/h2>\n<p> Matthias Warnig nie je len tak hocikto. Kedysi p\u00f4sobil ako agent repres\u00edvneho apar\u00e1tu, ktor\u00fd sledoval vlastn\u00fdch ob\u010danov, a dnes? Dnes by sa r\u00e1d prezentoval ako vizion\u00e1r energetickej integr\u00e1cie medzi Ruskom a Z\u00e1padom. Jeho meno sa objavilo v s\u00favislosti s obnoven\u00edm \u010dinnosti <strong>Nord Stream 2 AG<\/strong>, spolo\u010dnosti, ktor\u00e1 je technicky na kolen\u00e1ch \u2013 pod sankciami, insolventn\u00e1 a politicky toxick\u00e1. <\/p>\n<p> Ale ako sa hovor\u00ed: star\u00ed s\u00fadruhovia nezmizn\u00fa, len zmenia oblek. A Warnig, ktor\u00fd je bl\u00edzkym d\u00f4vern\u00edkom Vladimira Putina, pod\u013ea <i>Financial Times<\/i> rozbieha rokovania s americk\u00fdmi investormi o \u201ez\u00e1chrane\u201c potrubia. Pod z\u00e1sterkou ekonomick\u00e9ho racionalizmu a \u201ebudovania mostov\u201c vraj sleduje len jedno \u2013 n\u00e1vrat rusk\u00e9ho plynu na eur\u00f3pske trhy cez star\u00e9-zn\u00e1me trubky a obklopen\u00fd e\u0161te zn\u00e1mej\u0161\u00edmi postavami. <\/p>\n<h2>Americk\u00e1 pomoc: naivita, cynizmus alebo biznis?<\/h2>\n<p> Zvl\u00e1\u0161tnym zvratom cel\u00e9ho deja je fakt, \u017ee o op\u00e4tovn\u00e9 spustenie Nord Stream 2 prejavili z\u00e1ujem aj americk\u00ed investori \u2013 na \u010dele so Stephenom P. Lynchom, zn\u00e1mym t\u00fdm, \u017ee sa \u0161pecializuje na \u201enepopul\u00e1rne\u201c akt\u00edva. Tvrd\u00ed, \u017ee plynovod pod americkou kontrolou by bol bezpe\u010dnej\u0161\u00ed, efekt\u00edvnej\u0161\u00ed a politicky prijate\u013enej\u0161\u00ed pre z\u00e1padn\u00fd svet. Naozaj? <\/p>\n<p> Lynch \u00fadajne po\u017eiadal americk\u00e9 \u00farady o v\u00fdnimku zo sankci\u00ed, aby mohol za\u010da\u0165 rozhovory s vlastn\u00edkmi akt\u00edv patriacich do zbankrotovanej spolo\u010dnosti Nord Stream 2. A \u010do Nemecko? Tam zaznievaj\u00fa popla\u0161n\u00e9 zvony. Politici sa boja, \u017ee projekt bude zneu\u017eit\u00fd na obch\u00e1dzanie sankci\u00ed a na n\u00e1vrat rusk\u00e9ho energetick\u00e9ho vplyvu cez zadn\u00e9 dvere. Zatia\u013e v\u0161ak neexistuje pr\u00e1vna cesta, ako priamo predaju zabr\u00e1ni\u0165 \u2013 spolo\u010dnos\u0165 toti\u017e spad\u00e1 pod insolven\u010dn\u00e9 konanie vo \u0160vaj\u010diarsku. <\/p>\n<h2>Ke\u010f plyn p\u00e1chne ideol\u00f3giou<\/h2>\n<p> Cel\u00fd projekt nesie siln\u00fd politick\u00fd podtext. Nord Stream 2 bol od za\u010diatku kontroverzn\u00fd \u2013 kritici ho pova\u017eovali za zbra\u0148 v ruk\u00e1ch Krem\u013ea. Po inv\u00e1zii na Ukrajinu sa stal symbolom energetickej z\u00e1vislosti, ktor\u00fa sa Eur\u00f3pa sna\u017e\u00ed zlomi\u0165. A teraz sa m\u00e1 vr\u00e1ti\u0165 s pomocou niekdaj\u0161ieho komunistick\u00e9ho \u0161pi\u00f3na a americk\u00fdch investorov v biznis oblekoch? <\/p>\n<p> Je to ako keby sa hist\u00f3ria rozhodla zosmie\u0161ni\u0165 n\u00e1s v\u0161etk\u00fdch. Projekt, ktor\u00fd bol politicky m\u0155tvy, sa m\u00e1 vr\u00e1ti\u0165 ako zombie, veden\u00fd star\u00fdmi zn\u00e1mymi z temn\u00fdch kapitol dej\u00edn a nov\u00fdmi hr\u00e1\u010dmi, ktor\u00fdm zrejme nerob\u00ed probl\u00e9m spolupracova\u0165 s k\u00fdmko\u013evek, pokia\u013e ide o zisk. <\/p>\n<h2>V\u00fdchodn\u00fd duch v z\u00e1padnom obleku<\/h2>\n<p> Matthias Warnig je ak\u00fdmsi archetypom tohto paradoxu \u2013 mu\u017e, ktor\u00fd sa z tajn\u00e9ho agenta v totalitnom re\u017eime pretransformoval na plyn\u00e1rensk\u00e9ho magn\u00e1ta s v\u00e4zbami na Kreme\u013e a teraz \u2013 s po\u017eehnan\u00edm \u010dasti americkej finan\u010dnej sf\u00e9ry \u2013 znovu vstupuje na sc\u00e9nu. Vtipn\u00e9? Sk\u00f4r znepokojuj\u00face. <\/p>\n<p> Niekto by mohol poveda\u0165, \u017ee ide len o obchod. Ale obchod s post-sovietskymi duchmi, ktor\u00e9 sa vracaj\u00fa v mene biznisu, je prinajmen\u0161om groteskn\u00fd. A ak si mysl\u00edte, \u017ee Eur\u00f3pa a USA u\u017e d\u00e1vno pochopili, \u017ee sa nem\u00f4\u017eu spolieha\u0165 na rusk\u00fd plyn \u2013 mo\u017eno ste podcenili silu pe\u0148az\u00ed, z\u00e1budlivos\u0165 z\u00e1padu a schopnos\u0165 star\u00fdch k\u00e1drikov znova sa \u201eprisp\u00f4sobi\u0165\u201c. <\/p>\n<h2>Z\u00e1ver: K\u00fdm je z\u00e1ujem o plyn, Stasi nikdy celkom neumrie<\/h2>\n<p> Pr\u00edbeh o znovuo\u017eiven\u00ed Nord Stream 2 ukazuje, \u017ee svet sa mo\u017eno men\u00ed, ale star\u00e9 mechanizmy a tv\u00e1re dok\u00e1\u017eu pre\u017ei\u0165 ak\u00fako\u013evek transform\u00e1ciu. A ke\u010f sa b\u00fdval\u00fd agent Stasi op\u00e4\u0165 ocit\u00e1 v centre eur\u00f3psko-rusk\u00e9ho energetick\u00e9ho prepojenia, nezost\u00e1va ni\u010d in\u00e9, len sucho skon\u0161tatova\u0165: <strong>STASI \u017eije. Mo\u017eno u\u017e nie v arch\u00edvoch, ale rozhodne vo valcoch potrub\u00ed pod Baltsk\u00fdm morom.<\/strong> <\/p>\n","protected":false},"excerpt":{"rendered":"<p>Ak by sa niekto domnieval, \u017ee p\u00e1dom Berl\u00ednskeho m\u00faru a koncom studenej vojny sa postavy z \u010dias komunistickej tajnej pol\u00edcie vytratili zo sc\u00e9ny, m\u00fdlil by sa. Dne\u0161n\u00e1 realita je absurdnej\u0161ia ne\u017e fikcia: b\u00fdval\u00fd d\u00f4stojn\u00edk v\u00fdchodonemeckej \u0160t\u00e1tnej bezpe\u010dnosti \u2013 Stasi \u2013 Matthias Warnig sa znovu objavuje na glob\u00e1lnej energetickej sc\u00e9ne. A nie hocijako. So zjavnou podporou [&hellip;]<\/p>\n","protected":false},"author":1,"featured_media":0,"comment_status":"closed","ping_status":"open","sticky":false,"template":"","format":"standard","meta":{"footnotes":""},"categories":[5],"tags":[],"class_list":["post-30739","post","type-post","status-publish","format-standard","hentry","category-exo-news"],"_links":{"self":[{"href":"https:\/\/extraslovensko.sk\/spravy\/wp-json\/wp\/v2\/posts\/30739","targetHints":{"allow":["GET"]}}],"collection":[{"href":"https:\/\/extraslovensko.sk\/spravy\/wp-json\/wp\/v2\/posts"}],"about":[{"href":"https:\/\/extraslovensko.sk\/spravy\/wp-json\/wp\/v2\/types\/post"}],"author":[{"embeddable":true,"href":"https:\/\/extraslovensko.sk\/spravy\/wp-json\/wp\/v2\/users\/1"}],"replies":[{"embeddable":true,"href":"https:\/\/extraslovensko.sk\/spravy\/wp-json\/wp\/v2\/comments?post=30739"}],"version-history":[{"count":3,"href":"https:\/\/extraslovensko.sk\/spravy\/wp-json\/wp\/v2\/posts\/30739\/revisions"}],"predecessor-version":[{"id":30742,"href":"https:\/\/extraslovensko.sk\/spravy\/wp-json\/wp\/v2\/posts\/30739\/revisions\/30742"}],"wp:attachment":[{"href":"https:\/\/extraslovensko.sk\/spravy\/wp-json\/wp\/v2\/media?parent=30739"}],"wp:term":[{"taxonomy":"category","embeddable":true,"href":"https:\/\/extraslovensko.sk\/spravy\/wp-json\/wp\/v2\/categories?post=30739"},{"taxonomy":"post_tag","embeddable":true,"href":"https:\/\/extraslovensko.sk\/spravy\/wp-json\/wp\/v2\/tags?post=30739"}],"curies":[{"name":"wp","href":"https:\/\/api.w.org\/{rel}","templated":true}]}}