{"id":30748,"date":"2025-08-07T17:14:48","date_gmt":"2025-08-07T17:14:48","guid":{"rendered":"https:\/\/extraslovensko.sk\/spravy\/?p=30748"},"modified":"2025-08-07T17:15:24","modified_gmt":"2025-08-07T17:15:24","slug":"ficova-koalicia-vita-navrat-starych-dobrych-casov-cez-babisa","status":"publish","type":"post","link":"https:\/\/extraslovensko.sk\/spravy\/ficova-koalicia-vita-navrat-starych-dobrych-casov-cez-babisa\/","title":{"rendered":"Ficova koal\u00edcia v\u00edta n\u00e1vrat star\u00fdch dobr\u00fdch \u010dasov cez Babi\u0161a"},"content":{"rendered":"<p>Slovensk\u00e1 vl\u00e1dna garnit\u00fara dnes oslavuje. Nie, nie preto, \u017ee by sa kone\u010dne podarilo zn\u00ed\u017ei\u0165 ceny potrav\u00edn alebo \u017ee by zdravotn\u00edctvo prestalo kolabova\u0165 \u2013 d\u00f4vod je ove\u013ea hlb\u0161\u00ed, historickej\u0161\u00ed. Vraj sa do politiky v \u010cesku vracia mu\u017e, ktor\u00fd steles\u0148uje v\u0161etko, \u010do m\u00e1 slovensk\u00e1 koal\u00edcia tak rada: nostalgia za \u201ezlat\u00fdmi\u201c dev\u00e4\u0165desiatkami, dobr\u00e9 kontakty na V\u00fdchod a samozrejme, jemn\u00fd z\u00e1van spolupr\u00e1ce s \u0160tB.\n    <\/p>\n<h1>Rados\u0165 bez hran\u00edc: Ficova koal\u00edcia v\u00edta n\u00e1vrat star\u00fdch dobr\u00fdch \u010dasov cez Babi\u0161a<\/h1>\n<h2>Babi\u0161 ako ide\u00e1lny sused: Tak trochu komunista, tak trochu miliard\u00e1r<\/h2>\n<p>\n      \u201eTak\u00e9 nie\u010do tu ch\u00fdbalo,\u201c mal vraj v \u00fazkom kruhu poveda\u0165 jeden z koali\u010dn\u00fdch l\u00eddrov, \u201eve\u010f kto in\u00fd by vedel tak dobre sk\u013abi\u0165 minulos\u0165 agenta a pr\u00edtomnos\u0165 biznismena s nejasn\u00fdm portf\u00f3liom?\u201c A skuto\u010dne, \u010do m\u00f4\u017ee by\u0165 pre slovensk\u00fa mocensk\u00fa elitu atrakt\u00edvnej\u0161ie ne\u017e kombin\u00e1cia star\u00fdch k\u00e1drov, kapit\u00e1lu z podivn\u00fdch \u010dias a ob\u010dasn\u00fdch v\u00fdpadov proti Z\u00e1padu?\n    <\/p>\n<p>\n      Andrej Babi\u0161, ktor\u00fd s\u00e1m seba st\u00e1le vn\u00edma ako obe\u0165 nepriate\u013esk\u00fdch m\u00e9di\u00ed, sa tak st\u00e1va prirodzen\u00fdm spojencom slovensk\u00fdch politick\u00fdch kruhov, ktor\u00e9 maj\u00fa presne rovnak\u00fd pocit \u2013 \u017ee svet je proti nim, \u017ee Soros d\u00fdcha na krk a \u017ee Brusel je n\u00e1stroj americk\u00e9ho deep state.\n    <\/p>\n<h2>Zlat\u00fd fond agend: \u0160TB sp\u00e1ja n\u00e1rody<\/h2>\n<p>\n      Samozrejme, cel\u00e9 to nie je len o politike. Je to aj o em\u00f3cii, o n\u00e1vrate k hodnot\u00e1m, ktor\u00e9 niektor\u00ed pova\u017euj\u00fa za nespravodlivo po\u0161pinen\u00e9. Preto nie je prekvapen\u00edm, \u017ee slovensk\u00e9 ministerstvo nostalgie (neofici\u00e1lne zriaden\u00e9 v priestoroch parlamentnej bufetovej z\u00f3ny) dnes vyvesilo \u010desk\u00fa vlajku s portr\u00e9tom Andreja Babi\u0161a a n\u00e1pisom: <strong>\u201eBratia, kone\u010dne op\u00e4\u0165 spolu.\u201c<\/strong>\n    <\/p>\n<p>\n      V\u00fdroky ako \u201eagenti boli tie\u017e len \u013eudia\u201c \u010di \u201eekonomick\u00e1 spolupr\u00e1ca s Moskvou je len pragmatick\u00e1\u201c u\u017e d\u00e1vno stratili ironick\u00fd podt\u00f3n. Naopak, stali sa oslavn\u00fdmi sloganmi. A ak niekto steles\u0148uje t\u00fato \u201en\u00e1rodno-pragmatick\u00fa v\u00edziu\u201c v \u010deskom priestore, je to pr\u00e1ve Andrej Babi\u0161 \u2013 b\u00fdval\u00fd agent, podnikate\u013e a ne\u00fanavn\u00fd bojovn\u00edk proti v\u0161etk\u00fdm, ktor\u00ed ho nepr\u00e1vom naz\u00fdvaj\u00fa oligarchom.\n    <\/p>\n<h2>Zjednoten\u00ed v re\u0165azcoch: Agrofert &#038; Agro\u0161t\u00e1t<\/h2>\n<p>\n      K\u00fdm slovensk\u00fd \u0161t\u00e1t sa pomaly premie\u0148a na n\u00e1rodn\u00fd Agrofert, Babi\u0161 u\u017e t\u00fato misiu d\u00e1vno splnil. Ficov kabinet tak vid\u00ed v Babi\u0161ovi nielen in\u0161pir\u00e1ciu, ale aj praktick\u00e9ho partnera. Ve\u010f si len predstavte t\u00fa spolupr\u00e1cu: spolo\u010dn\u00e9 verejn\u00e9 obstar\u00e1vania pre predra\u017een\u00e9 potravinov\u00e9 re\u0165azce, tendre na \u010doko\u013evek, \u010do smrd\u00ed dot\u00e1ciou, a nekone\u010dn\u00e9 PR kampane v \u0161t\u00e1tom kontrolovan\u00fdch m\u00e9di\u00e1ch.\n    <\/p>\n<p>\n      Mo\u017eno aj preto sa slovensk\u00fd premi\u00e9r nechal po\u010du\u0165, \u017ee \u201eby sa mal Babi\u0161 \u010dastej\u0161ie chodi\u0165 in\u0161pirova\u0165 k n\u00e1m \u2013 e\u0161te mu uk\u00e1\u017eeme, ako sa to rob\u00ed s bezpe\u010dnostn\u00fdmi zlo\u017ekami\u201c. Jednota v bezpe\u010dnosti, jednota v agrosektore, jednota v minulosti.\n    <\/p>\n<h2>Opoz\u00edcia? Kaviare\u0148, progres\u00edvci a slnie\u010dk\u00e1ri<\/h2>\n<p>\n      Oba politick\u00e9 svety, slovensk\u00fd aj \u010desk\u00fd, maj\u00fa spolo\u010dn\u00e9ho nepriate\u013ea: \u013eud\u00ed, ktor\u00ed si myslia, \u017ee demokracia m\u00e1 pravidl\u00e1. Ale kto m\u00e1 dnes \u010das na tak\u00e9 detaily? D\u00f4le\u017eit\u00e9 je, \u017ee \u201en\u00e1rod c\u00edti\u201c a \u017ee \u201e\u013eudia chc\u00fa poriadok\u201c. A poriadok prinesie len ten, kto sa u\u017e raz nau\u010dil zapisova\u0165 men\u00e1 do zv\u00e4zkov a p\u00edsa\u0165 hl\u00e1senia.\n    <\/p>\n<p>\n      Niet divu, \u017ee v slovensk\u00fdch \u00faradoch sa dnes \u0161epk\u00e1 o \u201enovom bratskom tandeme\u201c, ktor\u00fd vr\u00e1ti stredn\u00fa Eur\u00f3pu tam, kam patr\u00ed \u2013 niekam medzi Budape\u0161\u0165 a Minsk.\n    <\/p>\n<h2>Z\u00e1ver: Vzkriesenie minulosti pod nov\u00fdm logom<\/h2>\n<p>\n      Ak niekto d\u00fafal, \u017ee dejiny id\u00fa dopredu, slovensk\u00e1 koal\u00edcia a \u010desk\u00fd Andrej Babi\u0161 mu radi vysvetlia, \u017ee sa vlastne kr\u00fatia dookola. Ve\u010f \u010do je lep\u0161ie ako vedie\u0165 presne, kto je nepriate\u013e, ma\u0165 pod palcom m\u00e9di\u00e1 a k tomu v\u0161etk\u00e9mu kontrolova\u0165 aj \u010derpacie stanice?\n    <\/p>\n<p>\n      V\u00ed\u0165azstvo agenta v susednom \u0161t\u00e1te? Pre niekoho \u0161ok. Pre Ficovu vl\u00e1du \u2013 de\u0148 n\u00e1rodn\u00e9ho uzmierenia. Len e\u0161te treba po\u010dka\u0165, k\u00fdm Brusel po\u0161le \u010fal\u0161\u00ed bal\u00edk pe\u0148az\u00ed. Potom sa to m\u00f4\u017ee cel\u00e9 opakova\u0165.\n    <\/p>\n","protected":false},"excerpt":{"rendered":"<p>Slovensk\u00e1 vl\u00e1dna garnit\u00fara dnes oslavuje. Nie, nie preto, \u017ee by sa kone\u010dne podarilo zn\u00ed\u017ei\u0165 ceny potrav\u00edn alebo \u017ee by zdravotn\u00edctvo prestalo kolabova\u0165 \u2013 d\u00f4vod je ove\u013ea hlb\u0161\u00ed, historickej\u0161\u00ed. Vraj sa do politiky v \u010cesku vracia mu\u017e, ktor\u00fd steles\u0148uje v\u0161etko, \u010do m\u00e1 slovensk\u00e1 koal\u00edcia tak rada: nostalgia za \u201ezlat\u00fdmi\u201c dev\u00e4\u0165desiatkami, dobr\u00e9 kontakty na V\u00fdchod a samozrejme, [&hellip;]<\/p>\n","protected":false},"author":1,"featured_media":0,"comment_status":"closed","ping_status":"open","sticky":false,"template":"","format":"standard","meta":{"footnotes":""},"categories":[5],"tags":[],"class_list":["post-30748","post","type-post","status-publish","format-standard","hentry","category-exo-news"],"_links":{"self":[{"href":"https:\/\/extraslovensko.sk\/spravy\/wp-json\/wp\/v2\/posts\/30748","targetHints":{"allow":["GET"]}}],"collection":[{"href":"https:\/\/extraslovensko.sk\/spravy\/wp-json\/wp\/v2\/posts"}],"about":[{"href":"https:\/\/extraslovensko.sk\/spravy\/wp-json\/wp\/v2\/types\/post"}],"author":[{"embeddable":true,"href":"https:\/\/extraslovensko.sk\/spravy\/wp-json\/wp\/v2\/users\/1"}],"replies":[{"embeddable":true,"href":"https:\/\/extraslovensko.sk\/spravy\/wp-json\/wp\/v2\/comments?post=30748"}],"version-history":[{"count":3,"href":"https:\/\/extraslovensko.sk\/spravy\/wp-json\/wp\/v2\/posts\/30748\/revisions"}],"predecessor-version":[{"id":30751,"href":"https:\/\/extraslovensko.sk\/spravy\/wp-json\/wp\/v2\/posts\/30748\/revisions\/30751"}],"wp:attachment":[{"href":"https:\/\/extraslovensko.sk\/spravy\/wp-json\/wp\/v2\/media?parent=30748"}],"wp:term":[{"taxonomy":"category","embeddable":true,"href":"https:\/\/extraslovensko.sk\/spravy\/wp-json\/wp\/v2\/categories?post=30748"},{"taxonomy":"post_tag","embeddable":true,"href":"https:\/\/extraslovensko.sk\/spravy\/wp-json\/wp\/v2\/tags?post=30748"}],"curies":[{"name":"wp","href":"https:\/\/api.w.org\/{rel}","templated":true}]}}