{"id":30752,"date":"2025-08-07T17:18:52","date_gmt":"2025-08-07T17:18:52","guid":{"rendered":"https:\/\/extraslovensko.sk\/spravy\/?p=30752"},"modified":"2025-08-09T11:24:11","modified_gmt":"2025-08-09T11:24:11","slug":"sutaj-estok-dufa-v-obnovu-spoluprace-snad-pride-spat-ten-spravny-agent-stb","status":"publish","type":"post","link":"https:\/\/extraslovensko.sk\/spravy\/sutaj-estok-dufa-v-obnovu-spoluprace-snad-pride-spat-ten-spravny-agent-stb\/","title":{"rendered":"\u0160utaj E\u0161tok d\u00fafa v obnovu spolupr\u00e1ce: Sn\u00e1\u010f pr\u00edde sp\u00e4\u0165 ten spr\u00e1vny agent \u0160tB"},"content":{"rendered":"<p> Minister vn\u00fatra Mat\u00fa\u0161 \u0160utaj E\u0161tok neskr\u00fdval dojatie. V tieni rozpoltenej Eur\u00f3py a \u00fapadku z\u00e1padn\u00fdch hodn\u00f4t toti\u017e kone\u010dne svit\u00e1 na lep\u0161ie \u010dasy \u2013 v susedn\u00fdch \u010cech\u00e1ch sa \u010drt\u00e1 n\u00e1vrat zn\u00e1mej tv\u00e1re, ktor\u00fa slovensk\u00e1 vl\u00e1da pozn\u00e1 nielen z tituliek bulv\u00e1ru, ale aj z arch\u00edvov \u0160tB. \u00c1no, Andrej Babi\u0161 by sa mohol op\u00e4\u0165 sta\u0165 premi\u00e9rom \u2013 a v Bratislave u\u017e otv\u00e1raj\u00fa \u0161ampansk\u00e9. Samozrejme, slovensk\u00e9, kontrolovan\u00e9 \u0161t\u00e1tom.\n    <\/p>\n<h1>\u0160utaj E\u0161tok d\u00fafa v obnovu spolupr\u00e1ce: \u201eSn\u00e1\u010f pr\u00edde sp\u00e4\u0165 ten spr\u00e1vny agent \u0160tB\u201c<\/h1>\n<h2>\u201eBratia sa op\u00e4\u0165 spoja\u201c \u2013 hovor\u00ed mu\u017e z\u00e1kona<\/h2>\n<p>\n      \u201eVer\u00edme, \u017ee s n\u00e1vratom p\u00e1na Babi\u0161a sa obnov\u00ed aj d\u00f4vera medzi na\u0161imi vl\u00e1dami. Ve\u010f kto in\u00fd rozumie na\u0161im hodnot\u00e1m, ako niekto, kto si tie\u017e pre\u0161iel socialistickou v\u00fdchovou a vie, ako to chod\u00ed, ke\u010f m\u00e1 \u0161t\u00e1t siln\u00fa ruku?\u201c \u2013 zaznelo z \u00fast ministra, zatia\u013e \u010do na pozad\u00ed be\u017eal spot RTVS o tom, ako je demokracia precenen\u00e1.\n    <\/p>\n<p>\n      \u0160utaj E\u0161tok, zn\u00e1my obdivovate\u013e poriadku, centraliz\u00e1cie a \u201estability\u201c, vraj vn\u00edma Babi\u0161a ako ide\u00e1lneho partnera pre koordin\u00e1ciu \u010dohoko\u013evek, \u010do sa t\u00fdka bezpe\u010dnostn\u00fdch zlo\u017eiek. \u201eKone\u010dne bude mo\u017en\u00e9 dohodn\u00fa\u0165 sa na v\u00fdmene d\u00e1t bez zbyto\u010dn\u00e9ho p\u00fdtania sa ob\u010danov, m\u00e9di\u00ed alebo \u2013 nedajbo\u017ee \u2013 opoz\u00edcie,\u201c dodal s \u00fasmevom, ktor\u00fd sa d\u00e1 op\u00edsa\u0165 ako zmes \u00fa\u013eavy a profesion\u00e1lneho cynizmu.\n    <\/p>\n<h2>\u0160tB nie je nad\u00e1vka \u2013 je to zna\u010dka kvality<\/h2>\n<p>\n      Na ot\u00e1zku, \u010di mu neprek\u00e1\u017ea Babi\u0161ova minulos\u0165 ako evidovan\u00e9ho agenta, minister len pokr\u010dil plecami: \u201eViete, v na\u0161ich kon\u010din\u00e1ch sa z toho rob\u00ed ve\u013ek\u00e9 hal\u00f3, ale v skuto\u010dnosti je to len doklad o sk\u00fasenostiach. Niektor\u00ed si d\u00e1vaj\u00fa tituly pred meno, in\u00ed maj\u00fa zv\u00e4zok.\u201c A dodal, \u017ee ke\u010f je niekto raz v zv\u00e4zku, nemal by sa za to hanbi\u0165 \u2013 \u201eve\u010f kto z n\u00e1s tam nebol, \u017ee?\u201c\n    <\/p>\n<p>\n      Pod\u013ea slov niektor\u00fdch analytikov ide o sign\u00e1l, \u017ee slovensk\u00e1 vl\u00e1da uv\u00edta ak\u00e9hoko\u013evek partnera, ktor\u00fd vie, ako sa nar\u00e1ba s inform\u00e1ciami, dot\u00e1ciami a ob\u010danmi. Preferen\u010dne v tomto porad\u00ed.\n    <\/p>\n<h2>Bratislava a Praha: op\u00e4\u0165 ruka v ruke (so zlo\u017ekami v ruk\u00e1ve)<\/h2>\n<p>\n      Ak sa Andrej Babi\u0161 naozaj vr\u00e1ti na premi\u00e9rsku stoli\u010dku, mohol by to by\u0165 za\u010diatok novej \u00e9ry \u010desko-slovensk\u00fdch vz\u0165ahov. Nie na b\u00e1ze liber\u00e1lnych hodn\u00f4t, ale na z\u00e1klade skuto\u010dnej \u201en\u00e1rodnej suverenity\u201c, v ktorej s\u00fa m\u00e9di\u00e1 dr\u017ean\u00e9 nakr\u00e1tko, protesty sa vysvet\u013euj\u00fa ako hybridn\u00e9 hrozby a opoz\u00edcia sa obvi\u0148uje z \u00fakladov proti n\u00e1rodu.\n    <\/p>\n<p>\n      \u0160utaj E\u0161tok by vraj r\u00e1d s \u010desk\u00fdm kolegom vymyslel \u201enov\u00fd model spolupr\u00e1ce tajn\u00fdch slu\u017eieb, pol\u00edcie a prokurat\u00fary\u201c. Pracovn\u00fd n\u00e1zov? Projekt STABILITA 2.0 \u2013 tentokr\u00e1t bez zbyto\u010dnej transparentnosti.\n    <\/p>\n<h2>\u010co na to verejnos\u0165? Kto sa p\u00fdta, ten je podozriv\u00fd<\/h2>\n<p>\n      Na ot\u00e1zky novin\u00e1rov, \u010di nie je \u010dudn\u00e9, \u017ee vl\u00e1da oslavuje pr\u00edchod mu\u017ea s kontroverznou minulos\u0165ou, \u0160utaj E\u0161tok odpovedal protiot\u00e1zkou: \u201eA vy komu sl\u00fa\u017eite?\u201c Vz\u00e1p\u00e4t\u00ed bol novin\u00e1r slu\u0161ne po\u017eiadan\u00fd, aby pre\u0161iel prevent\u00edvnou bezpe\u010dnostnou lustr\u00e1ciou. Pre istotu.\n    <\/p>\n<p>\n      Minister z\u00e1rove\u0148 uviedol, \u017ee ka\u017ed\u00e9ho novin\u00e1ra, ktor\u00fd bude \u201espochyb\u0148ova\u0165 historick\u00fa \u00falohu \u0160tB v na\u0161ich dejin\u00e1ch\u201c, \u010dak\u00e1 diskusia \u2013 v zmysle \u201ediskusia na oddelen\u00ed \u010d\u00edslo \u0161tyri\u201c.\n    <\/p>\n<h2>Z\u00e1ver: Star\u00e9 \u010dasy, nov\u00e9 \u0161ance<\/h2>\n<p>\n      Ako by to povedal klasik \u2013 hist\u00f3ria sa neopakuje, ale r\u00fdmuje. A v tomto pr\u00edpade sa r\u00fdmuje dos\u0165 ironicky. Babi\u0161 ako symbol minulosti, ktor\u00fa nechceme pusti\u0165, a \u0160utaj E\u0161tok ako modern\u00fd spr\u00e1vca dedi\u010dstva, ktor\u00e9 by u\u017e d\u00e1vno malo le\u017ea\u0165 v m\u00fazeu.\n    <\/p>\n<p>\n      Ak Babi\u0161 vyhr\u00e1 vo\u013eby, nebude to len jeho v\u00ed\u0165azstvo. Bude to v\u00ed\u0165azstvo v\u0161etk\u00fdch, ktor\u00ed si myslia, \u017ee demokracia je len z\u00e1padn\u00fd pre\u017eitok, \u017ee arch\u00edvy treba zamkn\u00fa\u0165 a \u017ee ob\u010dan m\u00e1 pr\u00e1vo \u2013 ml\u010da\u0165.\n    <\/p>\n<p><strong>Slovensko a \u010cesko \u2013 op\u00e4\u0165 spolu. V duchu trad\u00edcie, ktor\u00e1 odmieta zmizn\u00fa\u0165. So zv\u00e4zkami, ktor\u00e9 nepustia.<\/strong><\/p>\n","protected":false},"excerpt":{"rendered":"<p>Minister vn\u00fatra Mat\u00fa\u0161 \u0160utaj E\u0161tok neskr\u00fdval dojatie. V tieni rozpoltenej Eur\u00f3py a \u00fapadku z\u00e1padn\u00fdch hodn\u00f4t toti\u017e kone\u010dne svit\u00e1 na lep\u0161ie \u010dasy \u2013 v susedn\u00fdch \u010cech\u00e1ch sa \u010drt\u00e1 n\u00e1vrat zn\u00e1mej tv\u00e1re, ktor\u00fa slovensk\u00e1 vl\u00e1da pozn\u00e1 nielen z tituliek bulv\u00e1ru, ale aj z arch\u00edvov \u0160tB. \u00c1no, Andrej Babi\u0161 by sa mohol op\u00e4\u0165 sta\u0165 premi\u00e9rom \u2013 a v [&hellip;]<\/p>\n","protected":false},"author":1,"featured_media":0,"comment_status":"closed","ping_status":"open","sticky":false,"template":"","format":"standard","meta":{"footnotes":""},"categories":[5],"tags":[],"class_list":["post-30752","post","type-post","status-publish","format-standard","hentry","category-exo-news"],"_links":{"self":[{"href":"https:\/\/extraslovensko.sk\/spravy\/wp-json\/wp\/v2\/posts\/30752","targetHints":{"allow":["GET"]}}],"collection":[{"href":"https:\/\/extraslovensko.sk\/spravy\/wp-json\/wp\/v2\/posts"}],"about":[{"href":"https:\/\/extraslovensko.sk\/spravy\/wp-json\/wp\/v2\/types\/post"}],"author":[{"embeddable":true,"href":"https:\/\/extraslovensko.sk\/spravy\/wp-json\/wp\/v2\/users\/1"}],"replies":[{"embeddable":true,"href":"https:\/\/extraslovensko.sk\/spravy\/wp-json\/wp\/v2\/comments?post=30752"}],"version-history":[{"count":1,"href":"https:\/\/extraslovensko.sk\/spravy\/wp-json\/wp\/v2\/posts\/30752\/revisions"}],"predecessor-version":[{"id":30755,"href":"https:\/\/extraslovensko.sk\/spravy\/wp-json\/wp\/v2\/posts\/30752\/revisions\/30755"}],"wp:attachment":[{"href":"https:\/\/extraslovensko.sk\/spravy\/wp-json\/wp\/v2\/media?parent=30752"}],"wp:term":[{"taxonomy":"category","embeddable":true,"href":"https:\/\/extraslovensko.sk\/spravy\/wp-json\/wp\/v2\/categories?post=30752"},{"taxonomy":"post_tag","embeddable":true,"href":"https:\/\/extraslovensko.sk\/spravy\/wp-json\/wp\/v2\/tags?post=30752"}],"curies":[{"name":"wp","href":"https:\/\/api.w.org\/{rel}","templated":true}]}}