{"id":30766,"date":"2025-08-09T11:38:35","date_gmt":"2025-08-09T11:38:35","guid":{"rendered":"https:\/\/extraslovensko.sk\/spravy\/?p=30766"},"modified":"2025-08-09T11:41:44","modified_gmt":"2025-08-09T11:41:44","slug":"joseph-arthur-de-gobineau-richard-wagner-a-wagnerovsky-kruh-v-bayreuthe","status":"publish","type":"post","link":"https:\/\/extraslovensko.sk\/spravy\/joseph-arthur-de-gobineau-richard-wagner-a-wagnerovsky-kruh-v-bayreuthe\/","title":{"rendered":"Joseph-Arthur de Gobineau, Richard Wagner a wagnerovsk\u00fd kruh v Bayreuthe"},"content":{"rendered":"<p>Koncom 19. storo\u010dia utrpel kult\u00farny a ideologick\u00fd kruh okolo <strong>Richarda Wagnera<\/strong> a <strong>Josepha-Arthura de Gobineaua<\/strong> dve v\u00fdznamn\u00e9 straty v kr\u00e1tkom \u010dasovom obdob\u00ed. <strong>De Gobineau<\/strong>, zn\u00e1my svojimi rasistick\u00fdmi te\u00f3riami a dielom <em>Nerovnos\u0165 \u013eudsk\u00fdch r\u00e1s<\/em>, zomrel v okt\u00f3bri 1882 v Tur\u00edne po rokoch zdravotn\u00fdch \u0165a\u017ekost\u00ed sp\u00f4soben\u00fdch mal\u00e1riou. O nieko\u013eko mesiacov nesk\u00f4r, vo febru\u00e1ri 1883, zomrel po\u010das dovolenky v Ben\u00e1tkach aj samotn\u00fd Wagner, pri\u010dom pr\u00ed\u010dinou bol infarkt.<\/p>\n<h1>Joseph-Arthur de Gobineau, Richard Wagner a wagnerovsk\u00fd kruh v Bayreuthe<\/h1>\n<h2>Premena Bayreuthu pod veden\u00edm Cosimy Wagnerovej<\/h2>\n<p>Po Wagnerovej smrti sa vedenia <strong>Bayreuthsk\u00e9ho festivalu<\/strong> ujala jeho vdova <strong>Cosima Wagnerov\u00e1<\/strong>. Pod jej doh\u013eadom sa hudobn\u00e9 podujatie postupne menilo z umeleck\u00e9ho festivalu na centrum ideologickej kampane s n\u00e1rodnostn\u00fdm a \u010doraz v\u00fdraznej\u0161\u00edm antisemitsk\u00fdm podt\u00f3nom. Tento smer podporoval cel\u00fd wagnerovsk\u00fd klan, vr\u00e1tane pr\u00edbuzn\u00fdch, ktor\u00ed poch\u00e1dzali z Anglicka.<\/p>\n<h2>Winifred Wagner \u2013 anglick\u00e1 nevesta a vern\u00e1 podporovate\u013eka Hitlera<\/h2>\n<p>Jednou z t\u00fdchto post\u00e1v bola <strong>Winifred Williamsov\u00e1<\/strong>, prakticky sirota, ktor\u00e1 sa v osemn\u00e1stich rokoch vydala za <strong>Siegfrieda Wagnera<\/strong>, najstar\u0161ieho syna Richarda Wagnera. V \u010dase sob\u00e1\u0161a mal Siegfried 45 rokov. Man\u017eelstvo bolo pod\u013ea dobov\u00fdch spr\u00e1v motivovan\u00e9 snahou \u201evylie\u010di\u0165\u201c ho z homosexuality a z\u00e1rove\u0148 zabezpe\u010di\u0165 legit\u00edmneho dedi\u010da rodinn\u00e9mu podniku v Bayreuthe.<\/p>\n<p>Winifred porodila \u0161tyri deti, no jej v\u00fdznam nekon\u010dil pri rodine. Po Siegfriedovej smrti v roku 1930 prevzala organiz\u00e1ciu Bayreuthsk\u00e9ho festivalu a viedla ho nasleduj\u00facich p\u00e4tn\u00e1s\u0165 rokov. Okrem toho sa stala bl\u00edzkou podporovate\u013ekou <strong>Adolfa Hitlera<\/strong>.<\/p>\n<h2>Prepojenie s Adolfom Hitlerom a \u201eMein Kampf\u201c<\/h2>\n<p>Vz\u0165ah medzi Winifred a Hitlerom mal v\u00fdrazn\u00fd politick\u00fd a symbolick\u00fd rozmer. Po ne\u00faspe\u0161nom <em>Mn\u00edchovskom pu\u010di<\/em> v roku 1923, zn\u00e1mom aj ako <em>Pivn\u00fd pu\u010d<\/em>, bol Hitler uv\u00e4znen\u00fd. Pr\u00e1ve Winifred mu dodala papier, na ktor\u00fd nadiktoval svoje dielo <strong>Mein Kampf<\/strong>. Hitlera famili\u00e1rne oslovovala \u201eVlk\u201c a jej lojalita k nemu pretrvala aj po\u010das nasleduj\u00facich rokov nacistickej vl\u00e1dy.<\/p>\n<h2>Odkaz a historick\u00fd v\u00fdznam<\/h2>\n<p>Osudy <strong>de Gobineaua<\/strong>, <strong>Wagnera<\/strong> a <strong>Winifred Wagnerovej<\/strong> ilustruj\u00fa, ako sa umeleck\u00e9 a kult\u00farne kruhy prel\u00ednali s politikou a ideol\u00f3giou v Eur\u00f3pe na prelome 19. a 20. storo\u010dia. Bayreuth sa z miesta hudobnej oslavy stal aj platformou pre nacionalistick\u00e9 a rasistick\u00e9 my\u0161lienky, ktor\u00e9 nesk\u00f4r ovplyvnili atmosf\u00e9ru nacistick\u00e9ho Nemecka.<\/p>\n","protected":false},"excerpt":{"rendered":"<p>Koncom 19. storo\u010dia utrpel kult\u00farny a ideologick\u00fd kruh okolo Richarda Wagnera a Josepha-Arthura de Gobineaua dve v\u00fdznamn\u00e9 straty v kr\u00e1tkom \u010dasovom obdob\u00ed. De Gobineau, zn\u00e1my svojimi rasistick\u00fdmi te\u00f3riami a dielom Nerovnos\u0165 \u013eudsk\u00fdch r\u00e1s, zomrel v okt\u00f3bri 1882 v Tur\u00edne po rokoch zdravotn\u00fdch \u0165a\u017ekost\u00ed sp\u00f4soben\u00fdch mal\u00e1riou. O nieko\u013eko mesiacov nesk\u00f4r, vo febru\u00e1ri 1883, zomrel po\u010das dovolenky [&hellip;]<\/p>\n","protected":false},"author":1,"featured_media":0,"comment_status":"closed","ping_status":"open","sticky":false,"template":"","format":"standard","meta":{"footnotes":""},"categories":[13],"tags":[],"class_list":["post-30766","post","type-post","status-publish","format-standard","hentry","category-historia-anatolij-fomenko"],"_links":{"self":[{"href":"https:\/\/extraslovensko.sk\/spravy\/wp-json\/wp\/v2\/posts\/30766","targetHints":{"allow":["GET"]}}],"collection":[{"href":"https:\/\/extraslovensko.sk\/spravy\/wp-json\/wp\/v2\/posts"}],"about":[{"href":"https:\/\/extraslovensko.sk\/spravy\/wp-json\/wp\/v2\/types\/post"}],"author":[{"embeddable":true,"href":"https:\/\/extraslovensko.sk\/spravy\/wp-json\/wp\/v2\/users\/1"}],"replies":[{"embeddable":true,"href":"https:\/\/extraslovensko.sk\/spravy\/wp-json\/wp\/v2\/comments?post=30766"}],"version-history":[{"count":3,"href":"https:\/\/extraslovensko.sk\/spravy\/wp-json\/wp\/v2\/posts\/30766\/revisions"}],"predecessor-version":[{"id":30769,"href":"https:\/\/extraslovensko.sk\/spravy\/wp-json\/wp\/v2\/posts\/30766\/revisions\/30769"}],"wp:attachment":[{"href":"https:\/\/extraslovensko.sk\/spravy\/wp-json\/wp\/v2\/media?parent=30766"}],"wp:term":[{"taxonomy":"category","embeddable":true,"href":"https:\/\/extraslovensko.sk\/spravy\/wp-json\/wp\/v2\/categories?post=30766"},{"taxonomy":"post_tag","embeddable":true,"href":"https:\/\/extraslovensko.sk\/spravy\/wp-json\/wp\/v2\/tags?post=30766"}],"curies":[{"name":"wp","href":"https:\/\/api.w.org\/{rel}","templated":true}]}}