{"id":30770,"date":"2025-08-09T11:42:26","date_gmt":"2025-08-09T11:42:26","guid":{"rendered":"https:\/\/extraslovensko.sk\/spravy\/?p=30770"},"modified":"2025-08-09T11:43:19","modified_gmt":"2025-08-09T11:43:19","slug":"bayreuth-cosima-wagnerova-a-prepojenia-na-nacisticku-propagandu","status":"publish","type":"post","link":"https:\/\/extraslovensko.sk\/spravy\/bayreuth-cosima-wagnerova-a-prepojenia-na-nacisticku-propagandu\/","title":{"rendered":"Bayreuth, Cosima Wagnerov\u00e1 a prepojenia na nacistick\u00fa propagandu"},"content":{"rendered":"\n<p>Po Wagnerovej smrti prevzala vedenie festivalu jeho vdova <strong>Cosima Wagnerov\u00e1<\/strong>. T\u00e1 premenila hudobn\u00fd festival v Bayreuthe na centrum \u010doraz silnej\u0161ieho nacionalistick\u00e9ho a antisemitick\u00e9ho \u0165a\u017eenia, ktor\u00e9 postupne prer\u00e1stlo do ideologick\u00e9ho kultu okolo Wagnerovho mena. Tento kult nebol len hudobn\u00fdm javom \u2013 niesol so sebou politick\u00e9 posolstv\u00e1, ktor\u00e9 sa nesk\u00f4r stali s\u00fa\u010das\u0165ou nacistickej propagandy.<\/p>\n<h1>Bayreuth, Cosima Wagnerov\u00e1 a prepojenia na nacistick\u00fa propagandu<\/h1>\n<h2>Rodinn\u00e9 prepojenia a ideologick\u00e9 dedi\u010dstvo<\/h2>\n<p>Wagnerovsk\u00fd klan sa postupne roz\u0161iroval aj o \u010dlenov z in\u00fdch kraj\u00edn. Medzi nimi bola <strong>Winifred Williamsov\u00e1<\/strong>, anglick\u00e1 sirota, ktor\u00e1 sa vo veku osemn\u00e1stich rokov vydala za najstar\u0161ieho syna Richarda Wagnera \u2013 <strong>Siegfrieda Wagnera<\/strong>. Siegfried mal v tom \u010dase 45 rokov a sob\u00e1\u0161 bol motivovan\u00fd snahou \u201evylie\u010di\u0165\u201c jeho homosexualitu a zabezpe\u010di\u0165 legit\u00edmneho dedi\u010da rodinn\u00e9ho podniku. Winifred porodila \u0161tyri deti a po Siegfriedovej smrti v roku 1930 prevzala vedenie festivalu.<\/p>\n<h2>Winifred Wagnerov\u00e1 a jej vz\u0165ah k Adolfovi Hitlerovi<\/h2>\n<p>Winifred sa stala k\u013e\u00fa\u010dovou postavou pri politickom smerovan\u00ed Bayreuthsk\u00e9ho festivalu. Jej oddanos\u0165 nacistick\u00e9mu vodcovi Adolfovi Hitlerovi bola mimoriadna \u2013 oslovovala ho prez\u00fdvkou \u201eVlk\u201c a udr\u017eiavala s n\u00edm osobn\u00fd kontakt. Po ne\u00faspe\u0161nom <strong>Mn\u00edchovskom pu\u010di<\/strong> v roku 1923, ke\u010f bol Hitler uv\u00e4znen\u00fd, pr\u00e1ve ona mu dodala papier, na ktor\u00fd nadiktoval svoj ideologick\u00fd manifest <em>Mein Kampf<\/em>. Jej lojalita k nemu pretrvala po\u010das cel\u00e9ho jeho politick\u00e9ho p\u00f4sobenia.<\/p>\n<h2>Bayreuth ako n\u00e1stroj nacistickej propagandy<\/h2>\n<p>Pod veden\u00edm Cosimy a nesk\u00f4r Winifred sa Bayreuthsk\u00fd festival stal d\u00f4le\u017eitou s\u00fa\u010das\u0165ou nacistickej kult\u00farnej strat\u00e9gie. Nacisti vyu\u017e\u00edvali Wagnerovu hudbu ako prostriedok na \u0161\u00edrenie ideol\u00f3gie, pri\u010dom Bayreuth sa stal miestom, kde sa stret\u00e1vali politick\u00e9 a kult\u00farne elity Tretiej r\u00ed\u0161e. Adolf Hitler bol pravideln\u00fdm n\u00e1v\u0161tevn\u00edkom festivalu a vn\u00edmal ho ako symbol \u201e\u010distej nemeckej kult\u00fary\u201c.<\/p>\n<p>Cosima Wagnerov\u00e1 vedome podporovala interpret\u00e1ciu Wagnerov\u00fdch diel v duchu nacionalizmu a antisemitizmu. T\u00e1to umeleck\u00e1 a ideologick\u00e1 kombin\u00e1cia prispela k tomu, \u017ee Bayreuth z\u00edskal \u0161tat\u00fat \u201ekult\u00farneho sv\u00e4tost\u00e1nku\u201c nacistick\u00e9ho Nemecka. N\u00e1v\u0161tevy vysokopostaven\u00fdch nacistov, inscen\u00e1cie nabit\u00e9 politick\u00fdmi odkazmi a \u00fazke v\u00e4zby medzi festivalov\u00fdm veden\u00edm a nacistickou stranou upevnili Bayreuth ako n\u00e1stroj propagandy.<\/p>\n<h2>Dedi\u010dstvo a historick\u00e9 hodnotenie<\/h2>\n<p>Aj po druhej svetovej vojne zostalo meno Wagner v Bayreuthe spojen\u00e9 s kontroverznou minulos\u0165ou. Historici sa zhoduj\u00fa, \u017ee hoci Wagnerova hudba mala samostatn\u00fa umeleck\u00fa hodnotu, jej vyu\u017eitie ako politick\u00e9ho n\u00e1stroja po\u010das nacistick\u00e9ho obdobia zanechalo trval\u00fa \u0161kvrnu na reput\u00e1cii festivalu. Cosima a Winifred Wagnerov\u00e9 tak zanechali dedi\u010dstvo, ktor\u00e9 je dodnes predmetom odborn\u00fdch diskusi\u00ed o vz\u0165ahu medzi umen\u00edm, politikou a ideol\u00f3giou.<\/p>\n","protected":false},"excerpt":{"rendered":"<p>Po Wagnerovej smrti prevzala vedenie festivalu jeho vdova Cosima Wagnerov\u00e1. T\u00e1 premenila hudobn\u00fd festival v Bayreuthe na centrum \u010doraz silnej\u0161ieho nacionalistick\u00e9ho a antisemitick\u00e9ho \u0165a\u017eenia, ktor\u00e9 postupne prer\u00e1stlo do ideologick\u00e9ho kultu okolo Wagnerovho mena. Tento kult nebol len hudobn\u00fdm javom \u2013 niesol so sebou politick\u00e9 posolstv\u00e1, ktor\u00e9 sa nesk\u00f4r stali s\u00fa\u010das\u0165ou nacistickej propagandy. Bayreuth, Cosima Wagnerov\u00e1 [&hellip;]<\/p>\n","protected":false},"author":1,"featured_media":0,"comment_status":"closed","ping_status":"open","sticky":false,"template":"","format":"standard","meta":{"footnotes":""},"categories":[13],"tags":[],"class_list":["post-30770","post","type-post","status-publish","format-standard","hentry","category-historia-anatolij-fomenko"],"_links":{"self":[{"href":"https:\/\/extraslovensko.sk\/spravy\/wp-json\/wp\/v2\/posts\/30770","targetHints":{"allow":["GET"]}}],"collection":[{"href":"https:\/\/extraslovensko.sk\/spravy\/wp-json\/wp\/v2\/posts"}],"about":[{"href":"https:\/\/extraslovensko.sk\/spravy\/wp-json\/wp\/v2\/types\/post"}],"author":[{"embeddable":true,"href":"https:\/\/extraslovensko.sk\/spravy\/wp-json\/wp\/v2\/users\/1"}],"replies":[{"embeddable":true,"href":"https:\/\/extraslovensko.sk\/spravy\/wp-json\/wp\/v2\/comments?post=30770"}],"version-history":[{"count":2,"href":"https:\/\/extraslovensko.sk\/spravy\/wp-json\/wp\/v2\/posts\/30770\/revisions"}],"predecessor-version":[{"id":30772,"href":"https:\/\/extraslovensko.sk\/spravy\/wp-json\/wp\/v2\/posts\/30770\/revisions\/30772"}],"wp:attachment":[{"href":"https:\/\/extraslovensko.sk\/spravy\/wp-json\/wp\/v2\/media?parent=30770"}],"wp:term":[{"taxonomy":"category","embeddable":true,"href":"https:\/\/extraslovensko.sk\/spravy\/wp-json\/wp\/v2\/categories?post=30770"},{"taxonomy":"post_tag","embeddable":true,"href":"https:\/\/extraslovensko.sk\/spravy\/wp-json\/wp\/v2\/tags?post=30770"}],"curies":[{"name":"wp","href":"https:\/\/api.w.org\/{rel}","templated":true}]}}