{"id":30773,"date":"2025-08-09T11:47:18","date_gmt":"2025-08-09T11:47:18","guid":{"rendered":"https:\/\/extraslovensko.sk\/spravy\/?p=30773"},"modified":"2025-08-09T11:48:47","modified_gmt":"2025-08-09T11:48:47","slug":"cosima-wagner-vztahy-s-politickymi-a-kulturnymi-osobnostam-bayreuthsky-festival","status":"publish","type":"post","link":"https:\/\/extraslovensko.sk\/spravy\/cosima-wagner-vztahy-s-politickymi-a-kulturnymi-osobnostam-bayreuthsky-festival\/","title":{"rendered":"Cosima Wagner: vz\u0165ahy s politick\u00fdmi a kult\u00farnymi osobnos\u0165am, Bayreuthsk\u00fd festival"},"content":{"rendered":"<p>Francesca Gaetana <strong>Cosima Wagner<\/strong> (1837\u20131930) st\u00e1la desiatky rokov na \u010dele Bayreuthsk\u00e9ho festivalu a transformovala ho z hudobn\u00e9ho podujatia na in\u0161tit\u00faciu s pevne zakotven\u00fdm ideologick\u00fdm odkazom. Jej kontakty a v\u00e4zby s vtedaj\u0161\u00edmi kult\u00farnymi i politick\u00fdmi osobnos\u0165ami v\u00fdrazne formovali podobu festivalu, jeho r\u00e9\u017eijn\u00fa politiku a aj jeho reput\u00e1ciu v 20. storo\u010d\u00ed.<\/p>\n<h1>Cosima Wagner: vz\u0165ahy s politick\u00fdmi a kult\u00farnymi osobnos\u0165ami<br \/>vplyv na Bayreuthsk\u00fd festival<\/h1>\n<h2>Cosima ako str\u00e1\u017eky\u0148a Wagnerovho odkazu<\/h2>\n<p>Po smrti Richarda Wagnera prevzala Cosima riadenie Bayreuthu a od za\u010diatku sa profilovala ako konzervat\u00edvna ochranky\u0148a \u201eorigina\u0301lnych\u201c inscen\u00e1ci\u00ed. Trvala na presnom zachovan\u00ed producentov\u00fdch in\u0161trukci\u00ed a odmietala divadeln\u00e9 inov\u00e1cie, \u010d\u00edm vytvorila trad\u00edciu, ktor\u00e1 Bayreuth formovala desa\u0165ro\u010dia. Tento pr\u00edsny kanoniza\u010dn\u00fd pr\u00edstup jej z\u00e1rove\u0148 umo\u017enil presadzova\u0165 interpret\u00e1cie diel, ktor\u00e9 zodpovedali jej kult\u00farnym a ideologick\u00fdm predstav\u00e1m<\/p>\n<h2>Kontakty s kult\u00farnymi osobnos\u0165ami a intelektu\u00e1lmi<\/h2>\n<p>Cosima udr\u017eiavala rozsiahle kontakty so skladate\u013emi, dirigentmi, kritikmi a intelektu\u00e1lmi. Jej okruh zah\u0155\u0148al osobnosti, ktor\u00e9 pom\u00e1hali vytv\u00e1ra\u0165 umeleck\u00fa aureolu Bayreuthu \u2014 od dlhoro\u010dn\u00fdch spolupracovn\u00edkov po nov\u00fdch obhajcov wagneri\u00e1nstva. Tieto vz\u0165ahy pom\u00e1hali legitimizova\u0165 umeleck\u00e9 rozhodnutia festivalu a z\u00e1rove\u0148 \u0161\u00edrili interpret\u00e1ciu Wagnerovho diela ako nosite\u013ea \u201enemeckej kult\u00fary\u201c. <\/p>\n<h2>Politick\u00e9 v\u00e4zby a ideologick\u00e9 presved\u010denia<\/h2>\n<p>Cosima zdie\u013eala s Wagnerom ur\u010dit\u00e9 predstavy o kult\u00farnej nadradenosti a prejavila otvoren\u00e9 sympatie k n\u00e1rodn\u00fdm my\u0161lienkam, ktor\u00e9 mali \u010dast\u00fd antisemitsk\u00fd podt\u00f3n. Pod jej veden\u00edm sa Bayreuth st\u00e1val miestom, kde sa estetika prel\u00ednala s politick\u00fdmi ideami \u2014 postupne sa vytv\u00e1ralo prostredie, v ktorom mohli radik\u00e1lnej\u0161ie nacionalistick\u00e9 i rasistick\u00e9 interpret\u00e1cie nach\u00e1dza\u0165 priaznivcov.<\/p>\n<h2>Prepojenie Bayreuthu s nacistickou propagandou<\/h2>\n<p>Hoci Cosima zomrela pred n\u00e1stupom nacistickej moci, jej desa\u0165ro\u010dia dlh\u00e1 politika zachovania \u201e\u010dist\u00fdch\u201c wagnerovsk\u00fdch inscen\u00e1ci\u00ed a d\u00f4raz na n\u00e1rodnostn\u00e9 posolstvo vytvorili priazniv\u00e9 prostredie, ktor\u00e9 nacistick\u00ed ideol\u00f3govia nesk\u00f4r vyu\u017eili. Bayreuth sa stal symbolom \u201e\u010distej nemeckej kult\u00fary\u201c a miesto pravideln\u00fdch n\u00e1v\u0161tev a vyst\u00fapen\u00ed vysokopostaven\u00fdch nacistov; hudba a ritu\u00e1l festivalu napom\u00e1hali legitimiz\u00e1cii re\u017eimu v o\u010diach ur\u010dit\u00fdch vrstiev spolo\u010dnosti.<\/p>\n<h2>Cosimina sie\u0165 \u2013 konkr\u00e9tne pr\u00edklady vplyvn\u00fdch vz\u0165ahov<\/h2>\n<p>Medzi Cosiminy bl\u00edzke kontakty patrili dirigenti a interpreti, ktor\u00ed formovali hudobn\u00fa tv\u00e1r festivalu, ale tie\u017e konzervat\u00edvni mecen\u00e1\u0161i a intelektu\u00e1li, ktor\u00ed prepo\u017ei\u010diavali Bayreuthu spolo\u010densk\u00fa v\u00e1hu. Tieto v\u00e4zby u\u013eah\u010dili nielen umeleck\u00e9 rozhodnutia, ale aj politick\u00e9 prepojenia, ke\u010f\u017ee niektor\u00ed \u010dlenovia okruhu mali otvoren\u00e9 n\u00e1rodn\u00e9 alebo antisemitsk\u00e9 sympatie, ktor\u00e9 sa nesk\u00f4r mohli prel\u00edna\u0165 s politikou 20. storo\u010dia.<\/p>\n<h2>Dedi\u010dstvo: kult\u00farna autorita a kontroverzia<\/h2>\n<p>V\u00fdsledkom Cosiminho p\u00f4sobenia bola dvojak\u00e1 reput\u00e1cia Bayreuthu: na jednej strane jedine\u010dn\u00e9 umeleck\u00e9 dedi\u010dstvo a presadzovanie Wagnerovho interpreta\u010dn\u00e9ho k\u00e1nonu; na druhej strane pevn\u00e9 prepojenie so \u0161ovinizmom a antisemitizmom, ktor\u00e9 umo\u017enilo neskor\u0161ie zneu\u017eitie festivalu politick\u00fdmi silami. Historiografia dnes zd\u00f4raz\u0148uje oboje \u2014 umeleck\u00fd v\u00fdznam Bayreuthu i etick\u00e9 d\u00f4sledky interpret\u00e1ci\u00ed, ktor\u00e9 tam Cosima systematizovala.<\/p>\n<h2>Z\u00e1ver: lekcia o vz\u0165ahu umenia a moci<\/h2>\n<p>Pr\u00edbeh Cosimy Wagnerovej ukazuje, ako vedenie jednej v\u00fdznamnej kult\u00farnej in\u0161tit\u00facie m\u00f4\u017ee utv\u00e1ra\u0165 priestor, ktor\u00fd nesk\u00f4r z\u00edska politick\u00fa v\u00e1hu. Jej vz\u0165ahy s kult\u00farnymi a politick\u00fdmi akt\u00e9rmi, jej konzervativizmus a ideologick\u00e9 presved\u010denia v\u00fdznamne prispeli k tomu, \u017ee Bayreuth prestal by\u0165 len muzik\u00e1lnym festivalom a stal sa symbolom, ktor\u00fd si politick\u00e9 sily dok\u00e1zali privlastni\u0165. To zost\u00e1va d\u00f4le\u017eit\u00fdm varovan\u00edm pre s\u00fa\u010dasn\u00e9 diskusie o zodpovednosti kult\u00farnych in\u0161tit\u00faci\u00ed.<\/p>\n","protected":false},"excerpt":{"rendered":"<p>Francesca Gaetana Cosima Wagner (1837\u20131930) st\u00e1la desiatky rokov na \u010dele Bayreuthsk\u00e9ho festivalu a transformovala ho z hudobn\u00e9ho podujatia na in\u0161tit\u00faciu s pevne zakotven\u00fdm ideologick\u00fdm odkazom. Jej kontakty a v\u00e4zby s vtedaj\u0161\u00edmi kult\u00farnymi i politick\u00fdmi osobnos\u0165ami v\u00fdrazne formovali podobu festivalu, jeho r\u00e9\u017eijn\u00fa politiku a aj jeho reput\u00e1ciu v 20. storo\u010d\u00ed. Cosima Wagner: vz\u0165ahy s politick\u00fdmi a [&hellip;]<\/p>\n","protected":false},"author":1,"featured_media":0,"comment_status":"closed","ping_status":"open","sticky":false,"template":"","format":"standard","meta":{"footnotes":""},"categories":[13],"tags":[],"class_list":["post-30773","post","type-post","status-publish","format-standard","hentry","category-historia-anatolij-fomenko"],"_links":{"self":[{"href":"https:\/\/extraslovensko.sk\/spravy\/wp-json\/wp\/v2\/posts\/30773","targetHints":{"allow":["GET"]}}],"collection":[{"href":"https:\/\/extraslovensko.sk\/spravy\/wp-json\/wp\/v2\/posts"}],"about":[{"href":"https:\/\/extraslovensko.sk\/spravy\/wp-json\/wp\/v2\/types\/post"}],"author":[{"embeddable":true,"href":"https:\/\/extraslovensko.sk\/spravy\/wp-json\/wp\/v2\/users\/1"}],"replies":[{"embeddable":true,"href":"https:\/\/extraslovensko.sk\/spravy\/wp-json\/wp\/v2\/comments?post=30773"}],"version-history":[{"count":2,"href":"https:\/\/extraslovensko.sk\/spravy\/wp-json\/wp\/v2\/posts\/30773\/revisions"}],"predecessor-version":[{"id":30775,"href":"https:\/\/extraslovensko.sk\/spravy\/wp-json\/wp\/v2\/posts\/30773\/revisions\/30775"}],"wp:attachment":[{"href":"https:\/\/extraslovensko.sk\/spravy\/wp-json\/wp\/v2\/media?parent=30773"}],"wp:term":[{"taxonomy":"category","embeddable":true,"href":"https:\/\/extraslovensko.sk\/spravy\/wp-json\/wp\/v2\/categories?post=30773"},{"taxonomy":"post_tag","embeddable":true,"href":"https:\/\/extraslovensko.sk\/spravy\/wp-json\/wp\/v2\/tags?post=30773"}],"curies":[{"name":"wp","href":"https:\/\/api.w.org\/{rel}","templated":true}]}}