{"id":30776,"date":"2025-08-09T11:52:54","date_gmt":"2025-08-09T11:52:54","guid":{"rendered":"https:\/\/extraslovensko.sk\/spravy\/?p=30776"},"modified":"2025-08-09T11:52:54","modified_gmt":"2025-08-09T11:52:54","slug":"cosima-wagner-a-adolf-hitler-preco-sa-ich-cesty-pretali","status":"publish","type":"post","link":"https:\/\/extraslovensko.sk\/spravy\/cosima-wagner-a-adolf-hitler-preco-sa-ich-cesty-pretali\/","title":{"rendered":"Cosima Wagner a Adolf Hitler, pre\u010do sa ich cesty pre\u0165ali"},"content":{"rendered":"\n<p>Vz\u0165ah medzi <strong>Cosimou Wagnerovou<\/strong> (1837\u20131930), vdovou po skladate\u013eovi Richardovi Wagnerovi, a <strong>Adolfom Hitlerom<\/strong> nie je priamy osobn\u00fd pr\u00edbeh v zmysle dlhoro\u010dn\u00e9ho priate\u013estva \u2014 ide sk\u00f4r o historick\u00fa konvergenciu osobnej aura v\u00fdroby kultu okolo mena Wagner a politickej ideol\u00f3gie, ktor\u00fa Hitler vn\u00edmal a vyu\u017e\u00edval. Bayreuthsk\u00fd festival a rodinn\u00e9 okolie Wagnerovcov vytvorili vhodn\u00e9 prostredie, ktor\u00e9 nesk\u00f4r u\u013eah\u010dilo Hitlerovo kultivovanie vz\u0165ahu k wagneri\u00e1nskej symbolike a jej politick\u00e9mu vyu\u017eitiu.  <\/p>\n<h1>Cosima Wagner a Adolf Hitler \u2014 pre\u010do sa ich cesty pre\u0165ali<br \/> ako sa vyv\u00edjal vz\u0165ah a ak\u00e9 mal d\u00f4sledky<\/h1>\n<h2>Pre\u010do \u2014 spolo\u010dn\u00e9 ideologick\u00e9 a kult\u00farne predpoklady<\/h2>\n<p>Cosima zdedila po Richardovi Wagnerovi nielen umeleck\u00e9 dedi\u010dstvo, ale aj jeho poh\u013eady na n\u00e1rodnos\u0165 a kult\u00farnu nadradenos\u0165, vr\u00e1tane antisemitsk\u00fdch tendenci\u00ed, ktor\u00e9 sa v niektor\u00fdch Wagnerov\u00fdch textoch objavovali. Pod jej veden\u00edm sa Bayreuth stal nielen miestom interpret\u00e1cie diel skladate\u013ea, ale aj ak\u00fdmsi kultov\u00fdm centrom, ktor\u00e9 oslavovalo \u201enemeck\u00fa kult\u00faru\u201c a identitu. Tieto t\u00e9my rezonovali s Hitlerovou ideol\u00f3giou, ktor\u00e1 h\u013eadala kult\u00farne z\u00e1klady pre vlastn\u00fa politiku a retoriku.  <\/p>\n<h2>Ako \u2014 premos\u0165ovanie cez Bayreuth, rodinu a obdiv<\/h2>\n<p>Hitler sa stal pravideln\u00fdm n\u00e1v\u0161tevn\u00edkom Bayreuthu a \u010doskoro budoval vz\u0165ahy s \u010dlenmi Wagnerovskej rodiny, najm\u00e4 s mlad\u0161\u00edmi gener\u00e1ciami, ktor\u00e9 po Cosime preberali spr\u00e1vu festivalu. Bayreuth poskytoval ritu\u00e1lne a symbolick\u00e9 prostredie \u2014 inscen\u00e1cie, cerem\u00f3nie a exkluz\u00edvne publikum \u2014 kde sa hudba, nacionalizmus a ritu\u00e1l mohli pretk\u00e1va\u0165. Zatia\u013e \u010do Cosima zomrela v roku 1930 a teda priamo neza\u017eila n\u00e1stup Hitlera k moci, jej dlhodob\u00e1 politika udr\u017eiavania \u201e\u010dist\u00e9ho\u201c wagnerovsk\u00e9ho k\u00e1nonu a zd\u00f4raz\u0148ovania n\u00e1rodnostn\u00fdch my\u0161lienok vytvorila kult\u00farne z\u00e1kladne, ktor\u00e9 Hitler nesk\u00f4r napriek jej fyzickej nepr\u00edtomnosti vyu\u017eil. <\/p>\n<h2>Konkr\u00e9tne kan\u00e1ly spojenia: rodina Wagnerovcov a Winifred<\/h2>\n<p>K\u013e\u00fa\u010dov\u00e9 pre praktick\u00e9 prepojenie Bayreuthu s Hitlerom boli rodinn\u00e9 v\u00e4zby a hos\u0165ite\u013esk\u00e9 vz\u0165ahy. Winifred Wagner, man\u017eelka Siegfrieda Wagnera (Richardovho syna), patrila medzi najbli\u017e\u0161ie spojky. Jej oddanos\u0165 Hitlerovi, osobn\u00e9 kontakty a podpora umo\u017enili premeni\u0165 Bayreuth na miesto, kam Hitler r\u00e1d pri\u0161iel a ktor\u00e9 mu poskytovalo legitimizuj\u00face kult\u00farne krytie. Dokumentovan\u00e9 s\u00fa pr\u00edbehy, \u017ee Winifred posielala Hitlerovi dar\u010deky a zaistila mu materi\u00e1lnu podporu v kritick\u00fdch momentoch \u2014 napr\u00edklad papier na p\u00edsanie textu, ktor\u00fd nesk\u00f4r vznikol ako jeho \u201eMein Kampf\u201c. Tieto v\u00e4zby konkretizovali prepojenie osobnej a politickej sf\u00e9ry.  <\/p>\n<h2>N\u00e1sledky v kr\u00e1tkodobom horizonte \u2014 symbolick\u00e9 a politick\u00e9 vyu\u017eitie Bayreuthu<\/h2>\n<p>Hne\u010f po vzostupe nacizmu sa Bayreuth stal miestom, kde sa stret\u00e1vali kult\u00farne symboly a politick\u00e1 moc. Hitler a \u010fal\u0161\u00ed vysokopostaven\u00ed \u010dlenovia re\u017eimu pou\u017e\u00edvali festival ako n\u00e1stroj na pod\u010diarkovanie narat\u00edvu o \u201e\u010distej\u201c nemeckej kult\u00fare a civiliza\u010dnej v\u00fdnimo\u010dnosti. Bayreuth pon\u00fakol sl\u00e1vnostn\u00fd priestor, kde sa hudba mohla premeni\u0165 na politick\u00fa manifest\u00e1ciu bez priamej potreby otvorenej ideologickej agit\u00e1cie \u2014 samotn\u00e9 zhroma\u017edenie takejto elity pridan\u00fdm autoritou posil\u0148ovalo re\u017eim. <\/p>\n<h2>D\u00f4sledky v dlhodobom horizonte \u2014 reput\u00e1cia, historick\u00e1 pam\u00e4\u0165 a rekon\u0161trukcia<\/h2>\n<p>Dedi\u010dstvo Cosimy a obdobie, ke\u010f Bayreuth nahr\u00e1val politick\u00fdm sil\u00e1m, zanechalo festivalu trval\u00e9 reputa\u010dn\u00e9 rany. Po druhej svetovej vojne sa Bayreuth a Wagnerovo meno museli vysporiada\u0165 s ot\u00e1zkami viny, priestorom pre historick\u00fa pam\u00e4\u0165 a sp\u00f4sobmi, ak\u00fdmi oddeli\u0165 umeleck\u00fa hodnotu od ideologick\u00e9ho zneu\u017eitia. Modern\u00e9 vedenia festivalu sa sna\u017eili konfrontova\u0165 t\u00fato minulos\u0165 \u2014 vystavova\u0165 kritick\u00e9 interpret\u00e1cie, prizna\u0165 rodinn\u00e9 v\u00e4zby s nacizmom a otv\u00e1ra\u0165 diskusie o etike inscen\u00e1ci\u00ed a verejnej zodpovednosti. Tieto kroky ukazuj\u00fa, \u017ee kult\u00farne in\u0161tit\u00facie nes\u00fa dlhodob\u00fa zodpovednos\u0165 za to, ako ich symbolika m\u00f4\u017ee by\u0165 pozapojen\u00e1 do politick\u00fdch projektov.  <\/p>\n<h2>Kritick\u00e9 zhodnotenie \u2014 \u010do sa z toho d\u00e1 vy\u010d\u00edta\u0165<\/h2>\n<p>Vz\u0165ah medzi Cosimou\/Wagnerovcami a Hitlerom nie je ot\u00e1zkou jedn\u00e9ho \u201ezradn\u00e9ho\u201c aktu, ale sk\u00f4r v\u00fdsledkom postupn\u00e9ho prepojenia umeleck\u00e9ho kultu, rodinn\u00fdch v\u00e4zieb a politick\u00fdch potrieb. Cosimina konzervativiz\u00e1cia a kultiv\u00e1cia wagnerovsk\u00e9ho archetypu vytvorili prostredie, ktor\u00e9 nevedome alebo vedome u\u013eah\u010dilo politick\u00e9 zneu\u017eitie. Hist\u00f3ria Bayreuthu pripom\u00edna, \u017ee umeleck\u00e9 privil\u00e9gi\u00e1 a kult\u00farna autorita m\u00f4\u017eu by\u0165 zneu\u017eit\u00e9 na legitimiz\u00e1ciu polit\u00edk, ktor\u00e9 s\u00fa v rozpore s univerz\u00e1lnymi \u013eudsk\u00fdmi pr\u00e1vami.  <\/p>\n<h2>Z\u00e1ver<\/h2>\n<p>Cosima Wagner vytvorila a udr\u017eiavala Bayreuth ako miesto silnej symboliky \u2014 a hoci sama Cosima u\u017e nezaznamenala vrchol Hitlerovej moci, syst\u00e9m hodn\u00f4t a kult\u00farnych n\u00e1rokov, ktor\u00e9 udr\u017eiavala, sa stal jedn\u00fdm z prvkov, ktor\u00e9 nacisti dok\u00e1zali instrument\u00e1lne vyu\u017ei\u0165. D\u00f4sledky spo\u010d\u00edvaj\u00fa nielen v tom, \u017ee Bayreuth bol na ist\u00fd \u010das kult\u00farnym centrom nacistickej reprezent\u00e1cie, ale aj v dlhodobom vyrovn\u00e1van\u00ed sa s touto minulos\u0165ou: ot\u00e1zkach pam\u00e4ti, zodpovednosti a hran\u00edc medzi umen\u00edm a politikou. <\/p>\n<\/article>\n","protected":false},"excerpt":{"rendered":"<p>Vz\u0165ah medzi Cosimou Wagnerovou (1837\u20131930), vdovou po skladate\u013eovi Richardovi Wagnerovi, a Adolfom Hitlerom nie je priamy osobn\u00fd pr\u00edbeh v zmysle dlhoro\u010dn\u00e9ho priate\u013estva \u2014 ide sk\u00f4r o historick\u00fa konvergenciu osobnej aura v\u00fdroby kultu okolo mena Wagner a politickej ideol\u00f3gie, ktor\u00fa Hitler vn\u00edmal a vyu\u017e\u00edval. Bayreuthsk\u00fd festival a rodinn\u00e9 okolie Wagnerovcov vytvorili vhodn\u00e9 prostredie, ktor\u00e9 nesk\u00f4r u\u013eah\u010dilo [&hellip;]<\/p>\n","protected":false},"author":1,"featured_media":0,"comment_status":"closed","ping_status":"open","sticky":false,"template":"","format":"standard","meta":{"footnotes":""},"categories":[13],"tags":[],"class_list":["post-30776","post","type-post","status-publish","format-standard","hentry","category-historia-anatolij-fomenko"],"_links":{"self":[{"href":"https:\/\/extraslovensko.sk\/spravy\/wp-json\/wp\/v2\/posts\/30776","targetHints":{"allow":["GET"]}}],"collection":[{"href":"https:\/\/extraslovensko.sk\/spravy\/wp-json\/wp\/v2\/posts"}],"about":[{"href":"https:\/\/extraslovensko.sk\/spravy\/wp-json\/wp\/v2\/types\/post"}],"author":[{"embeddable":true,"href":"https:\/\/extraslovensko.sk\/spravy\/wp-json\/wp\/v2\/users\/1"}],"replies":[{"embeddable":true,"href":"https:\/\/extraslovensko.sk\/spravy\/wp-json\/wp\/v2\/comments?post=30776"}],"version-history":[{"count":1,"href":"https:\/\/extraslovensko.sk\/spravy\/wp-json\/wp\/v2\/posts\/30776\/revisions"}],"predecessor-version":[{"id":30777,"href":"https:\/\/extraslovensko.sk\/spravy\/wp-json\/wp\/v2\/posts\/30776\/revisions\/30777"}],"wp:attachment":[{"href":"https:\/\/extraslovensko.sk\/spravy\/wp-json\/wp\/v2\/media?parent=30776"}],"wp:term":[{"taxonomy":"category","embeddable":true,"href":"https:\/\/extraslovensko.sk\/spravy\/wp-json\/wp\/v2\/categories?post=30776"},{"taxonomy":"post_tag","embeddable":true,"href":"https:\/\/extraslovensko.sk\/spravy\/wp-json\/wp\/v2\/tags?post=30776"}],"curies":[{"name":"wp","href":"https:\/\/api.w.org\/{rel}","templated":true}]}}