{"id":30793,"date":"2025-08-09T12:48:49","date_gmt":"2025-08-09T12:48:49","guid":{"rendered":"https:\/\/extraslovensko.sk\/spravy\/?p=30793"},"modified":"2025-08-09T12:50:00","modified_gmt":"2025-08-09T12:50:00","slug":"wallis-simpson-a-jej-vztah-k-adolfovi-hitlerovi-a-nacizmu","status":"publish","type":"post","link":"https:\/\/extraslovensko.sk\/spravy\/wallis-simpson-a-jej-vztah-k-adolfovi-hitlerovi-a-nacizmu\/","title":{"rendered":"Wallis Simpson a jej vz\u0165ah k Adolfovi Hitlerovi a nacizmu"},"content":{"rendered":"<p>Wallis Simpson, zn\u00e1ma predov\u0161etk\u00fdm ako kontroverzn\u00e1 americk\u00e1 socialistka, ktor\u00e1 prin\u00fatila britsk\u00e9ho kr\u00e1\u013ea Eduarda VIII. vzdia\u0165 sa tr\u00f3nu, je \u010dasto sp\u00e1jan\u00e1 aj s kontroverzn\u00fdm vz\u0165ahom k nacistick\u00e9mu re\u017eimu. Jej obdiv k Adolfovi Hitlerovi a nacizmu je predmetom mnoh\u00fdch diskusi\u00ed a historick\u00fdch anal\u00fdz, ktor\u00e9 odha\u013euj\u00fa zlo\u017eit\u00e9 prepojenia medzi jej osobn\u00fdm \u017eivotom, politick\u00fdmi sympatiami a \u0161ir\u0161\u00edm kontextom druhej svetovej vojny.<\/p>\n<h1>Wallis Simpson, Eduard VIII a jej vz\u0165ah k Adolfovi Hitlerovi a nacizmu<\/h1>\n<h2>\u017divot Wallis Simpson a stretnutia s Hitlerom<\/h2>\n<p>Wallis Simpson sa stala verejne zn\u00e1mou po tom, \u010do bola milenkou, a nesk\u00f4r man\u017eelkou britsk\u00e9ho kr\u00e1\u013ea Eduarda VIII., ktor\u00fd kv\u00f4li nej v roku 1936 abdikoval. Po odchode z Ve\u013ekej Brit\u00e1nie \u017eili obaja v Eur\u00f3pe, kde si Wallis vybudovala zn\u00e1mosti v r\u00f4znych aristokratick\u00fdch a politick\u00fdch kruhoch. Medzi tieto zn\u00e1mosti patrili aj niektor\u00e9 v\u00fdznamn\u00e9 osobnosti z nacistick\u00e9ho Nemecka.<\/p>\n<p>Je zn\u00e1me, \u017ee Wallis Simpson sa v 30. rokoch stretla s Adolfom Hitlerom. Tieto stretnutia boli vn\u00edman\u00e9 s podozren\u00edm, ke\u010f\u017ee Wallis prejavovala ur\u010dit\u00fd z\u00e1ujem a obdiv k nemeck\u00e9mu dikt\u00e1torovi. Niektor\u00ed historici tvrdia, \u017ee jej postoje a spr\u00e1vanie v tej dobe boli sympatick\u00e9 vo\u010di nacistickej ideol\u00f3gii, \u010do vyvol\u00e1valo obavy medzi spojeneck\u00fdmi \u0161t\u00e1tmi.<\/p>\n<h2>Politick\u00e9 sympatie a kontroverzie<\/h2>\n<p>Wallis Simpson bola v niektor\u00fdch kruhoch pova\u017eovan\u00e1 za osobu s prorak\u00faskymi a pror\u00edmskymi n\u00e1zormi. Hoci nikdy nebola form\u00e1lnou \u010dlenkou nacistickej strany, jej vz\u0165ahy a komunik\u00e1cie so z\u00e1stancami nacizmu boli predmetom intenz\u00edvneho sledovania zo strany britsk\u00fdch tajn\u00fdch slu\u017eieb po\u010das druhej svetovej vojny.<\/p>\n<p>\u0160pekul\u00e1cie o tom, \u010di bola Wallis Simpson agentkou alebo simpatizantkou nacistov, sa objavovali aj po vojne, av\u0161ak konkr\u00e9tne d\u00f4kazy nikdy neboli \u00faplne potvrden\u00e9. Jej komplikovan\u00fd vz\u0165ah k politike a osobn\u00e9 amb\u00edcie ju v\u0161ak zrejme viedli k udr\u017eiavaniu kontaktov s nacistickou elitou, \u010do vyvolalo trval\u00e9 ot\u00e1zky o jej vernosti a motiv\u00e1ci\u00e1ch.<\/p>\n<h2>D\u00f4sledky jej vz\u0165ahu k nacizmu<\/h2>\n<p>Vz\u0165ahy Wallis Simpson k nacistom mali dopad nielen na jej osobn\u00fa reput\u00e1ciu, ale aj na vn\u00edmanie britskej kr\u00e1\u013eovskej rodiny v obdob\u00ed druhej svetovej vojny. Eduard VIII., teraz vojvoda z Windsoru, \u010delil kritike za svoje sympatie vo\u010di Nemecku, ktor\u00e9 boli \u010diasto\u010dne sprostredkovan\u00e9 cez jeho man\u017eelku.<\/p>\n<p>Aj po vojne zostala Wallis Simpson predmetom kontroverzie, pri\u010dom jej spojenie s nacistick\u00fdm re\u017eimom zostalo trvalou \u0161kvrnou na jej verejnom obraze. Mnoh\u00ed historici v\u0161ak z\u00e1rove\u0148 zd\u00f4raz\u0148uj\u00fa, \u017ee jej osobn\u00e9 motiv\u00e1cie a postavenie boli zlo\u017eit\u00e9 a ovplyvnen\u00e9 dobou, v ktorej \u017eila.<\/p>\n<p>Wallis Simpson je symbolom zlo\u017eit\u00e9ho obdobia, kedy osobn\u00e9 rozhodnutia a politick\u00e9 sympatie mohli ma\u0165 \u010falekosiahle d\u00f4sledky. Jej vz\u0165ah k Adolfovi Hitlerovi a nacizmu zost\u00e1va predmetom historick\u00e9ho z\u00e1ujmu a kontroverzie, ktor\u00fd poukazuje na komplikovan\u00e9 prepojenia medzi mocou, politikou a osobn\u00fdmi vz\u0165ahmi v turbulentnej \u00e9re 20. storo\u010dia.<\/p>\n","protected":false},"excerpt":{"rendered":"<p>Wallis Simpson, zn\u00e1ma predov\u0161etk\u00fdm ako kontroverzn\u00e1 americk\u00e1 socialistka, ktor\u00e1 prin\u00fatila britsk\u00e9ho kr\u00e1\u013ea Eduarda VIII. vzdia\u0165 sa tr\u00f3nu, je \u010dasto sp\u00e1jan\u00e1 aj s kontroverzn\u00fdm vz\u0165ahom k nacistick\u00e9mu re\u017eimu. Jej obdiv k Adolfovi Hitlerovi a nacizmu je predmetom mnoh\u00fdch diskusi\u00ed a historick\u00fdch anal\u00fdz, ktor\u00e9 odha\u013euj\u00fa zlo\u017eit\u00e9 prepojenia medzi jej osobn\u00fdm \u017eivotom, politick\u00fdmi sympatiami a \u0161ir\u0161\u00edm kontextom druhej [&hellip;]<\/p>\n","protected":false},"author":1,"featured_media":0,"comment_status":"closed","ping_status":"open","sticky":false,"template":"","format":"standard","meta":{"footnotes":""},"categories":[13],"tags":[],"class_list":["post-30793","post","type-post","status-publish","format-standard","hentry","category-historia-anatolij-fomenko"],"_links":{"self":[{"href":"https:\/\/extraslovensko.sk\/spravy\/wp-json\/wp\/v2\/posts\/30793","targetHints":{"allow":["GET"]}}],"collection":[{"href":"https:\/\/extraslovensko.sk\/spravy\/wp-json\/wp\/v2\/posts"}],"about":[{"href":"https:\/\/extraslovensko.sk\/spravy\/wp-json\/wp\/v2\/types\/post"}],"author":[{"embeddable":true,"href":"https:\/\/extraslovensko.sk\/spravy\/wp-json\/wp\/v2\/users\/1"}],"replies":[{"embeddable":true,"href":"https:\/\/extraslovensko.sk\/spravy\/wp-json\/wp\/v2\/comments?post=30793"}],"version-history":[{"count":2,"href":"https:\/\/extraslovensko.sk\/spravy\/wp-json\/wp\/v2\/posts\/30793\/revisions"}],"predecessor-version":[{"id":30795,"href":"https:\/\/extraslovensko.sk\/spravy\/wp-json\/wp\/v2\/posts\/30793\/revisions\/30795"}],"wp:attachment":[{"href":"https:\/\/extraslovensko.sk\/spravy\/wp-json\/wp\/v2\/media?parent=30793"}],"wp:term":[{"taxonomy":"category","embeddable":true,"href":"https:\/\/extraslovensko.sk\/spravy\/wp-json\/wp\/v2\/categories?post=30793"},{"taxonomy":"post_tag","embeddable":true,"href":"https:\/\/extraslovensko.sk\/spravy\/wp-json\/wp\/v2\/tags?post=30793"}],"curies":[{"name":"wp","href":"https:\/\/api.w.org\/{rel}","templated":true}]}}