{"id":30842,"date":"2025-08-12T15:11:39","date_gmt":"2025-08-12T15:11:39","guid":{"rendered":"https:\/\/extraslovensko.sk\/spravy\/?p=30842"},"modified":"2025-08-12T15:12:22","modified_gmt":"2025-08-12T15:12:22","slug":"amarna-a-nefertiti-historicke-zahady","status":"publish","type":"post","link":"https:\/\/extraslovensko.sk\/spravy\/amarna-a-nefertiti-historicke-zahady\/","title":{"rendered":"Amarna a Nefertiti: Historick\u00e9 z\u00e1hady"},"content":{"rendered":"\n<p>Amarna bola po\u010das vl\u00e1dy fara\u00f3na Achnatona k\u013e\u00fa\u010dov\u00fdm centrom, no jej v\u00fdznam \u00fazko s\u00favisel s kr\u00e1\u013eovou podporou kultu Atona. Po Achnatonovej smrti v\u00fdznam Amarny takmer ur\u010dite upadol, ke\u010f\u017ee mesto bolo silne z\u00e1visl\u00e9 od jeho patron\u00e1tu. Niektor\u00ed predpokladaj\u00fa, \u017ee Neferneferuaten bola Nefertiti, no d\u00f4kazy s\u00fa slab\u00e9 a opieraj\u00fa sa hlavne o fakt, \u017ee Nefertiti tento titul pou\u017e\u00edvala. Hoci je mo\u017en\u00e9, \u017ee vl\u00e1dla ako spoluvl\u00e1dky\u0148a alebo kr\u00e1tko samostatne po Achnatonovej smrti, ch\u00fdbaj\u00fa jednozna\u010dn\u00e9 d\u00f4kazy podporuj\u00face t\u00fato hypot\u00e9zu.<\/p>\n<h1>Amarna a Nefertiti: Historick\u00e9 z\u00e1hady<\/h1>\n<h2>Z\u00e1hadn\u00ed fara\u00f3ni: Smenchare a Neferneferuaten<\/h2>\n<p>Pred n\u00e1stupom Tutanchamona sa v zozname kr\u00e1\u013eov objavili dvaja mo\u017en\u00ed fara\u00f3ni: Smenchare a Neferneferuaten. Nie je jasn\u00e9, \u010di vl\u00e1dli samostatne, alebo boli v ur\u010ditom obdob\u00ed spoluvl\u00e1dcami Achnatona. Niektor\u00ed dokonca \u0161pekuluj\u00fa, \u017ee ide o jednu osobu, no \u017eensk\u00e1 koncovka v mene Neferneferuaten nazna\u010duje, \u017ee bola vl\u00e1dky\u0148ou. Naopak, Smenchare je zobrazovan\u00fd s mu\u017esk\u00fdm menom a \u010dasto s \u017eenou, pravdepodobne svojou man\u017eelkou, \u010do t\u00fato te\u00f3riu spochyb\u0148uje.<\/p>\n<p>  <img decoding=\"async\" class=\"cento\" src=\"\/image\/amarna-nefertiti.jpg\" alt=\" Niektor\u00ed predpokladaj\u00fa, \u017ee Neferneferuaten bola Nefertiti, no d\u00f4kazy s\u00fa slab\u00e9 a opieraj\u00fa sa hlavne o fakt, \u017ee Nefertiti tento titul pou\u017e\u00edvala\" \/><\/p>\n<h2>Zmiznutie Nefertiti<\/h2>\n<p>Po Achnatonovej smrti mizn\u00fa zmienky o Nefertiti z historick\u00fdch z\u00e1znamov, \u010do vyvol\u00e1va ot\u00e1zky o jej osude. Nie je zn\u00e1me, kedy, ako ani kde zomrela, a jej telo nebolo nikdy jednozna\u010dne identifikovan\u00e9. Jej zmiznutie zhoduje s obdob\u00edm moru, ktor\u00fd zasiahol regi\u00f3n, a smr\u0165ou jej dc\u00e9ry Meritaten. Niektor\u00ed predpokladaj\u00fa, \u017ee aj Nefertiti pod\u013eahla chorobe, no absencia sc\u00e9n sm\u00fatku za \u0148ou v Achnatonovej hrobke t\u00fato te\u00f3riu oslabuje. Ak by zomrela po\u010das Achnatonovej vl\u00e1dy, o\u010dak\u00e1valo by sa, \u017ee jej smr\u0165 by bola v hrobke zdokumentovan\u00e1.<\/p>\n<h2>Te\u00f3ria o Nefertitinom pre\u017eit\u00ed<\/h2>\n<p>Pravdepodobnej\u0161ie je, \u017ee Nefertiti pre\u017eila Achnatona a jej zmiznutie z historick\u00fdch z\u00e1znamov je sk\u00f4r d\u00f4sledkom ch\u00fdbaj\u00facich dokumentov. Jedin\u00fdm hmatate\u013en\u00fdm d\u00f4kazom o jej pohrebe je mal\u00e1 po\u0161koden\u00e1 fig\u00farka \u0161abti s n\u00e1pisom: \u201eDedi\u010dka, vysok\u00e1 a mocn\u00e1 v pal\u00e1ci, d\u00f4veryhodn\u00e1 kr\u00e1\u013e Horn\u00e9ho a Doln\u00e9ho Egypta Nefercheperure Waenre, syn Re (Achnatona), Ve\u013ek\u00e9ho za svojho \u017eivota, Hlavn\u00e1 man\u017eelka kr\u00e1\u013ea, Neferneferuaten-Nefertiti, \u017dij\u00faca naveky vekov.\u201c<\/p>\n<h2>M\u00famia \u201eStar\u0161ej d\u00e1my\u201c a \u201eMlad\u0161ej d\u00e1my\u201c<\/h2>\n<p>Na za\u010diatku 21. storo\u010dia niektor\u00ed predpokladali, \u017ee m\u00famia \u201eStar\u0161ej d\u00e1my\u201c by mohla by\u0165 Nefertiti, no DNA anal\u00fdza potvrdila, \u017ee ide o kr\u00e1\u013eovn\u00fa Tiy, dc\u00e9ru Yuyi a Thuyi. Pozornos\u0165 sa preto presunula na m\u00famiu \u201eMlad\u0161ej d\u00e1my\u201c z hrobky KV35, ktor\u00e1 patr\u00ed do 18. dynastie. M\u00famia \u017eeny vysokej 168 cm, vo veku okolo 25 rokov, utrpela smrte\u013en\u00e9 zranenie \u010de\u013euste. Niektor\u00ed egyptol\u00f3govia tvrdia, \u017ee ide o Nefertiti, podporuj\u00fac svoju te\u00f3riu n\u00e1lezmi kor\u00e1lok a parochne v hrobke, no toto tvrdenie zost\u00e1va \u0161pekulat\u00edvne.<\/p>\n","protected":false},"excerpt":{"rendered":"<p>Amarna bola po\u010das vl\u00e1dy fara\u00f3na Achnatona k\u013e\u00fa\u010dov\u00fdm centrom, no jej v\u00fdznam \u00fazko s\u00favisel s kr\u00e1\u013eovou podporou kultu Atona. Po Achnatonovej smrti v\u00fdznam Amarny takmer ur\u010dite upadol, ke\u010f\u017ee mesto bolo silne z\u00e1visl\u00e9 od jeho patron\u00e1tu. Niektor\u00ed predpokladaj\u00fa, \u017ee Neferneferuaten bola Nefertiti, no d\u00f4kazy s\u00fa slab\u00e9 a opieraj\u00fa sa hlavne o fakt, \u017ee Nefertiti tento titul pou\u017e\u00edvala. [&hellip;]<\/p>\n","protected":false},"author":1,"featured_media":0,"comment_status":"closed","ping_status":"open","sticky":false,"template":"","format":"standard","meta":{"footnotes":""},"categories":[13],"tags":[],"class_list":["post-30842","post","type-post","status-publish","format-standard","hentry","category-historia-anatolij-fomenko"],"_links":{"self":[{"href":"https:\/\/extraslovensko.sk\/spravy\/wp-json\/wp\/v2\/posts\/30842","targetHints":{"allow":["GET"]}}],"collection":[{"href":"https:\/\/extraslovensko.sk\/spravy\/wp-json\/wp\/v2\/posts"}],"about":[{"href":"https:\/\/extraslovensko.sk\/spravy\/wp-json\/wp\/v2\/types\/post"}],"author":[{"embeddable":true,"href":"https:\/\/extraslovensko.sk\/spravy\/wp-json\/wp\/v2\/users\/1"}],"replies":[{"embeddable":true,"href":"https:\/\/extraslovensko.sk\/spravy\/wp-json\/wp\/v2\/comments?post=30842"}],"version-history":[{"count":2,"href":"https:\/\/extraslovensko.sk\/spravy\/wp-json\/wp\/v2\/posts\/30842\/revisions"}],"predecessor-version":[{"id":30844,"href":"https:\/\/extraslovensko.sk\/spravy\/wp-json\/wp\/v2\/posts\/30842\/revisions\/30844"}],"wp:attachment":[{"href":"https:\/\/extraslovensko.sk\/spravy\/wp-json\/wp\/v2\/media?parent=30842"}],"wp:term":[{"taxonomy":"category","embeddable":true,"href":"https:\/\/extraslovensko.sk\/spravy\/wp-json\/wp\/v2\/categories?post=30842"},{"taxonomy":"post_tag","embeddable":true,"href":"https:\/\/extraslovensko.sk\/spravy\/wp-json\/wp\/v2\/tags?post=30842"}],"curies":[{"name":"wp","href":"https:\/\/api.w.org\/{rel}","templated":true}]}}