{"id":30863,"date":"2025-10-01T10:14:50","date_gmt":"2025-10-01T10:14:50","guid":{"rendered":"https:\/\/extraslovensko.sk\/spravy\/?p=30863"},"modified":"2025-10-01T10:14:50","modified_gmt":"2025-10-01T10:14:50","slug":"ked-je-svet-ficov-jednoduchy-dve-pohlavia-bodka-vdaka-ustava","status":"publish","type":"post","link":"https:\/\/extraslovensko.sk\/spravy\/ked-je-svet-ficov-jednoduchy-dve-pohlavia-bodka-vdaka-ustava\/","title":{"rendered":"Ke\u010f je svet Ficov jednoduch\u00fd: Dve pohlavia, bodka. V\u010faka, \u00dastava!"},"content":{"rendered":"<p>Na Slovensku sa na z\u00e1kladn\u00fdch ani stredn\u00fdch \u0161kol\u00e1ch nevyu\u010duje \u017eiadny povinn\u00fd predmet, kde by sa ofici\u00e1lne u\u010dilo o \u201etroch a viac pohlaviach\u201c. Ofici\u00e1lne \u0161t\u00e1tne vzdel\u00e1vacie programy (kurikulum) obsahuj\u00fa v biol\u00f3gii u\u010divo o rozmno\u017eovan\u00ed, pohlavn\u00fdch org\u00e1noch a genetike \u2013 tam sa u\u010d\u00ed o dvoch biologick\u00fdch pohlaviach (mu\u017esk\u00e9 a \u017eensk\u00e9).<\/p>\n<h1>Ficov jednoduch\u00fdsvet: Dve pohlavia, bodka. V\u010faka, \u00dastava!<\/h1>\n<p>Ak existuje nie\u010do, \u010do Slov\u00e1ci naozaj potrebovali v roku 2025, tak je to \u00fastavn\u00e1 istota, \u017ee m\u00e1me na Slovensku presne dve pohlavia. Kone\u010dne sme sa zbavili tej tr\u00e1pnej neistoty, ktor\u00e1 n\u00e1s cel\u00e9 desa\u0165ro\u010dia gniavila. Viete, tie nekone\u010dn\u00e9 noci, ke\u010f \u010dlovek nemohol spa\u0165, preto\u017ee ho mu\u010dila ot\u00e1zka: \u201eA \u010do ke\u010f s\u00fa na svete viac ako dve pohlavia?\u201c Teraz si kone\u010dne m\u00f4\u017eeme \u013eahn\u00fa\u0165 s \u010dist\u00fdm svedom\u00edm, prikry\u0165 sa perinou a poveda\u0165 si: \u201eDobre je. V \u00fastave je to nap\u00edsan\u00e9, tak to mus\u00ed by\u0165 pravda.\u201c<\/p>\n<h2>Biol\u00f3gia pre pokro\u010dil\u00fdch: Ficov v\u00fdklad<\/h2>\n<p>Na hodin\u00e1ch biol\u00f3gie sa cel\u00e9 roky hovorilo, \u017ee existuje sam\u010dia a sami\u010dia verzia Homo sapiens, ale ob\u010das sa spomenuli aj r\u00f4zne genetick\u00e9 \u010di intersexu\u00e1lne odch\u00fdlky. A to bolo, priznajte si, hrozne m\u00e4t\u00face. Deti mohli za\u010da\u0165 kl\u00e1s\u0165 ot\u00e1zky, ktor\u00e9 pedag\u00f3gom nevo\u0148ali, a pedag\u00f3govia museli googli\u0165. No teraz je po probl\u00e9me. V\u010faka Ficovej \u00fastavnej novele m\u00e1me kr\u00e1sne \u010dist\u00e9 rozdelenie: mu\u017e alebo \u017eena, ni\u010d medzi t\u00fdm. Biol\u00f3govia si m\u00f4\u017eu kone\u010dne odd\u00fdchnu\u0165 a prihl\u00e1si\u0165 sa na \u00farade pr\u00e1ce, preto\u017ee ich vedeck\u00fd v\u00fdskum u\u017e bol vyrie\u0161en\u00fd politikmi.<\/p>\n<p>Kto by e\u0161te potreboval genetiku, ke\u010f m\u00e1me NR SR? Mendel sa m\u00f4\u017ee v hrobe obraca\u0165, ale kto by dnes po\u010d\u00faval nejak\u00e9ho mn\u00edcha z 19. storo\u010dia. My m\u00e1me Roberta Fica, ktor\u00fd vie, \u017ee chromoz\u00f3my s\u00fa na ni\u010d, ke\u010f je v\u00e4\u010d\u0161ina v parlamente.<\/p>\n<p>Slovensk\u00e9 \u0161koly m\u00f4\u017eu teraz s \u00fa\u013eavou vymaza\u0165 z u\u010debn\u00edc v\u0161etky \u201eliber\u00e1lne\u201c pozn\u00e1mky o rodovej identite, intersexualite \u010di gender studies. Niektor\u00e9 \u0161koly dokonca hl\u00e1sia, \u017ee z kapitol ob\u010dianskej n\u00e1uky sa vymazalo 20 str\u00e1n a \u0161tudenti si m\u00f4\u017eu kone\u010dne odd\u00fdchnu\u0165 \u2013 viac \u010dasu na bif\u013eovanie sa o tom, ak\u00e9 \u00fa\u017easn\u00e9 s\u00fa na\u0161e dejiny, v ktor\u00fdch sme v\u017edy prehr\u00e1vali, ale zato stato\u010dne.<\/p>\n<p>\u017diadny predmet na Slovensku u\u017e nebude musie\u0165 rie\u0161i\u0165, \u010di existuj\u00fa nejak\u00e9 in\u00e9 poh\u013eady na pohlavie. Lebo ke\u010f to nie je v \u00fastave, tak to jednoducho neexistuje. Bodka. Z biologick\u00fdch olympi\u00e1d sa tak stane nudn\u00e1 s\u00fa\u0165a\u017e v rozli\u0161ovan\u00ed, \u010di je obr\u00e1zok \u201emu\u017e\u201c alebo \u201e\u017eena\u201c. V\u00ed\u0165az dostane diplom a ve\u010der si m\u00f4\u017ee zapn\u00fa\u0165 telku, aby si pozrel, ako poslanci NR SR op\u00e4\u0165 zachra\u0148uj\u00fa n\u00e1rod pred \u010fal\u0161ou apokalypsou.<\/p>\n<h2>Rodov\u00e1 ideol\u00f3gia ako stra\u0161iak na poli<\/h2>\n<p>Fico a jeho dru\u017eina n\u00e1s u\u017e roky presvied\u010daj\u00fa, \u017ee rodov\u00e1 ideol\u00f3gia je hrozbou v\u00e4\u010d\u0161ou ne\u017e infl\u00e1cia, korupcia \u010di kolabuj\u00face zdravotn\u00edctvo. A h\u013ea \u2013 kone\u010dne sa im podarilo n\u00e1js\u0165 liek! Z\u00e1kaz fant\u00e1zie v oblasti pohlavia. Lebo ve\u010f, kto by rie\u0161il rozpad nemocn\u00edc alebo u\u010dite\u013eov s platmi pod \u00farov\u0148ou pokladn\u00ed\u010dky v Lidli, ke\u010f tu hrozilo, \u017ee nejak\u00fd pedag\u00f3g na ob\u010dianskej v\u00fdchove spomenie viac ako dve pohlavia? Tak\u00e9 riziko si Slovensko jednoducho nemohlo dovoli\u0165.<\/p>\n<p>Stra\u0161iak rodovej ideol\u00f3gie sa teda stal hlavn\u00fdm nepriate\u013eom \u0161t\u00e1tu. A najlep\u0161ie na tom je, \u017ee stra\u0161iaka vlastne nikto nikdy poriadne nevidel. Ale to nevad\u00ed \u2013 my m\u00e1me radi stra\u0161iakov. Jedn\u00e9ho m\u00e1me v Bruseli, \u010fal\u0161ieho v USA, a teraz aj doma, medzi u\u010dite\u013emi, ktor\u00ed by mohli n\u00e1hodou poveda\u0165 nie\u010do \u201enebezpe\u010dn\u00e9\u201c o \u013eudskej r\u00f4znosti. V\u010faka \u00fastavnej novele v\u0161ak m\u00f4\u017eu v\u0161etci pokojne ml\u010da\u0165.<\/p>\n<p>Treba poveda\u0165, \u017ee tento krok vl\u00e1dy prin\u00e1\u0161a n\u00e1dhern\u00fa jednoduchos\u0165 do \u017eivota. U\u017e sa nemus\u00edme tr\u00e1pi\u0165 t\u00fdm, \u017ee svet je komplikovan\u00fd, \u017ee existuj\u00fa \u013eudia s in\u00fdmi sk\u00fasenos\u0165ami, \u017ee niekto nemus\u00ed pasova\u0165 do tradi\u010dnej \u0161katu\u013eky. Nie! Teraz s\u00fa len dve \u0161katu\u013eky \u2013 modr\u00e1 a ru\u017eov\u00e1, hotovo vybaven\u00e9. Ak sa do nejakej nevojde\u0161, probl\u00e9m m\u00e1\u0161 ty, nie spolo\u010dnos\u0165. Lebo spolo\u010dnos\u0165 m\u00e1 pravdu \u2013 je to nap\u00edsan\u00e9 v \u00fastave.<\/p>\n<p>A priznajte si, \u017ee je to praktick\u00e9. U\u017e nikdy nebude treba vysvet\u013eova\u0165 de\u0165om, pre\u010do niektor\u00ed \u013eudia vyzeraj\u00fa alebo c\u00edtia veci inak. Sta\u010d\u00ed poveda\u0165: \u201eTo je hoax, syn\u010dek. Ve\u010f si \u010d\u00edtal \u00fastavu, nie?\u201c<\/p>\n<p>A teraz n\u00e1s ospravedl\u0148te. Ideme si to v\u0161etci hromadne zap\u00edsa\u0165 do zo\u0161itov z ob\u010dianskej v\u00fdchovy: \u201eS\u00fa dve pohlavia. Fico povedal. \u00dastava potvrdila.\u201c A ke\u010f\u017ee \u00fastava je viac ne\u017e biol\u00f3gia, genetika \u010di samotn\u00e1 realita, m\u00f4\u017eeme si kone\u010dne vyd\u00fdchnu\u0165. Na Slovensku sa u\u017e nikdy nestane, \u017ee by sa niekto opov\u00e1\u017eil polo\u017ei\u0165 ot\u00e1zku: \u201eA \u010do ak je to trochu zlo\u017eitej\u0161ie?\u201c<\/p>\n","protected":false},"excerpt":{"rendered":"<p>Na Slovensku sa na z\u00e1kladn\u00fdch ani stredn\u00fdch \u0161kol\u00e1ch nevyu\u010duje \u017eiadny povinn\u00fd predmet, kde by sa ofici\u00e1lne u\u010dilo o \u201etroch a viac pohlaviach\u201c. Ofici\u00e1lne \u0161t\u00e1tne vzdel\u00e1vacie programy (kurikulum) obsahuj\u00fa v biol\u00f3gii u\u010divo o rozmno\u017eovan\u00ed, pohlavn\u00fdch org\u00e1noch a genetike \u2013 tam sa u\u010d\u00ed o dvoch biologick\u00fdch pohlaviach (mu\u017esk\u00e9 a \u017eensk\u00e9). Ficov jednoduch\u00fdsvet: Dve pohlavia, bodka. V\u010faka, \u00dastava! [&hellip;]<\/p>\n","protected":false},"author":1,"featured_media":0,"comment_status":"closed","ping_status":"open","sticky":false,"template":"","format":"standard","meta":{"footnotes":""},"categories":[5],"tags":[],"class_list":["post-30863","post","type-post","status-publish","format-standard","hentry","category-exo-news"],"_links":{"self":[{"href":"https:\/\/extraslovensko.sk\/spravy\/wp-json\/wp\/v2\/posts\/30863","targetHints":{"allow":["GET"]}}],"collection":[{"href":"https:\/\/extraslovensko.sk\/spravy\/wp-json\/wp\/v2\/posts"}],"about":[{"href":"https:\/\/extraslovensko.sk\/spravy\/wp-json\/wp\/v2\/types\/post"}],"author":[{"embeddable":true,"href":"https:\/\/extraslovensko.sk\/spravy\/wp-json\/wp\/v2\/users\/1"}],"replies":[{"embeddable":true,"href":"https:\/\/extraslovensko.sk\/spravy\/wp-json\/wp\/v2\/comments?post=30863"}],"version-history":[{"count":1,"href":"https:\/\/extraslovensko.sk\/spravy\/wp-json\/wp\/v2\/posts\/30863\/revisions"}],"predecessor-version":[{"id":30864,"href":"https:\/\/extraslovensko.sk\/spravy\/wp-json\/wp\/v2\/posts\/30863\/revisions\/30864"}],"wp:attachment":[{"href":"https:\/\/extraslovensko.sk\/spravy\/wp-json\/wp\/v2\/media?parent=30863"}],"wp:term":[{"taxonomy":"category","embeddable":true,"href":"https:\/\/extraslovensko.sk\/spravy\/wp-json\/wp\/v2\/categories?post=30863"},{"taxonomy":"post_tag","embeddable":true,"href":"https:\/\/extraslovensko.sk\/spravy\/wp-json\/wp\/v2\/tags?post=30863"}],"curies":[{"name":"wp","href":"https:\/\/api.w.org\/{rel}","templated":true}]}}