{"id":30873,"date":"2025-10-01T10:56:05","date_gmt":"2025-10-01T10:56:05","guid":{"rendered":"https:\/\/extraslovensko.sk\/spravy\/?p=30873"},"modified":"2025-10-01T10:56:16","modified_gmt":"2025-10-01T10:56:16","slug":"ustavny-paradox-slovensko-neakceptuje-ale-akceptuje","status":"publish","type":"post","link":"https:\/\/extraslovensko.sk\/spravy\/ustavny-paradox-slovensko-neakceptuje-ale-akceptuje\/","title":{"rendered":"\u00dastavn\u00fd paradox: Slovensko neakceptuje, ale akceptuje"},"content":{"rendered":"<p>Slovensk\u00e1 \u00fastava sa po poslednej novele stala jedine\u010dn\u00fdm liter\u00e1rnym dielom \u2013 nie\u010do medzi kafkovsk\u00fdm rom\u00e1nom a groteskou od Monty Python. V jednej vete hovor\u00ed: \u201eSlovensko neakceptuje medzin\u00e1rodn\u00e9 zmluvy.\u201c A o p\u00e1r riadkov ni\u017e\u0161ie dod\u00e1va: \u201eSamozrejme, \u017ee akceptuje.\u201c<\/p>\n<h1>\u00dastavn\u00fd paradox: Slovensko neakceptuje, ale akceptuje<\/h1>\n<p>Je to ako keby ste v jed\u00e1lnom l\u00edstku mali ved\u013ea seba dva riadky:<\/p>\n<p>\u201eVypr\u00e1\u017ean\u00fd syr pod\u00e1vame v\u017edy.\u201c<\/p>\n<p>\u201eVypr\u00e1\u017ean\u00fd syr nepod\u00e1vame nikdy.\u201c<\/p>\n<p>A teraz si vyber, mil\u00fd ob\u010dan!<\/p>\n<h2>Logika slovensk\u00e9ho typu<\/h2>\n<p>Ministerstvo spravodlivosti upokojuje verejnos\u0165: \u201eNebojte sa, Slovensko je aj na\u010falej viazan\u00e9 medzin\u00e1rodn\u00fdm pr\u00e1vom.\u201c In\u00fdmi slovami: neberte v\u00e1\u017ene, \u010do je nap\u00edsan\u00e9 v \u00fastave, ve\u010f je to tam len tak. To je ako ke\u010f mur\u00e1r pri stavbe domu povie: \u201eT\u00e1to stena je nosn\u00e1, ale tv\u00e1rme sa, \u017ee nie je. Nebojte sa, dom nespadne.\u201c<\/p>\n<p>Z\u00e1kony v norm\u00e1lnych krajin\u00e1ch ur\u010duj\u00fa realitu. Z\u00e1kony na Slovensku realitu popieraj\u00fa a potom rezorty vysvet\u013euj\u00fa, \u017ee to vlastne netreba bra\u0165 doslova. A ob\u010dan si m\u00e1 zvykn\u00fa\u0165.<\/p>\n<p>\u010co ak by sme to pou\u017eili aj inde?<\/p>\n<p>Predstavme si, \u017ee t\u00fato logiku aplikujeme v ka\u017edodennom \u017eivote:<\/p>\n<p>Vodi\u010dsk\u00fd preukaz: \u201eOb\u010dan smie vies\u0165 motorov\u00e9 vozidlo. Ob\u010dan nesmie vies\u0165 motorov\u00e9 vozidlo.\u201c<\/p>\n<p>\u0160kolsk\u00fd poriadok: \u201e\u017diaci s\u00fa povinn\u00ed chodi\u0165 do \u0161koly. \u017diaci nie s\u00fa povinn\u00ed chodi\u0165 do \u0161koly.\u201c<\/p>\n<p>Man\u017eelsk\u00e1 pr\u00edsaha: \u201eBudem ti vern\u00fd do smrti. Nebudem ti vern\u00fd ani p\u00e4\u0165 min\u00fat.\u201c<\/p>\n<blockquote><p>Slovensko by sa stalo rajom pre ka\u017ed\u00e9ho, kto m\u00e1 r\u00e1d absol\u00fatne protire\u010denia.<\/p><\/blockquote>\n<h2>\u00dastava ako umeleck\u00fd \u017e\u00e1ner<\/h2>\n<p>Doteraz sme si mysleli, \u017ee \u00fastava je v\u00e1\u017eny dokument. Ale zrejme je to iba umeleck\u00fd experiment. M\u00e1me tu nov\u00fd liter\u00e1rny smer: \u00fastavn\u00fd surrealizmus.<\/p>\n<p>Parlament si jednoducho povedal: pre\u010do by sme mali rozhodn\u00fa\u0165 jednozna\u010dne, ke\u010f m\u00f4\u017eeme rozhodn\u00fa\u0165 obojako? Ve\u010f potom si ka\u017ed\u00fd m\u00f4\u017ee vybra\u0165, \u010do sa mu hod\u00ed. Minister, sudca, prokur\u00e1tor\u2026 alebo aj hocijak\u00fd ob\u010dan pri kr\u010dmovom stole.<\/p>\n<h2>Slovensko ako Schr\u00f6dingerova ma\u010dka<\/h2>\n<p>V\u00fdsledok? Slovensko je teraz ako Schr\u00f6dingerova ma\u010dka \u2013 sme aj viazan\u00ed medzin\u00e1rodn\u00fdm pr\u00e1vom, aj nie sme. Sme aj \u010dlenmi medzin\u00e1rodn\u00e9ho spolo\u010denstva, aj nie sme. A z\u00e1le\u017e\u00ed len na tom, kto sa kedy pozrie do \u00fastavy.<\/p>\n<p>V Bruseli hovoria: \u201eSte viazan\u00ed.\u201c<br \/>\nV Bratislave: \u201eNie sme.\u201c<br \/>\nA ministerstvo: \u201eSte aj nie ste.\u201c<\/p>\n<p>Ob\u010dan: \u201eA ja som viazan\u00fd na spl\u00e1tky hypot\u00e9ky, ale pod\u013ea \u00fastavy ich aj nemus\u00edm plati\u0165. \u010eakujem, idem do banky.\u201c<\/p>\n<hr>\n<p>Novela \u00fastavy n\u00e1m dala do \u017eivota kr\u00e1sne posolstvo: pravda nie je jedna, pravda je v\u0161etky. Slovensko sa tak stalo krajinou, kde z\u00e1kon neznamen\u00e1 istotu, ale z\u00e1bavn\u00fa hru na \u201ekto si \u010do vylo\u017e\u00ed inak\u201c.<\/p>\n<p>Tak\u017ee odteraz m\u00f4\u017eeme s hrdos\u0165ou poveda\u0165: sme krajina, ktor\u00e1 dok\u00e1\u017ee by\u0165 viazan\u00e1 aj neviazan\u00e1, akceptova\u0165 aj neakceptova\u0165, \u017ei\u0165 aj ne\u017ei\u010d.<\/p>\n<p>A to je, mil\u00ed priatelia, \u010dist\u00e1 \u00fastavn\u00e1 po\u00e9zia.<\/p>\n","protected":false},"excerpt":{"rendered":"<p>Slovensk\u00e1 \u00fastava sa po poslednej novele stala jedine\u010dn\u00fdm liter\u00e1rnym dielom \u2013 nie\u010do medzi kafkovsk\u00fdm rom\u00e1nom a groteskou od Monty Python. V jednej vete hovor\u00ed: \u201eSlovensko neakceptuje medzin\u00e1rodn\u00e9 zmluvy.\u201c A o p\u00e1r riadkov ni\u017e\u0161ie dod\u00e1va: \u201eSamozrejme, \u017ee akceptuje.\u201c \u00dastavn\u00fd paradox: Slovensko neakceptuje, ale akceptuje Je to ako keby ste v jed\u00e1lnom l\u00edstku mali ved\u013ea seba dva [&hellip;]<\/p>\n","protected":false},"author":1,"featured_media":0,"comment_status":"closed","ping_status":"open","sticky":false,"template":"","format":"standard","meta":{"footnotes":""},"categories":[5],"tags":[],"class_list":["post-30873","post","type-post","status-publish","format-standard","hentry","category-exo-news"],"_links":{"self":[{"href":"https:\/\/extraslovensko.sk\/spravy\/wp-json\/wp\/v2\/posts\/30873","targetHints":{"allow":["GET"]}}],"collection":[{"href":"https:\/\/extraslovensko.sk\/spravy\/wp-json\/wp\/v2\/posts"}],"about":[{"href":"https:\/\/extraslovensko.sk\/spravy\/wp-json\/wp\/v2\/types\/post"}],"author":[{"embeddable":true,"href":"https:\/\/extraslovensko.sk\/spravy\/wp-json\/wp\/v2\/users\/1"}],"replies":[{"embeddable":true,"href":"https:\/\/extraslovensko.sk\/spravy\/wp-json\/wp\/v2\/comments?post=30873"}],"version-history":[{"count":1,"href":"https:\/\/extraslovensko.sk\/spravy\/wp-json\/wp\/v2\/posts\/30873\/revisions"}],"predecessor-version":[{"id":30874,"href":"https:\/\/extraslovensko.sk\/spravy\/wp-json\/wp\/v2\/posts\/30873\/revisions\/30874"}],"wp:attachment":[{"href":"https:\/\/extraslovensko.sk\/spravy\/wp-json\/wp\/v2\/media?parent=30873"}],"wp:term":[{"taxonomy":"category","embeddable":true,"href":"https:\/\/extraslovensko.sk\/spravy\/wp-json\/wp\/v2\/categories?post=30873"},{"taxonomy":"post_tag","embeddable":true,"href":"https:\/\/extraslovensko.sk\/spravy\/wp-json\/wp\/v2\/tags?post=30873"}],"curies":[{"name":"wp","href":"https:\/\/api.w.org\/{rel}","templated":true}]}}