{"id":30877,"date":"2025-10-01T11:52:27","date_gmt":"2025-10-01T11:52:27","guid":{"rendered":"https:\/\/extraslovensko.sk\/spravy\/?p=30877"},"modified":"2025-10-01T11:52:27","modified_gmt":"2025-10-01T11:52:27","slug":"ustava-pre-zaciatocnikov-2-0-adopcia-len-pre-zosobasenych","status":"publish","type":"post","link":"https:\/\/extraslovensko.sk\/spravy\/ustava-pre-zaciatocnikov-2-0-adopcia-len-pre-zosobasenych\/","title":{"rendered":"\u00dastava pre za\u010diato\u010dn\u00edkov 2.0: adopcia len pre zosob\u00e1\u0161en\u00fdch"},"content":{"rendered":"<p>Slovensk\u00fd parlament pokra\u010duje vo ve\u013ekolepej s\u00e9rii \u201erevolu\u010dn\u00fdch\u201c dodatkov do \u00fastavy. Po epoch\u00e1lnom zisten\u00ed, \u017ee matka je \u017eena a otec je mu\u017e, prich\u00e1dza \u010fal\u0161\u00ed z\u00e1sadn\u00fd prielom: \u201eDie\u0165a si m\u00f4\u017eu osvoji\u0165 iba zosob\u00e1\u0161en\u00e9 p\u00e1ry.\u201c Kone\u010dne jasno! \u017diadni slobodn\u00ed \u013eudia, \u017eiadne p\u00e1ry, \u010do spolu \u017eij\u00fa roky bez papierika \u2013 ni\u010d tak\u00e9. V krajine, kde polovica sob\u00e1\u0161ov kon\u010d\u00ed rozvodom, sme si povedali, \u017ee papier z matriky je v\u00e4\u010d\u0161ia z\u00e1ruka stability ne\u017e desa\u0165 rokov spolo\u010dn\u00e9ho \u017eivota.<\/p>\n<h1>\u00dastava pre za\u010diato\u010dn\u00edkov 2.0: adopcia len pre zosob\u00e1\u0161en\u00fdch<\/h1>\n<p>Sob\u00e1\u0161 ako superliek<\/p>\n<p>Pod\u013ea novej logiky \u00fastavy je man\u017eelstvo \u010dosi ako \u010darovn\u00e1 tabletka: ak sa podp\u00ed\u0161e na \u00farade, hne\u010f sa z \u013eud\u00ed stan\u00fa superrodi\u010dia. Nevad\u00ed, \u017ee sa mo\u017eno bij\u00fa, nevad\u00ed, \u017ee spolu ani neb\u00fdvaj\u00fa \u2013 papier svieti, a to je to, \u010do sa po\u010d\u00edta.<\/p>\n<p>Naopak, dvaja \u013eudia, ktor\u00ed spolu \u017eij\u00fa dvadsa\u0165 rokov v l\u00e1ske a harm\u00f3nii, s\u00fa v o\u010diach \u00fastavy nevhodn\u00ed. Lebo ch\u00fdba magick\u00e1 pe\u010diatka.<\/p>\n<p>Die\u0165a na \u010daka\u010dke? Nevad\u00ed!<\/p>\n<blockquote><p>V praxi to znamen\u00e1, \u017ee mno\u017estvo det\u00ed v detsk\u00fdch domovoch si bude na rodinu \u010daka\u0165 dlh\u0161ie. <\/p><\/blockquote>\n<p>Ale \u010do na tom? Hlavne \u017ee \u0161t\u00e1t m\u00f4\u017ee hrdo vyhl\u00e1si\u0165, \u017ee ochr\u00e1nil tradi\u010dn\u00e9 hodnoty. Aj keby to znamenalo, \u017ee die\u0165a namiesto rodiny dostane \u010fal\u0161\u00edch p\u00e4\u0165 rokov v \u00fastave. Pre die\u0165a je to ur\u010dite lep\u0161ie \u2013 aspo\u0148 sa nau\u010d\u00ed, \u017ee rodinu nedefinuje l\u00e1ska, ale \u00faradn\u00fd papier.<\/p>\n<p><H2>\u00dastava ako sob\u00e1\u0161na kniha<\/H2><\/p>\n<p>Ak to takto p\u00f4jde \u010falej, \u010doskoro sa do \u00fastavy dop\u00ed\u0161e aj:<\/p>\n<p>\u201eOsvoji\u0165 die\u0165a si m\u00f4\u017eu len man\u017eelia, ktor\u00ed mali svadobn\u00fa kapelu minim\u00e1lne so saxof\u00f3nom.\u201c<\/p>\n<p>\u201eMinim\u00e1lny po\u010det svadobn\u00fdch host\u00ed: 50.\u201c<\/p>\n<p>\u201eTorta mus\u00ed ma\u0165 tri poschodia.\u201c<\/p>\n<p>Ve\u010f logika je rovnak\u00e1 \u2013 \u010d\u00edm viac formal\u00edt, t\u00fdm viac l\u00e1sky.<\/p>\n<p><H2>Z\u00e1ver<\/H2><\/p>\n<p>Slovensk\u00e1 \u00fastava sa zmenila na kombin\u00e1ciu rodinn\u00e9ho poriadku, pr\u00edru\u010dky pre prv\u00e1kov a sob\u00e1\u0161nej kroniky. \u010co nestihli vyrie\u0161i\u0165 cirkevn\u00e9 knihy a obecn\u00e9 matriky, to dorob\u00ed parlament.<\/p>\n<p>A ob\u010dan? Ten sa len u\u010d\u00ed nov\u00e9 pou\u010denie: v tejto krajine je rodina definovan\u00e1 nie citom, nie starostlivos\u0165ou, ale pe\u010diatkou na \u00farade.<\/p>\n<blockquote><p>A tak m\u00f4\u017eeme by\u0165 hrd\u00ed \u2013 deti s\u00edce vyrastaj\u00fa v \u00fastavoch, ale zato slovensk\u00e9 hodnoty s\u00fa ochr\u00e1nen\u00e9.<\/p><\/blockquote>\n","protected":false},"excerpt":{"rendered":"<p>Slovensk\u00fd parlament pokra\u010duje vo ve\u013ekolepej s\u00e9rii \u201erevolu\u010dn\u00fdch\u201c dodatkov do \u00fastavy. Po epoch\u00e1lnom zisten\u00ed, \u017ee matka je \u017eena a otec je mu\u017e, prich\u00e1dza \u010fal\u0161\u00ed z\u00e1sadn\u00fd prielom: \u201eDie\u0165a si m\u00f4\u017eu osvoji\u0165 iba zosob\u00e1\u0161en\u00e9 p\u00e1ry.\u201c Kone\u010dne jasno! \u017diadni slobodn\u00ed \u013eudia, \u017eiadne p\u00e1ry, \u010do spolu \u017eij\u00fa roky bez papierika \u2013 ni\u010d tak\u00e9. V krajine, kde polovica sob\u00e1\u0161ov kon\u010d\u00ed rozvodom, [&hellip;]<\/p>\n","protected":false},"author":1,"featured_media":0,"comment_status":"closed","ping_status":"open","sticky":false,"template":"","format":"standard","meta":{"footnotes":""},"categories":[5],"tags":[],"class_list":["post-30877","post","type-post","status-publish","format-standard","hentry","category-exo-news"],"_links":{"self":[{"href":"https:\/\/extraslovensko.sk\/spravy\/wp-json\/wp\/v2\/posts\/30877","targetHints":{"allow":["GET"]}}],"collection":[{"href":"https:\/\/extraslovensko.sk\/spravy\/wp-json\/wp\/v2\/posts"}],"about":[{"href":"https:\/\/extraslovensko.sk\/spravy\/wp-json\/wp\/v2\/types\/post"}],"author":[{"embeddable":true,"href":"https:\/\/extraslovensko.sk\/spravy\/wp-json\/wp\/v2\/users\/1"}],"replies":[{"embeddable":true,"href":"https:\/\/extraslovensko.sk\/spravy\/wp-json\/wp\/v2\/comments?post=30877"}],"version-history":[{"count":1,"href":"https:\/\/extraslovensko.sk\/spravy\/wp-json\/wp\/v2\/posts\/30877\/revisions"}],"predecessor-version":[{"id":30878,"href":"https:\/\/extraslovensko.sk\/spravy\/wp-json\/wp\/v2\/posts\/30877\/revisions\/30878"}],"wp:attachment":[{"href":"https:\/\/extraslovensko.sk\/spravy\/wp-json\/wp\/v2\/media?parent=30877"}],"wp:term":[{"taxonomy":"category","embeddable":true,"href":"https:\/\/extraslovensko.sk\/spravy\/wp-json\/wp\/v2\/categories?post=30877"},{"taxonomy":"post_tag","embeddable":true,"href":"https:\/\/extraslovensko.sk\/spravy\/wp-json\/wp\/v2\/tags?post=30877"}],"curies":[{"name":"wp","href":"https:\/\/api.w.org\/{rel}","templated":true}]}}