{"id":30898,"date":"2025-10-07T13:08:55","date_gmt":"2025-10-07T13:08:55","guid":{"rendered":"https:\/\/extraslovensko.sk\/spravy\/?p=30898"},"modified":"2025-10-07T13:48:36","modified_gmt":"2025-10-07T13:48:36","slug":"ako-synchronizovat-data-medzi-imacom-a-mac-mini-m1-s-windows-10","status":"publish","type":"post","link":"https:\/\/extraslovensko.sk\/spravy\/ako-synchronizovat-data-medzi-imacom-a-mac-mini-m1-s-windows-10\/","title":{"rendered":"Ako synchronizova\u0165 d\u00e1ta medzi iMacom a  Mac mini M1 s Windows 10"},"content":{"rendered":"\n<p>Synchroniz\u00e1cia d\u00e1t medzi iMac 2013 a Mac mini M1 na ve\u013ek\u00e9 vzdialenosti. Ak ste webdizajn\u00e9r, grafik alebo tvor\u00edte digit\u00e1lny obsah, viete, \u017ee prenos s\u00faborov medzi viacer\u00fdmi po\u010d\u00edta\u010dmi m\u00f4\u017ee by\u0165 no\u010dnou morou. Najm\u00e4 ak pracujete na <strong>iMacu 2013<\/strong> a pripravujete sa na nov\u00fd <strong>Mac mini M1<\/strong>, ktor\u00fd bude sp\u00fa\u0161\u0165a\u0165 Windows 10 cez <strong>Parallels Desktop<\/strong>. <\/p>\n<p>Tento n\u00e1vod v\u00e1m uk\u00e1\u017ee jednoduch\u00fd a zadarmo sp\u00f4sob, ako zabezpe\u010di\u0165, aby sa v\u0161etky va\u0161e projekty synchronizovali medzi oboma po\u010d\u00edta\u010dmi automaticky. M\u00e1m jeden Imac 2013 a na druhej adrese Apple mac min M1. Pren\u00e1\u0161\u0165 robotu neust\u00e1lym kop\u00edrovan\u00edm sa mi nechce. M\u00e1m  dva iMacy, tak som nosil cel\u00fd syst\u00e9m cez WintoUSB aj s d\u00e1tami na tenkom  MVMe SSD na druh\u00fa adresu. Len\u017ee inov\u00e1cia a zmena. Na Apple mac mini od M1 ale nespust\u00edme Win 10 ako bootovaci syst\u00e9m.<\/p>\n<h1>Pre\u010do je synchroniz\u00e1cia d\u00e1t d\u00f4le\u017eit\u00e1 medzi iMacom a  Mac mini <\/h1>\n<h3>Jednoduch\u00e1 pr\u00e1ca z r\u00f4znych miest<\/h3>\n<p>Ak \u010dasto pracujete z r\u00f4znych miest alebo po\u010d\u00edta\u010dov, manu\u00e1lne kop\u00edrovanie s\u00faborov je \u010dasovo n\u00e1ro\u010dn\u00e9 a n\u00e1chyln\u00e9 na chyby. Synchroniz\u00e1cia v\u00e1m umo\u017en\u00ed:<\/p>\n<ul>\n<li>ma\u0165 v\u017edy aktu\u00e1lne s\u00fabory na oboch po\u010d\u00edta\u010doch,<\/li>\n<li>vyhn\u00fa\u0165 sa prep\u00edsaniu alebo strate d\u00e1t,<\/li>\n<li>pracova\u0165 plynulo, aj ke\u010f jeden po\u010d\u00edta\u010d vypnete na dlh\u0161\u00ed \u010das.<\/li>\n<\/ul>\n<h3>Typy s\u00faborov, ktor\u00e9 sa \u010dasto menia<\/h3>\n<p>Pre webov\u00fdch tvorcov s\u00fa naj\u010dastej\u0161ie s\u00fabory:<\/p>\n<ul>\n<li>webov\u00e9 projekty (HTML, CSS, PHP, JS),<\/li>\n<li>grafika a fotografie,<\/li>\n<li>texty a dokumenty,<\/li>\n<li>hudba alebo zvukov\u00e9 efekty pre projekty.<\/li>\n<\/ul>\n<h2>Bezplatn\u00e9 rie\u0161enie \u2013 Google Drive Free<\/h2>\n<h3>Pre\u010do pr\u00e1ve Google Drive<\/h3>\n<p>Google Drive pon\u00faka <strong>15 GB zdarma<\/strong>, \u010do je dostato\u010dn\u00e9 pre men\u0161ie webov\u00e9 projekty, texty a fotografie. V\u00fdhody s\u00fa:<\/p>\n<ul>\n<li>automatick\u00e1 synchroniz\u00e1cia medzi po\u010d\u00edta\u010dmi,<\/li>\n<li>bezpe\u010dn\u00e9 ulo\u017eenie d\u00e1t v cloude,<\/li>\n<li>mo\u017enos\u0165 pracova\u0165 z viacer\u00fdch miest bez straty s\u00faborov.<\/li>\n<\/ul>\n<h3>Ako nastavi\u0165 Google Drive<\/h3>\n<ol>\n<li>Vytvorte si Google \u00fa\u010det (ak ho e\u0161te nem\u00e1te).<\/li>\n<li>Stiahnite a nain\u0161talujte Google Drive na oba po\u010d\u00edta\u010de (iMac a Mac mini).<\/li>\n<li>Vyberte prie\u010dinok na synchroniz\u00e1ciu, napr\u00edklad: <code>Google Drive\\Praca<\/code>.<\/li>\n<li>Skop\u00edrujte v\u0161etky projekty do tohto prie\u010dinka.<\/li>\n<li>Ke\u010f sa druh\u00fd po\u010d\u00edta\u010d pripoj\u00ed k internetu, v\u0161etky zmeny sa automaticky synchronizuj\u00fa.<\/li>\n<\/ol>\n<h3>Synchroniz\u00e1cia vo Windows VM na Mac mini<\/h3>\n<p>Ak budete pou\u017e\u00edva\u0165 <strong>Windows 10 vo virtu\u00e1lnom prostred\u00ed Parallels<\/strong> na Mac mini, Google Drive sa nain\u0161taluje priamo vo VM. Prie\u010dinok synchroniz\u00e1cie sa potom spr\u00e1va rovnako ako na iMacu, tak\u017ee v\u0161etky s\u00fabory s\u00fa okam\u017eite dostupn\u00e9, bez oh\u013eadu na to, kde pracujete.<\/p>\n<h2>\u010co robi\u0165, ke\u010f je jeden po\u010d\u00edta\u010d vypnut\u00fd<\/h2>\n<p>Google Drive uchov\u00e1va v\u0161etky zmeny v cloude. Ak iMac vypnete na t\u00fd\u017ede\u0148, v\u0161etky \u00fapravy vo Windows VM na Mac mini sa ulo\u017eia online. Po zapnut\u00ed iMacu sa s\u00fabory automaticky stiahnu a synchronizuj\u00fa. Toto rie\u0161enie je v\u00fdhodn\u00e9 najm\u00e4 pre seniorov alebo t\u00fdch, ktor\u00ed nechc\u00fa mesa\u010dn\u00e9 poplatky za platen\u00e9 cloudov\u00e9 slu\u017eby.<\/p>\n<h2>Pr\u00edprava na nov\u00fd Mac mini e\u0161te pred k\u00fapou<\/h2>\n<ol>\n<li>Organizujte svoje s\u00fabory na iMacu \u2013 vytvorte prie\u010dinky pre weby, fotky, hudbu a texty.<\/li>\n<li>Vytvorte Google \u00fa\u010det a pripravte synchroniza\u010dn\u00fd prie\u010dinok.<\/li>\n<li>Rozde\u013ete ve\u013ek\u00e9 s\u00fabory \u2013 vide\u00e1 alebo rozsiahle projekty m\u00f4\u017eete ma\u0165 lok\u00e1lne na externom SSD, men\u0161ie s\u00fabory dajte do Google Drive.<\/li>\n<\/ol>\n<p>Ke\u010f Mac mini pr\u00edde, jednoducho nain\u0161talujete Parallels, Windows 10 a Google Drive, a synchroniz\u00e1cia za\u010dne okam\u017eite.<\/p>\n<h2>Tipy na efekt\u00edvnu pr\u00e1cu<\/h2>\n<ul>\n<li>Pou\u017e\u00edvajte jednotn\u00fd prie\u010dinok na v\u0161etky projekty, aby sa ni\u010d nestratilo.<\/li>\n<li>Sledujte ve\u013ekos\u0165 Google Drive \u2013 15 GB zadarmo m\u00f4\u017ee by\u0165 obmedzuj\u00face, preto ve\u013ek\u00e9 medi\u00e1lne s\u00fabory ukladajte lok\u00e1lne.<\/li>\n<li>Udr\u017eujte s\u00fabory organizovan\u00e9 pod\u013ea typu projektu, aby ste sa vyhli chaosu.<\/li>\n<\/ul>\n<h2>Z\u00e1ver<\/h2>\n<p>Pre tvorcov webov a digit\u00e1lny obsah je automatick\u00e1 synchroniz\u00e1cia s\u00faborov medzi po\u010d\u00edta\u010dmi k\u013e\u00fa\u010dov\u00e1. Ak chcete rie\u0161enie <strong>bez mesa\u010dn\u00fdch poplatkov<\/strong>, Google Drive Free (15 GB) je ide\u00e1lna vo\u013eba:<\/p>\n<ul>\n<li>v\u0161etky s\u00fabory s\u00fa bezpe\u010dne ulo\u017een\u00e9 v cloude,<\/li>\n<li>zmeny sa synchronizuj\u00fa automaticky,<\/li>\n<li>funguje aj s Windows VM na Mac mini M1,<\/li>\n<li>aj ke\u010f jeden po\u010d\u00edta\u010d vypnete na t\u00fd\u017ede\u0148.<\/li>\n<\/ul>\n<p>Pripravte si prie\u010dinky a \u00fa\u010det e\u0161te pred pr\u00edchodom nov\u00e9ho Mac mini a budete ma\u0165 v\u0161etko pripraven\u00e9 na hladk\u00fa a efekt\u00edvnu pr\u00e1cu.<\/p>\n<hr>\n<p>Niekto to u\u017e d\u00e1vno vie, M1 je z roku 2020 \ud83d\ude42<\/p>\n","protected":false},"excerpt":{"rendered":"<p>Synchroniz\u00e1cia d\u00e1t medzi iMac 2013 a Mac mini M1 na ve\u013ek\u00e9 vzdialenosti. Ak ste webdizajn\u00e9r, grafik alebo tvor\u00edte digit\u00e1lny obsah, viete, \u017ee prenos s\u00faborov medzi viacer\u00fdmi po\u010d\u00edta\u010dmi m\u00f4\u017ee by\u0165 no\u010dnou morou. Najm\u00e4 ak pracujete na iMacu 2013 a pripravujete sa na nov\u00fd Mac mini M1, ktor\u00fd bude sp\u00fa\u0161\u0165a\u0165 Windows 10 cez Parallels Desktop. Tento n\u00e1vod [&hellip;]<\/p>\n","protected":false},"author":1,"featured_media":0,"comment_status":"closed","ping_status":"open","sticky":false,"template":"","format":"standard","meta":{"footnotes":""},"categories":[5],"tags":[],"class_list":["post-30898","post","type-post","status-publish","format-standard","hentry","category-exo-news"],"_links":{"self":[{"href":"https:\/\/extraslovensko.sk\/spravy\/wp-json\/wp\/v2\/posts\/30898","targetHints":{"allow":["GET"]}}],"collection":[{"href":"https:\/\/extraslovensko.sk\/spravy\/wp-json\/wp\/v2\/posts"}],"about":[{"href":"https:\/\/extraslovensko.sk\/spravy\/wp-json\/wp\/v2\/types\/post"}],"author":[{"embeddable":true,"href":"https:\/\/extraslovensko.sk\/spravy\/wp-json\/wp\/v2\/users\/1"}],"replies":[{"embeddable":true,"href":"https:\/\/extraslovensko.sk\/spravy\/wp-json\/wp\/v2\/comments?post=30898"}],"version-history":[{"count":9,"href":"https:\/\/extraslovensko.sk\/spravy\/wp-json\/wp\/v2\/posts\/30898\/revisions"}],"predecessor-version":[{"id":30907,"href":"https:\/\/extraslovensko.sk\/spravy\/wp-json\/wp\/v2\/posts\/30898\/revisions\/30907"}],"wp:attachment":[{"href":"https:\/\/extraslovensko.sk\/spravy\/wp-json\/wp\/v2\/media?parent=30898"}],"wp:term":[{"taxonomy":"category","embeddable":true,"href":"https:\/\/extraslovensko.sk\/spravy\/wp-json\/wp\/v2\/categories?post=30898"},{"taxonomy":"post_tag","embeddable":true,"href":"https:\/\/extraslovensko.sk\/spravy\/wp-json\/wp\/v2\/tags?post=30898"}],"curies":[{"name":"wp","href":"https:\/\/api.w.org\/{rel}","templated":true}]}}