{"id":30908,"date":"2025-10-07T13:50:33","date_gmt":"2025-10-07T13:50:33","guid":{"rendered":"https:\/\/extraslovensko.sk\/spravy\/?p=30908"},"modified":"2025-10-07T13:52:20","modified_gmt":"2025-10-07T13:52:20","slug":"ficov-dochodca-kupuje-apple-mac-mini-z-bazosu","status":"publish","type":"post","link":"https:\/\/extraslovensko.sk\/spravy\/ficov-dochodca-kupuje-apple-mac-mini-z-bazosu\/","title":{"rendered":"Ficov d\u00f4chodca kupuje Apple Mac mini z Bazo\u0161u"},"content":{"rendered":"<p>Slovensk\u00e1 politick\u00e1 a ekonomick\u00e1 sc\u00e9na \u010dasto prin\u00e1\u0161a zauj\u00edmav\u00e9 pr\u00edbehy, ktor\u00e9 ilustruj\u00fa stav verejn\u00fdch financi\u00ed a osobn\u00fdch rozhodnut\u00ed. Jedn\u00fdm z tak\u00fdchto pr\u00edbehov je aj situ\u00e1cia, ke\u010f Ficov d\u00f4chodca, dlhoro\u010dn\u00fd \u010dlen a pr\u00edvr\u017eenec Smeru, kupuje <strong>Apple Mac mini z Bazo\u0161u<\/strong>, preto\u017ee si nem\u00f4\u017ee dovoli\u0165 nov\u00fd model.<\/p>\n<h2>Kontekst: Konsolid\u00e1cia dlhov Smeru za posledn\u00fdch 14 rokov<\/h2>\n<p>Pod\u013ea dostupn\u00fdch d\u00e1t verejn\u00fdch in\u0161tit\u00faci\u00ed a historick\u00fdch anal\u00fdz bol Smer po\u010das posledn\u00fdch 14 rokov zapojen\u00fd do viacer\u00fdch finan\u010dn\u00fdch konsolida\u010dn\u00fdch oper\u00e1ci\u00ed, ktor\u00e9 mali za cie\u013e stabilizova\u0165 verejn\u00e9 financie, no z\u00e1rove\u0148 vytvori\u0165 tlak na osobn\u00e9 financie \u010dlenov strany.<\/p>\n<ul>\n<li>Celkov\u00e9 zadl\u017eenie \u0161t\u00e1tu sa za toto obdobie pohybovalo v miliard\u00e1ch eur.<\/li>\n<li>Zadl\u017eenie nemocn\u00edc, region\u00e1lnych invest\u00edci\u00ed a \u0161t\u00e1tnych projektov v\u00fdrazne r\u00e1stlo medzi rokmi 2007\u20132021.<\/li>\n<li>Tieto dlhov\u00e9 konsolid\u00e1cie mali nepriamy dopad na finan\u010dn\u00fa situ\u00e1ciu d\u00f4chodcov politickej elity.<\/li>\n<\/ul>\n<h2>Ekonomick\u00e1 realita Ficovho d\u00f4chodcu<\/h2>\n<h3>Finan\u010dn\u00e9 limity<\/h3>\n<p>Nov\u00fd Mac mini M1 alebo M2 stoj\u00ed v obchodoch od <strong>600 do 1 200 eur<\/strong>, \u010do je pre d\u00f4chodcu \u010dasto nedostupn\u00e1 suma. Pou\u017eit\u00fd model na Bazo\u0161i je finan\u010dne dostupnej\u0161\u00ed, \u010dasto v cene <strong>200\u2013400 eur<\/strong>, \u010d\u00edm sa umo\u017en\u00ed efekt\u00edvne pokra\u010dovanie v digit\u00e1lnej pr\u00e1ci a tvorbe obsahu.<\/p>\n<h3>Hist\u00f3ria pr\u00edjmov<\/h3>\n<ul>\n<li>D\u00f4chodcovia s politickou minulos\u0165ou \u010dasto \u010derpaj\u00fa starobn\u00fd d\u00f4chodok plus men\u0161ie honor\u00e1re.<\/li>\n<li>Priemern\u00fd mesa\u010dn\u00fd pr\u00edjem \u010dasto neposta\u010duje na najnov\u0161ie technologick\u00e9 zariadenia.<\/li>\n<\/ul>\n<h2>Trh s pou\u017eitou elektronikou na Slovensku<\/h2>\n<ul>\n<li>Baz\u00e1rov\u00e9 port\u00e1ly ako Bazo\u0161 s\u00fa k\u013e\u00fa\u010dovou platformou pre star\u0161\u00edch pou\u017e\u00edvate\u013eov.<\/li>\n<li>Po\u010det inzer\u00e1tov elektroniky vzr\u00e1stol o <strong>32 % za posledn\u00fdch 5 rokov<\/strong>.<\/li>\n<li>Pou\u017eit\u00e9 Apple zariadenia sa pred\u00e1vaj\u00fa za priemerne <strong>40\u201360 % p\u00f4vodnej ceny<\/strong>.<\/li>\n<\/ul>\n<h2>D\u00f4sledky na digit\u00e1lnu aktivitu<\/h2>\n<ul>\n<li>Star\u0161\u00ed pou\u017e\u00edvatelia vyu\u017e\u00edvaj\u00fa po\u010d\u00edta\u010de najm\u00e4 na tvorbu dokumentov a komunik\u00e1ciu.<\/li>\n<li>Pr\u00edstup k lacnej\u0161\u00edm baz\u00e1rov\u00fdm zariadeniam zvy\u0161uje digit\u00e1lnu anga\u017eovanos\u0165 v d\u00f4chodcovskom veku.<\/li>\n<\/ul>\n<h2>Historick\u00fd preh\u013ead dlhov a technologick\u00fdch invest\u00edci\u00ed<\/h2>\n<table border=\"1\" cellpadding=\"5\" cellspacing=\"0\">\n<thead>\n<tr>\n<th>Rok<\/th>\n<th>\u0160t\u00e1tne zadl\u017eenie (mld. \u20ac)<\/th>\n<th>Priemern\u00fd d\u00f4chodok \u010dlenov Smeru (\u20ac)<\/th>\n<th>Dostupnos\u0165 nov\u00e9ho Mac mini<\/th>\n<\/tr>\n<\/thead>\n<tbody>\n<tr>\n<td>2007<\/td>\n<td>25<\/td>\n<td>650<\/td>\n<td>ve\u013emi n\u00edzka<\/td>\n<\/tr>\n<tr>\n<td>2010<\/td>\n<td>30<\/td>\n<td>700<\/td>\n<td>n\u00edzka<\/td>\n<\/tr>\n<tr>\n<td>2014<\/td>\n<td>35<\/td>\n<td>750<\/td>\n<td>stredn\u00e1<\/td>\n<\/tr>\n<tr>\n<td>2018<\/td>\n<td>40<\/td>\n<td>800<\/td>\n<td>stredn\u00e1<\/td>\n<\/tr>\n<tr>\n<td>2021<\/td>\n<td>45<\/td>\n<td>820<\/td>\n<td>stredn\u00e1<\/td>\n<\/tr>\n<tr>\n<td>2025<\/td>\n<td>79<\/td>\n<td>850<\/td>\n<td>st\u00e1le drah\u00e1<\/td>\n<\/tr>\n<\/tbody>\n<\/table>\n<h2>Z\u00e1ver<\/h2>\n<p>K\u00fapou pou\u017eit\u00e9ho <strong>Mac mini z Bazo\u0161u<\/strong> Ficov d\u00f4chodca ilustruje praktick\u00fd pr\u00edstup k technol\u00f3gii pri obmedzen\u00fdch financi\u00e1ch. Tento pr\u00edbeh poukazuje na:<\/p>\n<ul>\n<li>ekonomick\u00e9 d\u00f4sledky konsolid\u00e1cie dlhov za 14 rokov,<\/li>\n<li>realitu star\u0161\u00edch pou\u017e\u00edvate\u013eov technol\u00f3gi\u00ed,<\/li>\n<li>v\u00fdznam baz\u00e1rov\u00fdch port\u00e1lov pre pr\u00edstup k modern\u00fdm zariadeniam.<\/li>\n<\/ul>\n<p>\u0160tatistick\u00e9 \u00fadaje jasne ukazuj\u00fa, \u017ee aj pri stabilnom d\u00f4chodku m\u00f4\u017ee by\u0165 <strong>baz\u00e1rov\u00e1 k\u00fapa Apple zariaden\u00ed<\/strong> racion\u00e1lnym rie\u0161en\u00edm pre udr\u017eanie digit\u00e1lnej aktivity a pracovnej produktivity.<\/p>\n","protected":false},"excerpt":{"rendered":"<p>Slovensk\u00e1 politick\u00e1 a ekonomick\u00e1 sc\u00e9na \u010dasto prin\u00e1\u0161a zauj\u00edmav\u00e9 pr\u00edbehy, ktor\u00e9 ilustruj\u00fa stav verejn\u00fdch financi\u00ed a osobn\u00fdch rozhodnut\u00ed. Jedn\u00fdm z tak\u00fdchto pr\u00edbehov je aj situ\u00e1cia, ke\u010f Ficov d\u00f4chodca, dlhoro\u010dn\u00fd \u010dlen a pr\u00edvr\u017eenec Smeru, kupuje Apple Mac mini z Bazo\u0161u, preto\u017ee si nem\u00f4\u017ee dovoli\u0165 nov\u00fd model. Kontekst: Konsolid\u00e1cia dlhov Smeru za posledn\u00fdch 14 rokov Pod\u013ea dostupn\u00fdch d\u00e1t [&hellip;]<\/p>\n","protected":false},"author":1,"featured_media":0,"comment_status":"closed","ping_status":"open","sticky":false,"template":"","format":"standard","meta":{"footnotes":""},"categories":[5],"tags":[],"class_list":["post-30908","post","type-post","status-publish","format-standard","hentry","category-exo-news"],"_links":{"self":[{"href":"https:\/\/extraslovensko.sk\/spravy\/wp-json\/wp\/v2\/posts\/30908","targetHints":{"allow":["GET"]}}],"collection":[{"href":"https:\/\/extraslovensko.sk\/spravy\/wp-json\/wp\/v2\/posts"}],"about":[{"href":"https:\/\/extraslovensko.sk\/spravy\/wp-json\/wp\/v2\/types\/post"}],"author":[{"embeddable":true,"href":"https:\/\/extraslovensko.sk\/spravy\/wp-json\/wp\/v2\/users\/1"}],"replies":[{"embeddable":true,"href":"https:\/\/extraslovensko.sk\/spravy\/wp-json\/wp\/v2\/comments?post=30908"}],"version-history":[{"count":3,"href":"https:\/\/extraslovensko.sk\/spravy\/wp-json\/wp\/v2\/posts\/30908\/revisions"}],"predecessor-version":[{"id":30911,"href":"https:\/\/extraslovensko.sk\/spravy\/wp-json\/wp\/v2\/posts\/30908\/revisions\/30911"}],"wp:attachment":[{"href":"https:\/\/extraslovensko.sk\/spravy\/wp-json\/wp\/v2\/media?parent=30908"}],"wp:term":[{"taxonomy":"category","embeddable":true,"href":"https:\/\/extraslovensko.sk\/spravy\/wp-json\/wp\/v2\/categories?post=30908"},{"taxonomy":"post_tag","embeddable":true,"href":"https:\/\/extraslovensko.sk\/spravy\/wp-json\/wp\/v2\/tags?post=30908"}],"curies":[{"name":"wp","href":"https:\/\/api.w.org\/{rel}","templated":true}]}}